{"id":126119,"date":"2024-09-07T14:40:25","date_gmt":"2024-09-07T20:40:25","guid":{"rendered":"https:\/\/diariolanoticia.com.mx\/?p=126119"},"modified":"2024-09-07T14:40:25","modified_gmt":"2024-09-07T20:40:25","slug":"tras-17-anos-disputara-seleccion-mexicana-de-futbol-partido-amistoso-en-puebla","status":"publish","type":"post","link":"https:\/\/diariolanoticia.com.mx\/?p=126119","title":{"rendered":"Tras 17 a\u00f1os, disputar\u00e1 Selecci\u00f3n Mexicana de F\u00fatbol partido amistoso en Puebla"},"content":{"rendered":"\n<p>&#8211; El primer equipo jugar\u00e1 contra Valencia C.F. (Espa\u00f1a) el 12 de octubre en el Estadio Cuauht\u00e9moc<\/p>\n\n\n\n<ul class=\"wp-block-list\">\n<li><\/li>\n<\/ul>\n\n\n\n<p>-La preventa de boletos dar\u00e1 inicio del 11 al 16 de septiembre a trav\u00e9s de Banorte<\/p>\n\n\n\n<p>CIUDAD DE PUEBLA, Pue.- Tras 17 a\u00f1os, la Selecci\u00f3n Mexicana de F\u00fatbol regresa al estado de Puebla para jugar un partido amistoso con el equipo Valencia C.F. (Espa\u00f1a), as\u00ed lo dio a conocer el secretario de Gobernaci\u00f3n (SEGOB), Javier Aquino Lim\u00f3n, quien detall\u00f3 que el gobierno presente de Sergio Salom\u00f3n celebrar\u00e1 este encuentro el s\u00e1bado 12 de octubre, en el Estadio Cuauht\u00e9moc.<\/p>\n\n\n\n<p>En rueda de prensa, el titular de la SEGOB, acompa\u00f1ado por el director general del Instituto Poblano del Deporte (INPODE), Luis Mauricio Su\u00e1rez Calero y del responsable del Instituto Municipal del Deporte de Puebla, Guillermo Antonio Iriarte Gonz\u00e1lez, agreg\u00f3 que es grato que vean a la entidad como una alternativa que tiene consideraciones de todo tipo, y que puede albergar eventos deportivos de talla internacional.<\/p>\n\n\n\n<p>Aquino Lim\u00f3n apunt\u00f3 que este hecho es muestra de que cuando existe coordinaci\u00f3n y suma de esfuerzos, se pueden obtener grandes resultados, con la finalidad de que las y los poblanos, as\u00ed como el turismo deportivo, puedan disfrutar de un espect\u00e1culo de calidad.<\/p>\n\n\n\n<p>En su intervenci\u00f3n, el director general del INPODE, Luis Su\u00e1rez Calero destac\u00f3 que, gracias a la visi\u00f3n del gobierno estatal de Sergio Salom\u00f3n, Puebla ser\u00e1 sede del partido internacional, en un horario que se definir\u00e1 en pr\u00f3ximos d\u00edas por parte de la Federaci\u00f3n Mexicana de F\u00fatbol (FMF).<\/p>\n\n\n\n<p>Aunado a ello, Su\u00e1rez Calero precis\u00f3 que la preventa de boletos dar\u00e1 inicio del 11 al 16 de septiembre a trav\u00e9s de Banorte, mientras que la venta de boletos para abonados del Club Puebla ser\u00e1n los d\u00edas 17 y 18 de septiembre en taquilla y puntos oficiales.<\/p>\n","protected":false},"excerpt":{"rendered":"<p>&#8211; El primer equipo jugar\u00e1 contra Valencia C.F. (Espa\u00f1a) el 12 de octubre en el Estadio Cuauht\u00e9moc -La preventa de boletos dar\u00e1 inicio del 11 al 16 de septiembre a trav\u00e9s de Banorte CIUDAD DE PUEBLA, Pue.- Tras 17 a\u00f1os, la Selecci\u00f3n Mexicana de F\u00fatbol regresa al estado de Puebla para jugar un partido amistoso [&hellip;]<\/p>\n","protected":false},"author":1,"featured_media":126121,"comment_status":"closed","ping_status":"open","sticky":false,"template":"","format":"standard","meta":{"footnotes":""},"categories":[20],"tags":[269,52],"class_list":["post-126119","post","type-post","status-publish","format-standard","has-post-thumbnail","hentry","category-norte-de-puebla","tag-deportes","tag-puebla"],"blog_post_layout_featured_media_urls":{"thumbnail":["https:\/\/diariolanoticia.com.mx\/wp-content\/uploads\/2024\/09\/img_4034-1-216x160.jpg",216,160,true],"full":["https:\/\/diariolanoticia.com.mx\/wp-content\/uploads\/2024\/09\/img_4034-1.jpg",1290,824,false]},"categories_names":{"20":{"name":"Norte de Puebla","link":"https:\/\/diariolanoticia.com.mx\/?cat=20"}},"tags_names":{"269":{"name":"deportes","link":"https:\/\/diariolanoticia.com.mx\/?tag=deportes"},"52":{"name":"Puebla","link":"https:\/\/diariolanoticia.com.mx\/?tag=puebla"}},"comments_number":"0","wpmagazine_modules_lite_featured_media_urls":{"thumbnail":["https:\/\/diariolanoticia.com.mx\/wp-content\/uploads\/2024\/09\/img_4034-1-216x160.jpg",216,160,true],"cvmm-medium":["https:\/\/diariolanoticia.com.mx\/wp-content\/uploads\/2024\/09\/img_4034-1-300x300.jpg",300,300,true],"cvmm-medium-plus":["https:\/\/diariolanoticia.com.mx\/wp-content\/uploads\/2024\/09\/img_4034-1-305x207.jpg",305,207,true],"cvmm-portrait":["https:\/\/diariolanoticia.com.mx\/wp-content\/uploads\/2024\/09\/img_4034-1-400x600.jpg",400,600,true],"cvmm-medium-square":["https:\/\/diariolanoticia.com.mx\/wp-content\/uploads\/2024\/09\/img_4034-1-600x600.jpg",600,600,true],"cvmm-large":["https:\/\/diariolanoticia.com.mx\/wp-content\/uploads\/2024\/09\/img_4034-1-1024x824.jpg",1024,824,true],"cvmm-small":["https:\/\/diariolanoticia.com.mx\/wp-content\/uploads\/2024\/09\/img_4034-1-130x95.jpg",130,95,true],"full":["https:\/\/diariolanoticia.com.mx\/wp-content\/uploads\/2024\/09\/img_4034-1.jpg",1290,824,false]},"_links":{"self":[{"href":"https:\/\/diariolanoticia.com.mx\/index.php?rest_route=\/wp\/v2\/posts\/126119","targetHints":{"allow":["GET"]}}],"collection":[{"href":"https:\/\/diariolanoticia.com.mx\/index.php?rest_route=\/wp\/v2\/posts"}],"about":[{"href":"https:\/\/diariolanoticia.com.mx\/index.php?rest_route=\/wp\/v2\/types\/post"}],"author":[{"embeddable":true,"href":"https:\/\/diariolanoticia.com.mx\/index.php?rest_route=\/wp\/v2\/users\/1"}],"replies":[{"embeddable":true,"href":"https:\/\/diariolanoticia.com.mx\/index.php?rest_route=%2Fwp%2Fv2%2Fcomments&post=126119"}],"version-history":[{"count":2,"href":"https:\/\/diariolanoticia.com.mx\/index.php?rest_route=\/wp\/v2\/posts\/126119\/revisions"}],"predecessor-version":[{"id":126122,"href":"https:\/\/diariolanoticia.com.mx\/index.php?rest_route=\/wp\/v2\/posts\/126119\/revisions\/126122"}],"wp:featuredmedia":[{"embeddable":true,"href":"https:\/\/diariolanoticia.com.mx\/index.php?rest_route=\/wp\/v2\/media\/126121"}],"wp:attachment":[{"href":"https:\/\/diariolanoticia.com.mx\/index.php?rest_route=%2Fwp%2Fv2%2Fmedia&parent=126119"}],"wp:term":[{"taxonomy":"category","embeddable":true,"href":"https:\/\/diariolanoticia.com.mx\/index.php?rest_route=%2Fwp%2Fv2%2Fcategories&post=126119"},{"taxonomy":"post_tag","embeddable":true,"href":"https:\/\/diariolanoticia.com.mx\/index.php?rest_route=%2Fwp%2Fv2%2Ftags&post=126119"}],"curies":[{"name":"wp","href":"https:\/\/api.w.org\/{rel}","templated":true}]}}