{"id":126264,"date":"2024-09-10T13:32:12","date_gmt":"2024-09-10T19:32:12","guid":{"rendered":"https:\/\/diariolanoticia.com.mx\/?p=126264"},"modified":"2024-09-12T13:32:30","modified_gmt":"2024-09-12T19:32:30","slug":"comienzan-preparativos-del-festival","status":"publish","type":"post","link":"https:\/\/diariolanoticia.com.mx\/?p=126264","title":{"rendered":"Comienzan preparativos del Festival"},"content":{"rendered":"\n<p><strong>\u00abLa Muerte Tiene Permiso\u00bb in&nbsp;<em>memoriam<\/em>&nbsp;Jos\u00e9 Agust\u00edn<\/strong><\/p>\n\n\n\n<p>\u00d8&nbsp;&nbsp;El foro ofrece un tributo a la muerte y celebra la vida y obra de uno de los m\u00e1s grandes exponentes de la literatura mexicana<\/p>\n\n\n\n<p>La Licenciatura en Lengua y Literatura Hispanoamericana de la Universidad Aut\u00f3noma de Tlaxcala (UATx) anuncia la realizaci\u00f3n de la XXXVI edici\u00f3n del tradicional Festival \u00abLa Muerte Tiene Permiso\u00bb, que este a\u00f1o rendir\u00e1 homenaje al c\u00e9lebre escritor mexicano Jos\u00e9 Agust\u00edn, quien falleci\u00f3 en enero pasado.<\/p>\n\n\n\n<p>Este evento cultural y acad\u00e9mico se llevar\u00e1 a cabo los d\u00edas 28, 29 y 30 de octubre en la Facultad de Filosof\u00eda y Letras de la UATx, y promete ser una celebraci\u00f3n inolvidable que reunir\u00e1 a expertos, artistas y estudiantes en torno a la literatura de la onda y las tradiciones culturales de M\u00e9xico sobre la muerte.<\/p>\n\n\n\n<p>En esta edici\u00f3n especial, in memoriam Jos\u00e9 Agust\u00edn, los asistentes podr\u00e1n disfrutar de una amplia oferta de actividades que abordar\u00e1 la obra del autor y otros temas relacionados con la literatura mexicana. Desde conferencias, conversatorios y presentaciones art\u00edsticas, el festival invita a reflexionar sobre la relevancia del legado en la cultura nacional<\/p>\n\n\n\n<p>Aunque el festival se desarrollar\u00e1 a finales de octubre, los preparativos comenzar\u00e1n a partir del 18 de septiembre con una serie de talleres organizados por el comit\u00e9 del evento. De este modo, estudiantes de la Facultad de Filosof\u00eda y Letras podr\u00e1n inscribirse en talleres de escritura de cuentos y calaveritas, impartidos por reconocidos docentes de la Licenciatura, con el objetivo de fomentar la creatividad y fortalecer las habilidades literarias de los participantes.<\/p>\n\n\n\n<p>EI XXXVI Festival \u00abLa Muerte Tiene Permiso\u00bb se consolida, una vez m\u00e1s, como un espacio de encuentro entre la academia y la cultura, ofreciendo un tributo a la muerte y celebrando la vida y obra de uno de los m\u00e1s grandes exponentes de la literatura mexicana.<\/p>\n\n\n\n<p>Mayor informaci\u00f3n sobre el Festival en Facebook: Festival La Muerte Tiene Permiso; en Instagram: festival_Imtp<\/p>\n","protected":false},"excerpt":{"rendered":"<p>\u00abLa Muerte Tiene Permiso\u00bb in&nbsp;memoriam&nbsp;Jos\u00e9 Agust\u00edn \u00d8&nbsp;&nbsp;El foro ofrece un tributo a la muerte y celebra la vida y obra de uno de los m\u00e1s grandes exponentes de la literatura mexicana La Licenciatura en Lengua y Literatura Hispanoamericana de la Universidad Aut\u00f3noma de Tlaxcala (UATx) anuncia la realizaci\u00f3n de la XXXVI edici\u00f3n del tradicional Festival [&hellip;]<\/p>\n","protected":false},"author":1,"featured_media":126265,"comment_status":"open","ping_status":"open","sticky":false,"template":"","format":"standard","meta":{"footnotes":""},"categories":[10],"tags":[],"class_list":["post-126264","post","type-post","status-publish","format-standard","has-post-thumbnail","hentry","category-educacion"],"blog_post_layout_featured_media_urls":{"thumbnail":["https:\/\/diariolanoticia.com.mx\/wp-content\/uploads\/2024\/09\/10-Comienzan-preparativos-del-Festival-La-Muerte-Tiene-Permiso-in-memoriam-Jose-Agustin-216x160.jpeg",216,160,true],"full":["https:\/\/diariolanoticia.com.mx\/wp-content\/uploads\/2024\/09\/10-Comienzan-preparativos-del-Festival-La-Muerte-Tiene-Permiso-in-memoriam-Jose-Agustin.jpeg",1280,960,false]},"categories_names":{"10":{"name":"Educaci\u00f3n","link":"https:\/\/diariolanoticia.com.mx\/?cat=10"}},"tags_names":[],"comments_number":"0","wpmagazine_modules_lite_featured_media_urls":{"thumbnail":["https:\/\/diariolanoticia.com.mx\/wp-content\/uploads\/2024\/09\/10-Comienzan-preparativos-del-Festival-La-Muerte-Tiene-Permiso-in-memoriam-Jose-Agustin-216x160.jpeg",216,160,true],"cvmm-medium":["https:\/\/diariolanoticia.com.mx\/wp-content\/uploads\/2024\/09\/10-Comienzan-preparativos-del-Festival-La-Muerte-Tiene-Permiso-in-memoriam-Jose-Agustin-300x300.jpeg",300,300,true],"cvmm-medium-plus":["https:\/\/diariolanoticia.com.mx\/wp-content\/uploads\/2024\/09\/10-Comienzan-preparativos-del-Festival-La-Muerte-Tiene-Permiso-in-memoriam-Jose-Agustin-305x207.jpeg",305,207,true],"cvmm-portrait":["https:\/\/diariolanoticia.com.mx\/wp-content\/uploads\/2024\/09\/10-Comienzan-preparativos-del-Festival-La-Muerte-Tiene-Permiso-in-memoriam-Jose-Agustin-400x600.jpeg",400,600,true],"cvmm-medium-square":["https:\/\/diariolanoticia.com.mx\/wp-content\/uploads\/2024\/09\/10-Comienzan-preparativos-del-Festival-La-Muerte-Tiene-Permiso-in-memoriam-Jose-Agustin-600x600.jpeg",600,600,true],"cvmm-large":["https:\/\/diariolanoticia.com.mx\/wp-content\/uploads\/2024\/09\/10-Comienzan-preparativos-del-Festival-La-Muerte-Tiene-Permiso-in-memoriam-Jose-Agustin-1024x960.jpeg",1024,960,true],"cvmm-small":["https:\/\/diariolanoticia.com.mx\/wp-content\/uploads\/2024\/09\/10-Comienzan-preparativos-del-Festival-La-Muerte-Tiene-Permiso-in-memoriam-Jose-Agustin-130x95.jpeg",130,95,true],"full":["https:\/\/diariolanoticia.com.mx\/wp-content\/uploads\/2024\/09\/10-Comienzan-preparativos-del-Festival-La-Muerte-Tiene-Permiso-in-memoriam-Jose-Agustin.jpeg",1280,960,false]},"_links":{"self":[{"href":"https:\/\/diariolanoticia.com.mx\/index.php?rest_route=\/wp\/v2\/posts\/126264","targetHints":{"allow":["GET"]}}],"collection":[{"href":"https:\/\/diariolanoticia.com.mx\/index.php?rest_route=\/wp\/v2\/posts"}],"about":[{"href":"https:\/\/diariolanoticia.com.mx\/index.php?rest_route=\/wp\/v2\/types\/post"}],"author":[{"embeddable":true,"href":"https:\/\/diariolanoticia.com.mx\/index.php?rest_route=\/wp\/v2\/users\/1"}],"replies":[{"embeddable":true,"href":"https:\/\/diariolanoticia.com.mx\/index.php?rest_route=%2Fwp%2Fv2%2Fcomments&post=126264"}],"version-history":[{"count":1,"href":"https:\/\/diariolanoticia.com.mx\/index.php?rest_route=\/wp\/v2\/posts\/126264\/revisions"}],"predecessor-version":[{"id":126266,"href":"https:\/\/diariolanoticia.com.mx\/index.php?rest_route=\/wp\/v2\/posts\/126264\/revisions\/126266"}],"wp:featuredmedia":[{"embeddable":true,"href":"https:\/\/diariolanoticia.com.mx\/index.php?rest_route=\/wp\/v2\/media\/126265"}],"wp:attachment":[{"href":"https:\/\/diariolanoticia.com.mx\/index.php?rest_route=%2Fwp%2Fv2%2Fmedia&parent=126264"}],"wp:term":[{"taxonomy":"category","embeddable":true,"href":"https:\/\/diariolanoticia.com.mx\/index.php?rest_route=%2Fwp%2Fv2%2Fcategories&post=126264"},{"taxonomy":"post_tag","embeddable":true,"href":"https:\/\/diariolanoticia.com.mx\/index.php?rest_route=%2Fwp%2Fv2%2Ftags&post=126264"}],"curies":[{"name":"wp","href":"https:\/\/api.w.org\/{rel}","templated":true}]}}