{"id":126267,"date":"2024-09-10T13:33:40","date_gmt":"2024-09-10T19:33:40","guid":{"rendered":"https:\/\/diariolanoticia.com.mx\/?p=126267"},"modified":"2024-09-12T13:33:54","modified_gmt":"2024-09-12T19:33:54","slug":"impulsaran-centro-de-etica-judicial-y-poder-judicial-acciones-de-capacitacion","status":"publish","type":"post","link":"https:\/\/diariolanoticia.com.mx\/?p=126267","title":{"rendered":"Impulsar\u00e1n Centro de \u00c9tica Judicial y Poder Judicial acciones de capacitaci\u00f3n"},"content":{"rendered":"\n<p><em>Firman convenio de colaboraci\u00f3n que busca la incorporaci\u00f3n efectiva en perspectiva de g\u00e9nero, igualdad sustantiva, inclusi\u00f3n y reconocimiento de grupos vulnerados<\/em><\/p>\n\n\n\n<p>El Poder Judicial de Tlaxcala y el Centro de \u00c9tica Judicial A.C., signaron este d\u00eda un convenio de colaboraci\u00f3n mediante el cual impulsar\u00e1n una capacitaci\u00f3n conjunta que permita al personal jurisdiccional la incorporaci\u00f3n efectiva sobre la perspectiva de g\u00e9nero, igualdad sustantiva, inclusi\u00f3n y reconocimiento de grupos hist\u00f3ricamente vulnerados dentro de la emisi\u00f3n de sus sentencias.<\/p>\n\n\n\n<p>Al respecto, la magistrada presidenta del Tribunal Superior de Justicia y del Consejo de la Judicatura del Estado (TSJE-CJE), Anel Ba\u00f1uelos Meneses, manifest\u00f3 que el Poder Judicial tanto a nivel estatal como nacional, se encuentra en un momento crucial que exige estar preparados, informados, pero sobre todo contar con las herramientas necesarias para garantizar el \u00f3ptimo ejercicio de su labor con profesionalismo, capacitaci\u00f3n, actualizaci\u00f3n y estar atentos a las nuevas tendencias nacionales e internacionales en temas como la incorporaci\u00f3n efectiva de la perspectiva de g\u00e9nero, entre otros.<\/p>\n\n\n\n<p>Aunado a lo anterior, dijo que deben adaptarse a las nuevas tendencias como la implementaci\u00f3n del nuevo C\u00f3digo Nacional de Procedimientos Civiles y Familiares, as\u00ed como la innovaci\u00f3n tecnol\u00f3gica en las labores jurisdiccionales, por lo cual, convenios como el signado, permitir\u00e1n acceder a cursos, talleres y ciclos de conferencias tem\u00e1ticas dirigidas principalmente a magistrados, jueces y dem\u00e1s funcionarios del Poder Judicial.<\/p>\n\n\n\n<p>Al respecto, la representante legal de la asociaci\u00f3n civil \u201cCentro de \u00c9tica Judicial\u201d, Maley Alejandra Infante Moreno, reconoci\u00f3 el inter\u00e9s del TSJE-CJE para firmar este convenio que permitir\u00e1 dar continuidad a las actividades de capacitaci\u00f3n en materia de derechos humanos y \u00e9tica judicial, aspectos que buscan contribuir a un estado de derecho m\u00e1s justo para quienes requieren justicia en el pa\u00eds.<\/p>\n\n\n\n<p>Atestiguaron la firma del convenio la presidenta de la Comisi\u00f3n Estatal de Derechos Humanos (CEDH), Jakqueline Ordo\u00f1ez Brasdefer; la encargada de la Fiscal\u00eda Especializada en la Investigaci\u00f3n y Persecuci\u00f3n de los Delitos en Materia de Trata de Personas, Soledad Reyes Zambrano; la encargada de la Comisi\u00f3n Ejecutiva de Atenci\u00f3n a V\u00edctimas del Estado de Tlaxcala, Carolina V\u00e1zquez Galicia; el encargado de la Comisi\u00f3n Estatal de B\u00fasqueda de Personas, Sergio Hern\u00e1ndez C\u00f3rdova; la jefa de Prevenci\u00f3n del Delito de la Secretar\u00eda de Seguridad Ciudadana, Ingrid Rub\u00ed Morales S\u00e1nchez, magistradas, magistrados, juezas y jueces, consejeras y consejeros de la Judicatura, as\u00ed como personal jurisdiccional y defensores de derechos humanos.<\/p>\n","protected":false},"excerpt":{"rendered":"<p>Firman convenio de colaboraci\u00f3n que busca la incorporaci\u00f3n efectiva en perspectiva de g\u00e9nero, igualdad sustantiva, inclusi\u00f3n y reconocimiento de grupos vulnerados El Poder Judicial de Tlaxcala y el Centro de \u00c9tica Judicial A.C., signaron este d\u00eda un convenio de colaboraci\u00f3n mediante el cual impulsar\u00e1n una capacitaci\u00f3n conjunta que permita al personal jurisdiccional la incorporaci\u00f3n efectiva [&hellip;]<\/p>\n","protected":false},"author":1,"featured_media":126268,"comment_status":"open","ping_status":"open","sticky":false,"template":"","format":"standard","meta":{"footnotes":""},"categories":[21],"tags":[],"class_list":["post-126267","post","type-post","status-publish","format-standard","has-post-thumbnail","hentry","category-estatal"],"blog_post_layout_featured_media_urls":{"thumbnail":["https:\/\/diariolanoticia.com.mx\/wp-content\/uploads\/2024\/09\/DSC3922-216x160.jpg",216,160,true],"full":["https:\/\/diariolanoticia.com.mx\/wp-content\/uploads\/2024\/09\/DSC3922.jpg",2048,1365,false]},"categories_names":{"21":{"name":"Estatal","link":"https:\/\/diariolanoticia.com.mx\/?cat=21"}},"tags_names":[],"comments_number":"0","wpmagazine_modules_lite_featured_media_urls":{"thumbnail":["https:\/\/diariolanoticia.com.mx\/wp-content\/uploads\/2024\/09\/DSC3922-216x160.jpg",216,160,true],"cvmm-medium":["https:\/\/diariolanoticia.com.mx\/wp-content\/uploads\/2024\/09\/DSC3922-300x300.jpg",300,300,true],"cvmm-medium-plus":["https:\/\/diariolanoticia.com.mx\/wp-content\/uploads\/2024\/09\/DSC3922-305x207.jpg",305,207,true],"cvmm-portrait":["https:\/\/diariolanoticia.com.mx\/wp-content\/uploads\/2024\/09\/DSC3922-400x600.jpg",400,600,true],"cvmm-medium-square":["https:\/\/diariolanoticia.com.mx\/wp-content\/uploads\/2024\/09\/DSC3922-600x600.jpg",600,600,true],"cvmm-large":["https:\/\/diariolanoticia.com.mx\/wp-content\/uploads\/2024\/09\/DSC3922-1024x1024.jpg",1024,1024,true],"cvmm-small":["https:\/\/diariolanoticia.com.mx\/wp-content\/uploads\/2024\/09\/DSC3922-130x95.jpg",130,95,true],"full":["https:\/\/diariolanoticia.com.mx\/wp-content\/uploads\/2024\/09\/DSC3922.jpg",2048,1365,false]},"_links":{"self":[{"href":"https:\/\/diariolanoticia.com.mx\/index.php?rest_route=\/wp\/v2\/posts\/126267","targetHints":{"allow":["GET"]}}],"collection":[{"href":"https:\/\/diariolanoticia.com.mx\/index.php?rest_route=\/wp\/v2\/posts"}],"about":[{"href":"https:\/\/diariolanoticia.com.mx\/index.php?rest_route=\/wp\/v2\/types\/post"}],"author":[{"embeddable":true,"href":"https:\/\/diariolanoticia.com.mx\/index.php?rest_route=\/wp\/v2\/users\/1"}],"replies":[{"embeddable":true,"href":"https:\/\/diariolanoticia.com.mx\/index.php?rest_route=%2Fwp%2Fv2%2Fcomments&post=126267"}],"version-history":[{"count":1,"href":"https:\/\/diariolanoticia.com.mx\/index.php?rest_route=\/wp\/v2\/posts\/126267\/revisions"}],"predecessor-version":[{"id":126269,"href":"https:\/\/diariolanoticia.com.mx\/index.php?rest_route=\/wp\/v2\/posts\/126267\/revisions\/126269"}],"wp:featuredmedia":[{"embeddable":true,"href":"https:\/\/diariolanoticia.com.mx\/index.php?rest_route=\/wp\/v2\/media\/126268"}],"wp:attachment":[{"href":"https:\/\/diariolanoticia.com.mx\/index.php?rest_route=%2Fwp%2Fv2%2Fmedia&parent=126267"}],"wp:term":[{"taxonomy":"category","embeddable":true,"href":"https:\/\/diariolanoticia.com.mx\/index.php?rest_route=%2Fwp%2Fv2%2Fcategories&post=126267"},{"taxonomy":"post_tag","embeddable":true,"href":"https:\/\/diariolanoticia.com.mx\/index.php?rest_route=%2Fwp%2Fv2%2Ftags&post=126267"}],"curies":[{"name":"wp","href":"https:\/\/api.w.org\/{rel}","templated":true}]}}