{"id":126381,"date":"2024-09-17T12:58:24","date_gmt":"2024-09-17T18:58:24","guid":{"rendered":"https:\/\/diariolanoticia.com.mx\/?p=126381"},"modified":"2024-09-18T12:58:51","modified_gmt":"2024-09-18T18:58:51","slug":"instala-congreso-del-estado-comision-de-trabajo-competitividad-seguridad-social-y-prevision-social","status":"publish","type":"post","link":"https:\/\/diariolanoticia.com.mx\/?p=126381","title":{"rendered":"Instala Congreso del Estado Comisi\u00f3n de Trabajo, Competitividad, Seguridad Social y Previsi\u00f3n Social"},"content":{"rendered":"\n<p>Este d\u00eda en el Congreso del Estado se llev\u00f3 a cabo la instalaci\u00f3n de la Comisi\u00f3n de Trabajo, Competitividad, Seguridad Social y Previsi\u00f3n Social. Esta Comisi\u00f3n tiene como prop\u00f3sito central analizar y proponer pol\u00edticas p\u00fablicas en materia laboral, as\u00ed como promover medidas de previsi\u00f3n social que contribuyan al bienestar de los trabajadores. Adem\u00e1s, impulsar iniciativas para fortalecer la competitividad social en el \u00e1mbito de su competencia, buscando siempre mejorar las condiciones laborales dentro del marco legal estatal.<\/p>\n\n\n\n<p>La comisi\u00f3n est\u00e1 presidida por la diputada Blanca \u00c1guila Lima, quien trabajar\u00e1 de manera coordinada con las diputadas vocales Anel Mart\u00ednez P\u00e9rez y Madai P\u00e9rez Carrillo.<\/p>\n\n\n\n<p>Durante el acto protocolario, N\u00e9stor Flores Hern\u00e1ndez fue designado como Secretario T\u00e9cnico de la Comisi\u00f3n, comprometi\u00e9ndose a dar seguimiento puntual a las actividades y trabajos que se realicen, en coordinaci\u00f3n con las diversas autoridades y sectores involucrados en las \u00e1reas de trabajo, competitividad y seguridad social.<\/p>\n","protected":false},"excerpt":{"rendered":"<p>Este d\u00eda en el Congreso del Estado se llev\u00f3 a cabo la instalaci\u00f3n de la Comisi\u00f3n de Trabajo, Competitividad, Seguridad Social y Previsi\u00f3n Social. Esta Comisi\u00f3n tiene como prop\u00f3sito central analizar y proponer pol\u00edticas p\u00fablicas en materia laboral, as\u00ed como promover medidas de previsi\u00f3n social que contribuyan al bienestar de los trabajadores. Adem\u00e1s, impulsar iniciativas [&hellip;]<\/p>\n","protected":false},"author":1,"featured_media":126382,"comment_status":"open","ping_status":"open","sticky":false,"template":"","format":"standard","meta":{"footnotes":""},"categories":[22],"tags":[],"class_list":["post-126381","post","type-post","status-publish","format-standard","has-post-thumbnail","hentry","category-congreso"],"blog_post_layout_featured_media_urls":{"thumbnail":["https:\/\/diariolanoticia.com.mx\/wp-content\/uploads\/2024\/09\/2943c959-6bee-4df4-b090-7dccf3b103f8-216x160.jpg",216,160,true],"full":["https:\/\/diariolanoticia.com.mx\/wp-content\/uploads\/2024\/09\/2943c959-6bee-4df4-b090-7dccf3b103f8.jpg",1600,1070,false]},"categories_names":{"22":{"name":"Congreso","link":"https:\/\/diariolanoticia.com.mx\/?cat=22"}},"tags_names":[],"comments_number":"0","wpmagazine_modules_lite_featured_media_urls":{"thumbnail":["https:\/\/diariolanoticia.com.mx\/wp-content\/uploads\/2024\/09\/2943c959-6bee-4df4-b090-7dccf3b103f8-216x160.jpg",216,160,true],"cvmm-medium":["https:\/\/diariolanoticia.com.mx\/wp-content\/uploads\/2024\/09\/2943c959-6bee-4df4-b090-7dccf3b103f8-300x300.jpg",300,300,true],"cvmm-medium-plus":["https:\/\/diariolanoticia.com.mx\/wp-content\/uploads\/2024\/09\/2943c959-6bee-4df4-b090-7dccf3b103f8-305x207.jpg",305,207,true],"cvmm-portrait":["https:\/\/diariolanoticia.com.mx\/wp-content\/uploads\/2024\/09\/2943c959-6bee-4df4-b090-7dccf3b103f8-400x600.jpg",400,600,true],"cvmm-medium-square":["https:\/\/diariolanoticia.com.mx\/wp-content\/uploads\/2024\/09\/2943c959-6bee-4df4-b090-7dccf3b103f8-600x600.jpg",600,600,true],"cvmm-large":["https:\/\/diariolanoticia.com.mx\/wp-content\/uploads\/2024\/09\/2943c959-6bee-4df4-b090-7dccf3b103f8-1024x1024.jpg",1024,1024,true],"cvmm-small":["https:\/\/diariolanoticia.com.mx\/wp-content\/uploads\/2024\/09\/2943c959-6bee-4df4-b090-7dccf3b103f8-130x95.jpg",130,95,true],"full":["https:\/\/diariolanoticia.com.mx\/wp-content\/uploads\/2024\/09\/2943c959-6bee-4df4-b090-7dccf3b103f8.jpg",1600,1070,false]},"_links":{"self":[{"href":"https:\/\/diariolanoticia.com.mx\/index.php?rest_route=\/wp\/v2\/posts\/126381","targetHints":{"allow":["GET"]}}],"collection":[{"href":"https:\/\/diariolanoticia.com.mx\/index.php?rest_route=\/wp\/v2\/posts"}],"about":[{"href":"https:\/\/diariolanoticia.com.mx\/index.php?rest_route=\/wp\/v2\/types\/post"}],"author":[{"embeddable":true,"href":"https:\/\/diariolanoticia.com.mx\/index.php?rest_route=\/wp\/v2\/users\/1"}],"replies":[{"embeddable":true,"href":"https:\/\/diariolanoticia.com.mx\/index.php?rest_route=%2Fwp%2Fv2%2Fcomments&post=126381"}],"version-history":[{"count":1,"href":"https:\/\/diariolanoticia.com.mx\/index.php?rest_route=\/wp\/v2\/posts\/126381\/revisions"}],"predecessor-version":[{"id":126383,"href":"https:\/\/diariolanoticia.com.mx\/index.php?rest_route=\/wp\/v2\/posts\/126381\/revisions\/126383"}],"wp:featuredmedia":[{"embeddable":true,"href":"https:\/\/diariolanoticia.com.mx\/index.php?rest_route=\/wp\/v2\/media\/126382"}],"wp:attachment":[{"href":"https:\/\/diariolanoticia.com.mx\/index.php?rest_route=%2Fwp%2Fv2%2Fmedia&parent=126381"}],"wp:term":[{"taxonomy":"category","embeddable":true,"href":"https:\/\/diariolanoticia.com.mx\/index.php?rest_route=%2Fwp%2Fv2%2Fcategories&post=126381"},{"taxonomy":"post_tag","embeddable":true,"href":"https:\/\/diariolanoticia.com.mx\/index.php?rest_route=%2Fwp%2Fv2%2Ftags&post=126381"}],"curies":[{"name":"wp","href":"https:\/\/api.w.org\/{rel}","templated":true}]}}