{"id":126418,"date":"2024-09-23T23:14:14","date_gmt":"2024-09-24T05:14:14","guid":{"rendered":"https:\/\/diariolanoticia.com.mx\/?p=126418"},"modified":"2024-09-23T23:14:16","modified_gmt":"2024-09-24T05:14:16","slug":"blanca-aguila-buscara-que-la-actual-legislatura-dictamine-homologacion-de-ley-en-materia-de-proteccion-de-datos-personales","status":"publish","type":"post","link":"https:\/\/diariolanoticia.com.mx\/?p=126418","title":{"rendered":"Blanca \u00c1guila buscar\u00e1 que la actual legislatura dictamine homologaci\u00f3n de Ley en materia de Protecci\u00f3n de Datos Personales"},"content":{"rendered":"\n<p>La diputada local independiente Blanca \u00c1guila Lima, insistir\u00e1 durante la presente legislatura en la propuesta de reforma a la Ley de Protecci\u00f3n de Datos Personales en Posesi\u00f3n de Sujetos Obligados del Estado de Tlaxcala, a fin de homologar el ordenamiento local con el general en esta materia.<\/p>\n\n\n\n<p>Al respecto, la legisladora indic\u00f3 que se trata de una reforma que, con la armonizaci\u00f3n, garantizar\u00e1 una mayor coherencia y uniformidad en la protecci\u00f3n de datos personales en Tlaxcala, pero alineada con la normativa aplicable para todo el pa\u00eds.<\/p>\n\n\n\n<p>Record\u00f3 que esta propuesta representa el seguimiento a la carpeta de iniciativas que present\u00f3 como diputada de la anterior legislatura local, pero que busca reactivar durante la LXV legislatura a partir de su relevancia para la protecci\u00f3n de una garant\u00eda fundamental.<\/p>\n\n\n\n<p>\u201cAlinear la legislaci\u00f3n estatal con la ley general permite establecer un enfoque coherente en todo el pa\u00eds, lo que resulta en una mayor uniformidad en la protecci\u00f3n de datos personales en posesi\u00f3n de sujetos obligados\u201d, sostuvo.<\/p>\n\n\n\n<p>Adem\u00e1s, indic\u00f3 que la protecci\u00f3n de datos personales con base en la ley general garantizar\u00e1 la presencia de los principios de transparencia, finalidad, consentimiento y seguridad, lo que se traduce, dijo, en una protecci\u00f3n m\u00e1s completa y efectiva de los datos personales de todas las personas en Tlaxcala.<\/p>\n\n\n\n<p>Blanca \u00c1guila Lima record\u00f3 que la iniciativa prev\u00e9 la reforma al art\u00edculo 4, el p\u00e1rrafo tercero del art\u00edculo 6 y el art\u00edculo 26 de la Ley de Protecci\u00f3n de Datos Personales en Posesi\u00f3n de Sujetos Obligados del Estado de Tlaxcala.<\/p>\n\n\n\n<p>Asimismo, considera adicionar las fracciones I, II y III al art\u00edculo 9; las fracciones I, II y III al art\u00edculo 10. Un \u00faltimo p\u00e1rrafo al art\u00edculo 19, el art\u00edculo 21 Bis, y tres \u00faltimos p\u00e1rrafos al art\u00edculo 47.<\/p>\n\n\n\n<p>Hay que subrayar adem\u00e1s que, una virtual homologaci\u00f3n de la ley local a la general reducir\u00eda riesgos de incurrir en conflictos jur\u00eddicos, contradicciones legales y garantiza una interpretaci\u00f3n uniforme de las normas.<\/p>\n\n\n\n<p>\u201cEsto asegura la protecci\u00f3n de la privacidad de las personas y proporciona la certidumbre necesaria en un entorno digital en constante evoluci\u00f3n; adem\u00e1s fortalecemos el papel del \u00f3rgano garante en Tlaxcala como instancia encargada de preservar y promover este derecho humano\u201d, explic\u00f3.<\/p>\n\n\n\n<p>Cabe se\u00f1alar que la homologaci\u00f3n implica al mismo tiempo la protecci\u00f3n de los datos personales en los ecosistemas digitales, cuyas plataformas cada vez m\u00e1s recaban, almacenan y dan tratamiento a datos personales que, con una mala utilizaci\u00f3n, pudieran derivar en afectaciones de diversos alcances para las personas propietarias de la informaci\u00f3n personal.<\/p>\n","protected":false},"excerpt":{"rendered":"<p>La diputada local independiente Blanca \u00c1guila Lima, insistir\u00e1 durante la presente legislatura en la propuesta de reforma a la Ley de Protecci\u00f3n de Datos Personales en Posesi\u00f3n de Sujetos Obligados del Estado de Tlaxcala, a fin de homologar el ordenamiento local con el general en esta materia. Al respecto, la legisladora indic\u00f3 que se trata [&hellip;]<\/p>\n","protected":false},"author":1,"featured_media":126419,"comment_status":"open","ping_status":"open","sticky":false,"template":"","format":"standard","meta":{"footnotes":""},"categories":[22,21],"tags":[],"class_list":["post-126418","post","type-post","status-publish","format-standard","has-post-thumbnail","hentry","category-congreso","category-estatal"],"blog_post_layout_featured_media_urls":{"thumbnail":["https:\/\/diariolanoticia.com.mx\/wp-content\/uploads\/2024\/09\/boleBAL-216x160.jpeg",216,160,true],"full":["https:\/\/diariolanoticia.com.mx\/wp-content\/uploads\/2024\/09\/boleBAL.jpeg",1280,855,false]},"categories_names":{"22":{"name":"Congreso","link":"https:\/\/diariolanoticia.com.mx\/?cat=22"},"21":{"name":"Estatal","link":"https:\/\/diariolanoticia.com.mx\/?cat=21"}},"tags_names":[],"comments_number":"0","wpmagazine_modules_lite_featured_media_urls":{"thumbnail":["https:\/\/diariolanoticia.com.mx\/wp-content\/uploads\/2024\/09\/boleBAL-216x160.jpeg",216,160,true],"cvmm-medium":["https:\/\/diariolanoticia.com.mx\/wp-content\/uploads\/2024\/09\/boleBAL-300x300.jpeg",300,300,true],"cvmm-medium-plus":["https:\/\/diariolanoticia.com.mx\/wp-content\/uploads\/2024\/09\/boleBAL-305x207.jpeg",305,207,true],"cvmm-portrait":["https:\/\/diariolanoticia.com.mx\/wp-content\/uploads\/2024\/09\/boleBAL-400x600.jpeg",400,600,true],"cvmm-medium-square":["https:\/\/diariolanoticia.com.mx\/wp-content\/uploads\/2024\/09\/boleBAL-600x600.jpeg",600,600,true],"cvmm-large":["https:\/\/diariolanoticia.com.mx\/wp-content\/uploads\/2024\/09\/boleBAL-1024x855.jpeg",1024,855,true],"cvmm-small":["https:\/\/diariolanoticia.com.mx\/wp-content\/uploads\/2024\/09\/boleBAL-130x95.jpeg",130,95,true],"full":["https:\/\/diariolanoticia.com.mx\/wp-content\/uploads\/2024\/09\/boleBAL.jpeg",1280,855,false]},"_links":{"self":[{"href":"https:\/\/diariolanoticia.com.mx\/index.php?rest_route=\/wp\/v2\/posts\/126418","targetHints":{"allow":["GET"]}}],"collection":[{"href":"https:\/\/diariolanoticia.com.mx\/index.php?rest_route=\/wp\/v2\/posts"}],"about":[{"href":"https:\/\/diariolanoticia.com.mx\/index.php?rest_route=\/wp\/v2\/types\/post"}],"author":[{"embeddable":true,"href":"https:\/\/diariolanoticia.com.mx\/index.php?rest_route=\/wp\/v2\/users\/1"}],"replies":[{"embeddable":true,"href":"https:\/\/diariolanoticia.com.mx\/index.php?rest_route=%2Fwp%2Fv2%2Fcomments&post=126418"}],"version-history":[{"count":1,"href":"https:\/\/diariolanoticia.com.mx\/index.php?rest_route=\/wp\/v2\/posts\/126418\/revisions"}],"predecessor-version":[{"id":126420,"href":"https:\/\/diariolanoticia.com.mx\/index.php?rest_route=\/wp\/v2\/posts\/126418\/revisions\/126420"}],"wp:featuredmedia":[{"embeddable":true,"href":"https:\/\/diariolanoticia.com.mx\/index.php?rest_route=\/wp\/v2\/media\/126419"}],"wp:attachment":[{"href":"https:\/\/diariolanoticia.com.mx\/index.php?rest_route=%2Fwp%2Fv2%2Fmedia&parent=126418"}],"wp:term":[{"taxonomy":"category","embeddable":true,"href":"https:\/\/diariolanoticia.com.mx\/index.php?rest_route=%2Fwp%2Fv2%2Fcategories&post=126418"},{"taxonomy":"post_tag","embeddable":true,"href":"https:\/\/diariolanoticia.com.mx\/index.php?rest_route=%2Fwp%2Fv2%2Ftags&post=126418"}],"curies":[{"name":"wp","href":"https:\/\/api.w.org\/{rel}","templated":true}]}}