{"id":126494,"date":"2024-09-19T21:51:22","date_gmt":"2024-09-20T03:51:22","guid":{"rendered":"https:\/\/diariolanoticia.com.mx\/?p=126494"},"modified":"2024-09-24T21:51:49","modified_gmt":"2024-09-25T03:51:49","slug":"se-suma-poder-judicial-a-simulacro-nacional-de-sismo","status":"publish","type":"post","link":"https:\/\/diariolanoticia.com.mx\/?p=126494","title":{"rendered":"Se suma Poder Judicial a simulacro nacional de sismo"},"content":{"rendered":"\n<p><em>Servidoras y servidores p\u00fablicos, as\u00ed como litigantes y justiciables desalojaron las instalaciones de Ciudad Judicial con base a los protocolos establecidos<\/em><\/p>\n\n\n\n<p>El Poder Judicial de Tlaxcala se sum\u00f3 este d\u00eda al Simulacro Nacional de Sismo que se llev\u00f3 a cabo en todo el pa\u00eds y donde las personas servidoras p\u00fablicas, as\u00ed como litigantes y justiciables desalojaron las instalaciones con base al Protocolo de Actuaci\u00f3n en caso de Sismo que fue implementado por la Unidad de Protecci\u00f3n Civil y Primeros Auxilios, as\u00ed como de las brigadas con que se cuenta en cada una de las \u00e1reas jurisdiccionales y administrativas.<\/p>\n\n\n\n<p>Para el simulacro se colocaron conos y trafitambos en los lugares que son Punto de Reuni\u00f3n y donde pasan veh\u00edculos que pudieran afectar la integridad f\u00edsica de las personas.<\/p>\n\n\n\n<p>Durante la evacuaci\u00f3n se cuid\u00f3 que \u00e9sta estuviera a cargo de los brigadistas de todos los niveles del inmueble y de las \u00e1reas de trabajo quienes, por seguridad hicieron uso de las rutas apropiadas tanto para la poblaci\u00f3n fija como la flotante.<\/p>\n\n\n\n<p>De acuerdo con una primera estimaci\u00f3n, el desalojo se logr\u00f3 en un tiempo m\u00e1ximo de cinco minutos y posteriormente los brigadistas comenzaron con revisi\u00f3n de todas las instalaciones para cerciorarse de que nadie se haya quedado atrapado o haya sido objeto de alg\u00fan accidente en alguna oficina.<\/p>\n\n\n\n<p>Aunado a lo anterior, la Unidad de Protecci\u00f3n Civil instal\u00f3 un puesto de mando a cargo de la magistrada presidenta, Anel Ba\u00f1uelos Meneses, donde se recibieron todos los reportes respectivos y una vez que se garantiz\u00f3 que no hubo personas lesionadas ni da\u00f1os estructurales al inmueble, comenz\u00f3 el retorno de las personas servidoras p\u00fablicas a sus \u00e1reas de trabajo, as\u00ed como de las y los litigantes, as\u00ed como de los justiciables para continuar con sus tr\u00e1mites respectivos.<\/p>\n\n\n\n<p>La presidenta del Poder Judicial de Tlaxcala agradeci\u00f3 a todas las personas que se sumaron a este simulacro nacional de sismo que tuvo una hip\u00f3tesis de magnitud 7.5 con epicentro en Acapulco, Guerrero, pues refiri\u00f3 que esto ayuda a fortalecer la cultura de protecci\u00f3n civil y a tomar en cuenta todos los panoramas que pudieran presentar en un caso real para estar debidamente preparados ante cualquier contingencia.<\/p>\n","protected":false},"excerpt":{"rendered":"<p>Servidoras y servidores p\u00fablicos, as\u00ed como litigantes y justiciables desalojaron las instalaciones de Ciudad Judicial con base a los protocolos establecidos El Poder Judicial de Tlaxcala se sum\u00f3 este d\u00eda al Simulacro Nacional de Sismo que se llev\u00f3 a cabo en todo el pa\u00eds y donde las personas servidoras p\u00fablicas, as\u00ed como litigantes y justiciables [&hellip;]<\/p>\n","protected":false},"author":1,"featured_media":126495,"comment_status":"open","ping_status":"open","sticky":false,"template":"","format":"standard","meta":{"footnotes":""},"categories":[21],"tags":[],"class_list":["post-126494","post","type-post","status-publish","format-standard","has-post-thumbnail","hentry","category-estatal"],"blog_post_layout_featured_media_urls":{"thumbnail":["https:\/\/diariolanoticia.com.mx\/wp-content\/uploads\/2024\/09\/DSC6566-216x160.jpg",216,160,true],"full":["https:\/\/diariolanoticia.com.mx\/wp-content\/uploads\/2024\/09\/DSC6566.jpg",2048,1365,false]},"categories_names":{"21":{"name":"Estatal","link":"https:\/\/diariolanoticia.com.mx\/?cat=21"}},"tags_names":[],"comments_number":"0","wpmagazine_modules_lite_featured_media_urls":{"thumbnail":["https:\/\/diariolanoticia.com.mx\/wp-content\/uploads\/2024\/09\/DSC6566-216x160.jpg",216,160,true],"cvmm-medium":["https:\/\/diariolanoticia.com.mx\/wp-content\/uploads\/2024\/09\/DSC6566-300x300.jpg",300,300,true],"cvmm-medium-plus":["https:\/\/diariolanoticia.com.mx\/wp-content\/uploads\/2024\/09\/DSC6566-305x207.jpg",305,207,true],"cvmm-portrait":["https:\/\/diariolanoticia.com.mx\/wp-content\/uploads\/2024\/09\/DSC6566-400x600.jpg",400,600,true],"cvmm-medium-square":["https:\/\/diariolanoticia.com.mx\/wp-content\/uploads\/2024\/09\/DSC6566-600x600.jpg",600,600,true],"cvmm-large":["https:\/\/diariolanoticia.com.mx\/wp-content\/uploads\/2024\/09\/DSC6566-1024x1024.jpg",1024,1024,true],"cvmm-small":["https:\/\/diariolanoticia.com.mx\/wp-content\/uploads\/2024\/09\/DSC6566-130x95.jpg",130,95,true],"full":["https:\/\/diariolanoticia.com.mx\/wp-content\/uploads\/2024\/09\/DSC6566.jpg",2048,1365,false]},"_links":{"self":[{"href":"https:\/\/diariolanoticia.com.mx\/index.php?rest_route=\/wp\/v2\/posts\/126494","targetHints":{"allow":["GET"]}}],"collection":[{"href":"https:\/\/diariolanoticia.com.mx\/index.php?rest_route=\/wp\/v2\/posts"}],"about":[{"href":"https:\/\/diariolanoticia.com.mx\/index.php?rest_route=\/wp\/v2\/types\/post"}],"author":[{"embeddable":true,"href":"https:\/\/diariolanoticia.com.mx\/index.php?rest_route=\/wp\/v2\/users\/1"}],"replies":[{"embeddable":true,"href":"https:\/\/diariolanoticia.com.mx\/index.php?rest_route=%2Fwp%2Fv2%2Fcomments&post=126494"}],"version-history":[{"count":1,"href":"https:\/\/diariolanoticia.com.mx\/index.php?rest_route=\/wp\/v2\/posts\/126494\/revisions"}],"predecessor-version":[{"id":126496,"href":"https:\/\/diariolanoticia.com.mx\/index.php?rest_route=\/wp\/v2\/posts\/126494\/revisions\/126496"}],"wp:featuredmedia":[{"embeddable":true,"href":"https:\/\/diariolanoticia.com.mx\/index.php?rest_route=\/wp\/v2\/media\/126495"}],"wp:attachment":[{"href":"https:\/\/diariolanoticia.com.mx\/index.php?rest_route=%2Fwp%2Fv2%2Fmedia&parent=126494"}],"wp:term":[{"taxonomy":"category","embeddable":true,"href":"https:\/\/diariolanoticia.com.mx\/index.php?rest_route=%2Fwp%2Fv2%2Fcategories&post=126494"},{"taxonomy":"post_tag","embeddable":true,"href":"https:\/\/diariolanoticia.com.mx\/index.php?rest_route=%2Fwp%2Fv2%2Ftags&post=126494"}],"curies":[{"name":"wp","href":"https:\/\/api.w.org\/{rel}","templated":true}]}}