{"id":126744,"date":"2024-10-10T22:14:53","date_gmt":"2024-10-11T04:14:53","guid":{"rendered":"https:\/\/diariolanoticia.com.mx\/?p=126744"},"modified":"2024-10-10T22:14:55","modified_gmt":"2024-10-11T04:14:55","slug":"javier-rivera-bonilla-inaugura-el-carrusel-de-informacion-y-servicios-del-smdif","status":"publish","type":"post","link":"https:\/\/diariolanoticia.com.mx\/?p=126744","title":{"rendered":"JAVIER RIVERA BONILLA INAUGURA EL CARRUSEL DE INFORMACI\u00d3N Y SERVICIOS DEL SMDIF\u00a0"},"content":{"rendered":"\n<p>Este jueves, el <strong>presidente de Apizaco Javier Rivera Bonilla<\/strong> presidi\u00f3 el arranque del programa <strong>\u201cCARRUSEL DE INFORMACI\u00d3N Y SERVICIOS\u201d, del SISTEMA ESTATAL DE DESARROLLO INTEGRAL DE LA FAMILIA (SEDIF),<\/strong> en coordinaci\u00f3n con el personal del <strong>DIF Municipal,<\/strong> el cual tiene como finalidad brindar diversos servicios y beneficios sociales a la poblaci\u00f3n en general, especialmente a personas o grupos en condiciones de vulnerabilidad.<\/p>\n\n\n\n<p>Este programa servir\u00e1 para que los ciudadanos conozcan el prop\u00f3sito y las acciones concretas de las dependencias estatales y federales incluyendo las \u00e1reas operativas del <strong>SISTEMA ESTATAL DE DESARROLLO INTEGRAL DE LA FAMILIA (SEDIF).&nbsp;<\/strong><\/p>\n\n\n\n<p>Al evento asistieron, la Licenciada Mariana Espinosa de los Monteros Cu\u00e9llar, Presidenta Honor\u00edfica del SEDIF; Maestra Flor de Mar\u00eda L\u00f3pez Hinojosa, Directora del SEDIF; Anabel Monter R\u00edos, Presidenta Honor\u00edfica del SMDIF; Licenciada Reyna Geraldine Fern\u00e1ndez Su\u00e1rez, Directora del SMDIF; Maestra Mar\u00eda Norma Sarmiento Bahena, Directora de Atenci\u00f3n de Grupos Prioritarios; Licenciada Anabel S\u00e1nchez Celis, Jefa de Departamento de Atenci\u00f3n de Grupos Prioritarios; y el Licenciado William Neri Casta\u00f1eda, Jefe de Oficina de Asistencia Social, quienes procedieron al corte de list\u00f3n para inaugurar el carrusel que se encuentra instalado en la Calle 2 de abril 201, Colonia Centro en Apizaco, Tlaxcala.<\/p>\n\n\n\n<p>El SMDIF y el H. Ayuntamiento de Apizaco, invitan a la poblaci\u00f3n a que acuda al Carrusel de Atenci\u00f3n y Servicios que se instal\u00f3 en el parque de la ciudad rielera en un horario de 9:30 a 14:00 horas.&nbsp;<\/p>\n","protected":false},"excerpt":{"rendered":"<p>Este jueves, el presidente de Apizaco Javier Rivera Bonilla presidi\u00f3 el arranque del programa \u201cCARRUSEL DE INFORMACI\u00d3N Y SERVICIOS\u201d, del SISTEMA ESTATAL DE DESARROLLO INTEGRAL DE LA FAMILIA (SEDIF), en coordinaci\u00f3n con el personal del DIF Municipal, el cual tiene como finalidad brindar diversos servicios y beneficios sociales a la poblaci\u00f3n en general, especialmente a [&hellip;]<\/p>\n","protected":false},"author":1,"featured_media":126745,"comment_status":"open","ping_status":"open","sticky":false,"template":"","format":"standard","meta":{"footnotes":""},"categories":[3],"tags":[],"class_list":["post-126744","post","type-post","status-publish","format-standard","has-post-thumbnail","hentry","category-apizaco"],"blog_post_layout_featured_media_urls":{"thumbnail":["https:\/\/diariolanoticia.com.mx\/wp-content\/uploads\/2024\/10\/WhatsApp-Image-2024-10-10-at-1.35.19-PM-216x160.jpeg",216,160,true],"full":["https:\/\/diariolanoticia.com.mx\/wp-content\/uploads\/2024\/10\/WhatsApp-Image-2024-10-10-at-1.35.19-PM.jpeg",1600,898,false]},"categories_names":{"3":{"name":"Apizaco","link":"https:\/\/diariolanoticia.com.mx\/?cat=3"}},"tags_names":[],"comments_number":"0","wpmagazine_modules_lite_featured_media_urls":{"thumbnail":["https:\/\/diariolanoticia.com.mx\/wp-content\/uploads\/2024\/10\/WhatsApp-Image-2024-10-10-at-1.35.19-PM-216x160.jpeg",216,160,true],"cvmm-medium":["https:\/\/diariolanoticia.com.mx\/wp-content\/uploads\/2024\/10\/WhatsApp-Image-2024-10-10-at-1.35.19-PM-300x300.jpeg",300,300,true],"cvmm-medium-plus":["https:\/\/diariolanoticia.com.mx\/wp-content\/uploads\/2024\/10\/WhatsApp-Image-2024-10-10-at-1.35.19-PM-305x207.jpeg",305,207,true],"cvmm-portrait":["https:\/\/diariolanoticia.com.mx\/wp-content\/uploads\/2024\/10\/WhatsApp-Image-2024-10-10-at-1.35.19-PM-400x600.jpeg",400,600,true],"cvmm-medium-square":["https:\/\/diariolanoticia.com.mx\/wp-content\/uploads\/2024\/10\/WhatsApp-Image-2024-10-10-at-1.35.19-PM-600x600.jpeg",600,600,true],"cvmm-large":["https:\/\/diariolanoticia.com.mx\/wp-content\/uploads\/2024\/10\/WhatsApp-Image-2024-10-10-at-1.35.19-PM-1024x898.jpeg",1024,898,true],"cvmm-small":["https:\/\/diariolanoticia.com.mx\/wp-content\/uploads\/2024\/10\/WhatsApp-Image-2024-10-10-at-1.35.19-PM-130x95.jpeg",130,95,true],"full":["https:\/\/diariolanoticia.com.mx\/wp-content\/uploads\/2024\/10\/WhatsApp-Image-2024-10-10-at-1.35.19-PM.jpeg",1600,898,false]},"_links":{"self":[{"href":"https:\/\/diariolanoticia.com.mx\/index.php?rest_route=\/wp\/v2\/posts\/126744","targetHints":{"allow":["GET"]}}],"collection":[{"href":"https:\/\/diariolanoticia.com.mx\/index.php?rest_route=\/wp\/v2\/posts"}],"about":[{"href":"https:\/\/diariolanoticia.com.mx\/index.php?rest_route=\/wp\/v2\/types\/post"}],"author":[{"embeddable":true,"href":"https:\/\/diariolanoticia.com.mx\/index.php?rest_route=\/wp\/v2\/users\/1"}],"replies":[{"embeddable":true,"href":"https:\/\/diariolanoticia.com.mx\/index.php?rest_route=%2Fwp%2Fv2%2Fcomments&post=126744"}],"version-history":[{"count":1,"href":"https:\/\/diariolanoticia.com.mx\/index.php?rest_route=\/wp\/v2\/posts\/126744\/revisions"}],"predecessor-version":[{"id":126746,"href":"https:\/\/diariolanoticia.com.mx\/index.php?rest_route=\/wp\/v2\/posts\/126744\/revisions\/126746"}],"wp:featuredmedia":[{"embeddable":true,"href":"https:\/\/diariolanoticia.com.mx\/index.php?rest_route=\/wp\/v2\/media\/126745"}],"wp:attachment":[{"href":"https:\/\/diariolanoticia.com.mx\/index.php?rest_route=%2Fwp%2Fv2%2Fmedia&parent=126744"}],"wp:term":[{"taxonomy":"category","embeddable":true,"href":"https:\/\/diariolanoticia.com.mx\/index.php?rest_route=%2Fwp%2Fv2%2Fcategories&post=126744"},{"taxonomy":"post_tag","embeddable":true,"href":"https:\/\/diariolanoticia.com.mx\/index.php?rest_route=%2Fwp%2Fv2%2Ftags&post=126744"}],"curies":[{"name":"wp","href":"https:\/\/api.w.org\/{rel}","templated":true}]}}