{"id":126854,"date":"2024-10-16T21:47:57","date_gmt":"2024-10-17T03:47:57","guid":{"rendered":"https:\/\/diariolanoticia.com.mx\/?p=126854"},"modified":"2024-10-16T21:47:58","modified_gmt":"2024-10-17T03:47:58","slug":"trasladan-los-poderes-del-estado-a-calpulalpan-en-conmemoracion-del-150-aniversario-de-su-anexion-a-tlaxcala","status":"publish","type":"post","link":"https:\/\/diariolanoticia.com.mx\/?p=126854","title":{"rendered":"Trasladan los Poderes del Estado a Calpulalpan en conmemoraci\u00f3n del 150 Aniversario de su Anexi\u00f3n a Tlaxcala"},"content":{"rendered":"\n<p>Con motivo del 150 aniversario de la anexi\u00f3n de Calpulalpan al Estado de Tlaxcala, los Poderes Ejecutivo, Legislativo y Judicial realizaron el traslado de sus funciones a dicho municipio, el cual fue declarado capital de Tlaxcala por un d\u00eda. Este acto solemne tuvo lugar en una sesi\u00f3n extraordinaria p\u00fablica celebrada en el Sal\u00f3n de Cabildos del H. Ayuntamiento de Calpulalpan, donde se destac\u00f3 la trascendencia hist\u00f3rica y c\u00edvica de este acontecimiento.<\/p>\n\n\n\n<p>Durante el evento protocolario, se cont\u00f3 con la presencia de Rub\u00e9n Ter\u00e1n \u00c1guila, representante de la gobernadora Lorena Cu\u00e9llar Cisneros; la magistrada presidenta del Poder Judicial, Anel Ba\u00f1uelos Meneses; el presidente municipal de Calpulalpan, Jos\u00e9 Manuel Jim\u00e9nez del Razo; y el diputado Miguel \u00c1ngel Caballero Yonca, presidente de la Mesa Directiva del Congreso del Estado.<\/p>\n\n\n\n<p>En su discurso, el presidente municipal de Calpulalpan, Jos\u00e9 Manuel Jim\u00e9nez del Razo, expres\u00f3 que \u00aba 150 a\u00f1os del abrazo entre Tlaxcala y Calpulalpan, estamos aqu\u00ed para honrar la historia que nos define y el alma colectiva que nos une como un solo pueblo\u00bb. Asimismo, se\u00f1al\u00f3 que esta conmemoraci\u00f3n debe ser \u00abun canto al pasado, un homenaje al presente y una promesa de futuro\u00bb.<\/p>\n\n\n\n<p>La magistrada presidenta del Poder Judicial, Anel Ba\u00f1uelos Meneses, destac\u00f3 que la reuni\u00f3n de los tres poderes simboliza el trabajo conjunto en la gesti\u00f3n p\u00fablica, orientado a servir y fomentar el crecimiento integral del Estado.<\/p>\n\n\n\n<p>Por su parte, el presidente de la Mesa Directiva, Miguel \u00c1ngel Caballero Yonca, en representaci\u00f3n de la LXV Legislatura, subray\u00f3 la importancia de la participaci\u00f3n activa de las autoridades y la ciudadan\u00eda, recordando que la uni\u00f3n entre Tlaxcala y Calpulalpan ha sido esencial para superar desaf\u00edos y avanzar hacia el progreso.<\/p>\n\n\n\n<p>Finalmente, el consejero jur\u00eddico del Gobierno del Estado, Rub\u00e9n Ter\u00e1n \u00c1guila, expres\u00f3 el orgullo de Tlaxcala por contar con Calpulalpan entre sus 60 municipios, reconociendo su papel como estandarte de identidad estatal, y su contribuci\u00f3n a proyectar a Tlaxcala tanto a nivel nacional como internacional.<\/p>\n\n\n\n<p>Este acto simb\u00f3lico, tiene como objetivo rendir homenaje a la memoria hist\u00f3rica de Calpulalpan, resaltando su incorporaci\u00f3n a la entidad federativa y reforzando la colaboraci\u00f3n interinstitucional para garantizar el desarrollo regional y el cumplimiento de las responsabilidades constitucionales.<\/p>\n\n\n\n<p>Al evento tambi\u00e9n asistieron las y los diputados de la LXV Legislatura, magistradas y magistrados del Poder Judicial, as\u00ed como representantes de la 23 Zona Militar e integrantes del H. Ayuntamiento de Calpulalpan.<\/p>\n","protected":false},"excerpt":{"rendered":"<p>Con motivo del 150 aniversario de la anexi\u00f3n de Calpulalpan al Estado de Tlaxcala, los Poderes Ejecutivo, Legislativo y Judicial realizaron el traslado de sus funciones a dicho municipio, el cual fue declarado capital de Tlaxcala por un d\u00eda. Este acto solemne tuvo lugar en una sesi\u00f3n extraordinaria p\u00fablica celebrada en el Sal\u00f3n de Cabildos [&hellip;]<\/p>\n","protected":false},"author":1,"featured_media":126855,"comment_status":"open","ping_status":"open","sticky":false,"template":"","format":"standard","meta":{"footnotes":""},"categories":[22],"tags":[],"class_list":["post-126854","post","type-post","status-publish","format-standard","has-post-thumbnail","hentry","category-congreso"],"blog_post_layout_featured_media_urls":{"thumbnail":["https:\/\/diariolanoticia.com.mx\/wp-content\/uploads\/2024\/10\/c5f850cd-dda8-4f56-8610-0c6e6f57df49-216x160.jpg",216,160,true],"full":["https:\/\/diariolanoticia.com.mx\/wp-content\/uploads\/2024\/10\/c5f850cd-dda8-4f56-8610-0c6e6f57df49.jpg",1280,855,false]},"categories_names":{"22":{"name":"Congreso","link":"https:\/\/diariolanoticia.com.mx\/?cat=22"}},"tags_names":[],"comments_number":"0","wpmagazine_modules_lite_featured_media_urls":{"thumbnail":["https:\/\/diariolanoticia.com.mx\/wp-content\/uploads\/2024\/10\/c5f850cd-dda8-4f56-8610-0c6e6f57df49-216x160.jpg",216,160,true],"cvmm-medium":["https:\/\/diariolanoticia.com.mx\/wp-content\/uploads\/2024\/10\/c5f850cd-dda8-4f56-8610-0c6e6f57df49-300x300.jpg",300,300,true],"cvmm-medium-plus":["https:\/\/diariolanoticia.com.mx\/wp-content\/uploads\/2024\/10\/c5f850cd-dda8-4f56-8610-0c6e6f57df49-305x207.jpg",305,207,true],"cvmm-portrait":["https:\/\/diariolanoticia.com.mx\/wp-content\/uploads\/2024\/10\/c5f850cd-dda8-4f56-8610-0c6e6f57df49-400x600.jpg",400,600,true],"cvmm-medium-square":["https:\/\/diariolanoticia.com.mx\/wp-content\/uploads\/2024\/10\/c5f850cd-dda8-4f56-8610-0c6e6f57df49-600x600.jpg",600,600,true],"cvmm-large":["https:\/\/diariolanoticia.com.mx\/wp-content\/uploads\/2024\/10\/c5f850cd-dda8-4f56-8610-0c6e6f57df49-1024x855.jpg",1024,855,true],"cvmm-small":["https:\/\/diariolanoticia.com.mx\/wp-content\/uploads\/2024\/10\/c5f850cd-dda8-4f56-8610-0c6e6f57df49-130x95.jpg",130,95,true],"full":["https:\/\/diariolanoticia.com.mx\/wp-content\/uploads\/2024\/10\/c5f850cd-dda8-4f56-8610-0c6e6f57df49.jpg",1280,855,false]},"_links":{"self":[{"href":"https:\/\/diariolanoticia.com.mx\/index.php?rest_route=\/wp\/v2\/posts\/126854","targetHints":{"allow":["GET"]}}],"collection":[{"href":"https:\/\/diariolanoticia.com.mx\/index.php?rest_route=\/wp\/v2\/posts"}],"about":[{"href":"https:\/\/diariolanoticia.com.mx\/index.php?rest_route=\/wp\/v2\/types\/post"}],"author":[{"embeddable":true,"href":"https:\/\/diariolanoticia.com.mx\/index.php?rest_route=\/wp\/v2\/users\/1"}],"replies":[{"embeddable":true,"href":"https:\/\/diariolanoticia.com.mx\/index.php?rest_route=%2Fwp%2Fv2%2Fcomments&post=126854"}],"version-history":[{"count":1,"href":"https:\/\/diariolanoticia.com.mx\/index.php?rest_route=\/wp\/v2\/posts\/126854\/revisions"}],"predecessor-version":[{"id":126856,"href":"https:\/\/diariolanoticia.com.mx\/index.php?rest_route=\/wp\/v2\/posts\/126854\/revisions\/126856"}],"wp:featuredmedia":[{"embeddable":true,"href":"https:\/\/diariolanoticia.com.mx\/index.php?rest_route=\/wp\/v2\/media\/126855"}],"wp:attachment":[{"href":"https:\/\/diariolanoticia.com.mx\/index.php?rest_route=%2Fwp%2Fv2%2Fmedia&parent=126854"}],"wp:term":[{"taxonomy":"category","embeddable":true,"href":"https:\/\/diariolanoticia.com.mx\/index.php?rest_route=%2Fwp%2Fv2%2Fcategories&post=126854"},{"taxonomy":"post_tag","embeddable":true,"href":"https:\/\/diariolanoticia.com.mx\/index.php?rest_route=%2Fwp%2Fv2%2Ftags&post=126854"}],"curies":[{"name":"wp","href":"https:\/\/api.w.org\/{rel}","templated":true}]}}