{"id":126941,"date":"2024-10-22T21:17:28","date_gmt":"2024-10-23T03:17:28","guid":{"rendered":"https:\/\/diariolanoticia.com.mx\/?p=126941"},"modified":"2024-10-22T21:17:30","modified_gmt":"2024-10-23T03:17:30","slug":"fortalecen-a-ubr-con-equipo-para-ofrecer-mejores-terapias","status":"publish","type":"post","link":"https:\/\/diariolanoticia.com.mx\/?p=126941","title":{"rendered":"FORTALECEN A UBR CON EQUIPO PARA OFRECER MEJORES TERAPIAS"},"content":{"rendered":"\n<p>*El reequipamiento incluy\u00f3 la adquisici\u00f3n de modernos equipos de electroterapia, materiales y ultrasonidos, as\u00ed como electroestimuladores<\/p>\n\n\n\n<p>El gobierno del estado ha realizado una inversi\u00f3n significativa para el reequipamiento de las Unidades B\u00e1sicas de Rehabilitaci\u00f3n (UBR) del Sistema Estatal para el Desarrollo Integral de la Familia (Sedif), con el objetivo de mejorar la calidad de los servicios que se brindan a la poblaci\u00f3n.<\/p>\n\n\n\n<p>A partir de las necesidades que este sector enfrentaba, la administraci\u00f3n estatal a cargo de Lorena Cu\u00e9llar Cisneros reforz\u00f3 las UBRs al dotarlas de nuevos equipos de electroterapia, conformado por ultrasonidos y electroestimuladores, que permitir\u00e1n a los profesionales de la salud brindar tratamientos m\u00e1s efectivos y personalizados a los pacientes.<\/p>\n\n\n\n<p>Estos equipos consisten en la aplicaci\u00f3n de corrientes el\u00e9ctricas para conseguir una respuesta fisiol\u00f3gica que desencadene un efecto terap\u00e9utico. Gracias al efecto de las corrientes el\u00e9ctricas, se produce calor en la zona afectada para conseguir un efecto antiinflamatorio, o bien, para reducir o eliminar el dolor muscular.<\/p>\n\n\n\n<p>Desde el a\u00f1o 2021, el departamento de atenci\u00f3n a personas con discapacidad del Sedif entreg\u00f3 10 equipos de electroterapia a igual n\u00famero de unidades siendo Acuamanala, Atlangatepec, Calpulalpan, Ixtenco, Zacualpan, San Lucas Tecopilco, Ayometla, Tetla, Tlaxco; as\u00ed como en la unidad estatal de San Mat\u00edas Tepetomatitl\u00e1n las beneficiadas.<\/p>\n\n\n\n<p>Para el 2023, se entreg\u00f3 equipamiento y materiales proveniente de DIF Nacional asignados a las Unidades B\u00e1sicas de Atlangatepec, Atltzayanca, Cuapiaxtla, El Carmen Tequexquitla, Espa\u00f1ita, L\u00e1zaro C\u00e1rdenas, Nativitas, Tecopilco, Terrenate y Tlaxco.<\/p>\n\n\n\n<p>Por parte del gobierno estatal, 30 unidades fueron beneficiadas siendo las de Acuamanala, Benito Ju\u00e1rez, Calpulalpan, Chiautempan, Contla de Juan Cuamatzi, Cuaxomulco, Emiliano Zapata, Huamantla, Hueyotlipan, Ixtacuixtla, Tlaltelulco, Mu\u00f1oz de Domingo Arenas y Nanacamilpa.<\/p>\n\n\n\n<p>Asimismo, Panotla, Papalotla, Tetlanohcan, Zacualpan, San Jos\u00e9 Teacalco, Apetatitl\u00e1n, San Pablo Del Monte, Ayometla, Tenancingo, Teolocholco, Tetla, Tetlatlahuca, Xaloztoc, Yauhquemehcan, Zacatelco y Zitlaltepec.<\/p>\n\n\n\n<p>En lo que refiere este 2024, el Sedif dar\u00e1 equipamiento de nueva generaci\u00f3n siendo las unidades beneficiadas Xaltocan, Tocatl\u00e1n, Santa Cruz Quilehtla, Tepeyanco, Texoloc, Tepetitla, Santa Cruz Tlaxcala, Huatzinco, Sanct\u00f3rum y Santa Anita Nopalucan.<\/p>\n\n\n\n<p>Con este reequipamiento, las UBR de Tlaxcala podr\u00e1n ofrecer servicios de rehabilitaci\u00f3n m\u00e1s completos y de alta calidad, lo que contribuir\u00e1 a mejorar la calidad de vida de los tlaxcaltecas que requieren de estos servicios.<\/p>\n\n\n\n<p>De esta manera, es como la administraci\u00f3n estatal encabezada por la gobernadora Lorena Cu\u00e9llar Cisneros da un paso importante hacia la consolidaci\u00f3n de un sistema de salud m\u00e1s robusto y eficiente en Tlaxcala, as\u00ed como un impacto positivo y bienestar a quien m\u00e1s lo necesite.<\/p>\n","protected":false},"excerpt":{"rendered":"<p>*El reequipamiento incluy\u00f3 la adquisici\u00f3n de modernos equipos de electroterapia, materiales y ultrasonidos, as\u00ed como electroestimuladores El gobierno del estado ha realizado una inversi\u00f3n significativa para el reequipamiento de las Unidades B\u00e1sicas de Rehabilitaci\u00f3n (UBR) del Sistema Estatal para el Desarrollo Integral de la Familia (Sedif), con el objetivo de mejorar la calidad de los [&hellip;]<\/p>\n","protected":false},"author":1,"featured_media":126942,"comment_status":"open","ping_status":"open","sticky":false,"template":"","format":"standard","meta":{"footnotes":""},"categories":[21],"tags":[],"class_list":["post-126941","post","type-post","status-publish","format-standard","has-post-thumbnail","hentry","category-estatal"],"blog_post_layout_featured_media_urls":{"thumbnail":["https:\/\/diariolanoticia.com.mx\/wp-content\/uploads\/2024\/10\/WhatsApp-Image-2024-10-22-at-8.23.57-PM-216x160.jpeg",216,160,true],"full":["https:\/\/diariolanoticia.com.mx\/wp-content\/uploads\/2024\/10\/WhatsApp-Image-2024-10-22-at-8.23.57-PM.jpeg",2560,1707,false]},"categories_names":{"21":{"name":"Estatal","link":"https:\/\/diariolanoticia.com.mx\/?cat=21"}},"tags_names":[],"comments_number":"0","wpmagazine_modules_lite_featured_media_urls":{"thumbnail":["https:\/\/diariolanoticia.com.mx\/wp-content\/uploads\/2024\/10\/WhatsApp-Image-2024-10-22-at-8.23.57-PM-216x160.jpeg",216,160,true],"cvmm-medium":["https:\/\/diariolanoticia.com.mx\/wp-content\/uploads\/2024\/10\/WhatsApp-Image-2024-10-22-at-8.23.57-PM-300x300.jpeg",300,300,true],"cvmm-medium-plus":["https:\/\/diariolanoticia.com.mx\/wp-content\/uploads\/2024\/10\/WhatsApp-Image-2024-10-22-at-8.23.57-PM-305x207.jpeg",305,207,true],"cvmm-portrait":["https:\/\/diariolanoticia.com.mx\/wp-content\/uploads\/2024\/10\/WhatsApp-Image-2024-10-22-at-8.23.57-PM-400x600.jpeg",400,600,true],"cvmm-medium-square":["https:\/\/diariolanoticia.com.mx\/wp-content\/uploads\/2024\/10\/WhatsApp-Image-2024-10-22-at-8.23.57-PM-600x600.jpeg",600,600,true],"cvmm-large":["https:\/\/diariolanoticia.com.mx\/wp-content\/uploads\/2024\/10\/WhatsApp-Image-2024-10-22-at-8.23.57-PM-1024x1024.jpeg",1024,1024,true],"cvmm-small":["https:\/\/diariolanoticia.com.mx\/wp-content\/uploads\/2024\/10\/WhatsApp-Image-2024-10-22-at-8.23.57-PM-130x95.jpeg",130,95,true],"full":["https:\/\/diariolanoticia.com.mx\/wp-content\/uploads\/2024\/10\/WhatsApp-Image-2024-10-22-at-8.23.57-PM.jpeg",2560,1707,false]},"_links":{"self":[{"href":"https:\/\/diariolanoticia.com.mx\/index.php?rest_route=\/wp\/v2\/posts\/126941","targetHints":{"allow":["GET"]}}],"collection":[{"href":"https:\/\/diariolanoticia.com.mx\/index.php?rest_route=\/wp\/v2\/posts"}],"about":[{"href":"https:\/\/diariolanoticia.com.mx\/index.php?rest_route=\/wp\/v2\/types\/post"}],"author":[{"embeddable":true,"href":"https:\/\/diariolanoticia.com.mx\/index.php?rest_route=\/wp\/v2\/users\/1"}],"replies":[{"embeddable":true,"href":"https:\/\/diariolanoticia.com.mx\/index.php?rest_route=%2Fwp%2Fv2%2Fcomments&post=126941"}],"version-history":[{"count":1,"href":"https:\/\/diariolanoticia.com.mx\/index.php?rest_route=\/wp\/v2\/posts\/126941\/revisions"}],"predecessor-version":[{"id":126943,"href":"https:\/\/diariolanoticia.com.mx\/index.php?rest_route=\/wp\/v2\/posts\/126941\/revisions\/126943"}],"wp:featuredmedia":[{"embeddable":true,"href":"https:\/\/diariolanoticia.com.mx\/index.php?rest_route=\/wp\/v2\/media\/126942"}],"wp:attachment":[{"href":"https:\/\/diariolanoticia.com.mx\/index.php?rest_route=%2Fwp%2Fv2%2Fmedia&parent=126941"}],"wp:term":[{"taxonomy":"category","embeddable":true,"href":"https:\/\/diariolanoticia.com.mx\/index.php?rest_route=%2Fwp%2Fv2%2Fcategories&post=126941"},{"taxonomy":"post_tag","embeddable":true,"href":"https:\/\/diariolanoticia.com.mx\/index.php?rest_route=%2Fwp%2Fv2%2Ftags&post=126941"}],"curies":[{"name":"wp","href":"https:\/\/api.w.org\/{rel}","templated":true}]}}