{"id":127011,"date":"2024-10-24T22:49:10","date_gmt":"2024-10-25T04:49:10","guid":{"rendered":"https:\/\/diariolanoticia.com.mx\/?p=127011"},"modified":"2024-10-28T22:49:29","modified_gmt":"2024-10-29T04:49:29","slug":"presenta-diputado-miguel-angel-caballero-yonca-iniciativa-para-expedir-ley-del-servicio-profesional-de-carrera-policial-en-tlaxcala","status":"publish","type":"post","link":"https:\/\/diariolanoticia.com.mx\/?p=127011","title":{"rendered":"Presenta diputado Miguel \u00c1ngel Caballero Yonca Iniciativa para expedir Ley del Servicio Profesional de Carrera Policial en Tlaxcala"},"content":{"rendered":"\n<p>En la d\u00e9cimo quinta sesi\u00f3n ordinaria de la LXV Legislatura, el diputado Miguel \u00c1ngel Caballero Yonca present\u00f3 una Iniciativa con Proyecto de Decreto para expedir la Ley del Servicio Profesional de Carrera Policial del Estado y Municipios de Tlaxcala. Esta legislaci\u00f3n busca establecer un marco jur\u00eddico que garantice la profesionalizaci\u00f3n y dignificaci\u00f3n del servicio policial.<\/p>\n\n\n\n<p>Durante la exposici\u00f3n de motivos, el diputado subray\u00f3 que la creaci\u00f3n de esta Ley es indispensable para asegurar la continuidad de las pol\u00edticas p\u00fablicas de seguridad y protecci\u00f3n ciudadana. En sus palabras, \u00abla ley proporcionar\u00e1 certidumbre y fortalecer\u00e1 los derechos de los servidores p\u00fablicos, elevando su labor al nivel de las exigencias democr\u00e1ticas de nuestro estado.\u00bb<\/p>\n\n\n\n<p>La Iniciativa establece un sistema obligatorio y permanente de ingreso, formaci\u00f3n, evaluaci\u00f3n y promoci\u00f3n del personal policial, basado en el m\u00e9rito y la capacidad, con el objetivo de profesionalizar el servicio y asegurar la eficiencia en la funci\u00f3n p\u00fablica policial. Este sistema normativo abarca los procesos de reclutamiento, certificaci\u00f3n, evaluaci\u00f3n peri\u00f3dica, as\u00ed como la baja o separaci\u00f3n del servicio.<\/p>\n\n\n\n<p>La iniciativa, que consta de 5 T\u00edtulos y 79 art\u00edculos, fue turnada a las comisiones de Puntos Constitucionales, Gobernaci\u00f3n, Justicia y Asuntos Municipales, y a la de Protecci\u00f3n Civil, Seguridad P\u00fablica, Prevenci\u00f3n y Reinserci\u00f3n Social para su estudio, an\u00e1lisis y dictamen.<\/p>\n","protected":false},"excerpt":{"rendered":"<p>En la d\u00e9cimo quinta sesi\u00f3n ordinaria de la LXV Legislatura, el diputado Miguel \u00c1ngel Caballero Yonca present\u00f3 una Iniciativa con Proyecto de Decreto para expedir la Ley del Servicio Profesional de Carrera Policial del Estado y Municipios de Tlaxcala. Esta legislaci\u00f3n busca establecer un marco jur\u00eddico que garantice la profesionalizaci\u00f3n y dignificaci\u00f3n del servicio policial. [&hellip;]<\/p>\n","protected":false},"author":1,"featured_media":127012,"comment_status":"open","ping_status":"open","sticky":false,"template":"","format":"standard","meta":{"footnotes":""},"categories":[22],"tags":[],"class_list":["post-127011","post","type-post","status-publish","format-standard","has-post-thumbnail","hentry","category-congreso"],"blog_post_layout_featured_media_urls":{"thumbnail":["https:\/\/diariolanoticia.com.mx\/wp-content\/uploads\/2024\/10\/69d63cbd-ccfe-4b7a-8234-f4493c4cc00b-216x160.jpg",216,160,true],"full":["https:\/\/diariolanoticia.com.mx\/wp-content\/uploads\/2024\/10\/69d63cbd-ccfe-4b7a-8234-f4493c4cc00b.jpg",1280,855,false]},"categories_names":{"22":{"name":"Congreso","link":"https:\/\/diariolanoticia.com.mx\/?cat=22"}},"tags_names":[],"comments_number":"0","wpmagazine_modules_lite_featured_media_urls":{"thumbnail":["https:\/\/diariolanoticia.com.mx\/wp-content\/uploads\/2024\/10\/69d63cbd-ccfe-4b7a-8234-f4493c4cc00b-216x160.jpg",216,160,true],"cvmm-medium":["https:\/\/diariolanoticia.com.mx\/wp-content\/uploads\/2024\/10\/69d63cbd-ccfe-4b7a-8234-f4493c4cc00b-300x300.jpg",300,300,true],"cvmm-medium-plus":["https:\/\/diariolanoticia.com.mx\/wp-content\/uploads\/2024\/10\/69d63cbd-ccfe-4b7a-8234-f4493c4cc00b-305x207.jpg",305,207,true],"cvmm-portrait":["https:\/\/diariolanoticia.com.mx\/wp-content\/uploads\/2024\/10\/69d63cbd-ccfe-4b7a-8234-f4493c4cc00b-400x600.jpg",400,600,true],"cvmm-medium-square":["https:\/\/diariolanoticia.com.mx\/wp-content\/uploads\/2024\/10\/69d63cbd-ccfe-4b7a-8234-f4493c4cc00b-600x600.jpg",600,600,true],"cvmm-large":["https:\/\/diariolanoticia.com.mx\/wp-content\/uploads\/2024\/10\/69d63cbd-ccfe-4b7a-8234-f4493c4cc00b-1024x855.jpg",1024,855,true],"cvmm-small":["https:\/\/diariolanoticia.com.mx\/wp-content\/uploads\/2024\/10\/69d63cbd-ccfe-4b7a-8234-f4493c4cc00b-130x95.jpg",130,95,true],"full":["https:\/\/diariolanoticia.com.mx\/wp-content\/uploads\/2024\/10\/69d63cbd-ccfe-4b7a-8234-f4493c4cc00b.jpg",1280,855,false]},"_links":{"self":[{"href":"https:\/\/diariolanoticia.com.mx\/index.php?rest_route=\/wp\/v2\/posts\/127011","targetHints":{"allow":["GET"]}}],"collection":[{"href":"https:\/\/diariolanoticia.com.mx\/index.php?rest_route=\/wp\/v2\/posts"}],"about":[{"href":"https:\/\/diariolanoticia.com.mx\/index.php?rest_route=\/wp\/v2\/types\/post"}],"author":[{"embeddable":true,"href":"https:\/\/diariolanoticia.com.mx\/index.php?rest_route=\/wp\/v2\/users\/1"}],"replies":[{"embeddable":true,"href":"https:\/\/diariolanoticia.com.mx\/index.php?rest_route=%2Fwp%2Fv2%2Fcomments&post=127011"}],"version-history":[{"count":1,"href":"https:\/\/diariolanoticia.com.mx\/index.php?rest_route=\/wp\/v2\/posts\/127011\/revisions"}],"predecessor-version":[{"id":127013,"href":"https:\/\/diariolanoticia.com.mx\/index.php?rest_route=\/wp\/v2\/posts\/127011\/revisions\/127013"}],"wp:featuredmedia":[{"embeddable":true,"href":"https:\/\/diariolanoticia.com.mx\/index.php?rest_route=\/wp\/v2\/media\/127012"}],"wp:attachment":[{"href":"https:\/\/diariolanoticia.com.mx\/index.php?rest_route=%2Fwp%2Fv2%2Fmedia&parent=127011"}],"wp:term":[{"taxonomy":"category","embeddable":true,"href":"https:\/\/diariolanoticia.com.mx\/index.php?rest_route=%2Fwp%2Fv2%2Fcategories&post=127011"},{"taxonomy":"post_tag","embeddable":true,"href":"https:\/\/diariolanoticia.com.mx\/index.php?rest_route=%2Fwp%2Fv2%2Ftags&post=127011"}],"curies":[{"name":"wp","href":"https:\/\/api.w.org\/{rel}","templated":true}]}}