{"id":127308,"date":"2024-11-08T17:35:47","date_gmt":"2024-11-08T23:35:47","guid":{"rendered":"https:\/\/diariolanoticia.com.mx\/?p=127308"},"modified":"2024-11-08T17:35:48","modified_gmt":"2024-11-08T23:35:48","slug":"acerca-ayuntamiento-de-tlaxcala-de-xicohtencatl-capacitacion-a-grupos-vulnerables-a-traves-de-icatlax","status":"publish","type":"post","link":"https:\/\/diariolanoticia.com.mx\/?p=127308","title":{"rendered":"Acerca Ayuntamiento de Tlaxcala de Xicoht\u00e9ncatl capacitaci\u00f3n a grupos vulnerables a trav\u00e9s de ICATLAX"},"content":{"rendered":"\n<p>\u2022El gobierno municipal aprob\u00f3 la firma de un convenio de colaboraci\u00f3n con el ICATLAX para llevar capacitaci\u00f3n gratuita a grupos vulnerables de las comunidades y delegaciones del municipio<\/p>\n\n\n\n<p>Durante la Tercera Sesi\u00f3n Ordinaria del Cabildo, encabezada por el presidente municipal, Alfonso S\u00e1nchez Garc\u00eda, se formaliz\u00f3 un convenio de colaboraci\u00f3n con el Instituto de Capacitaci\u00f3n para el Trabajo del Estado de Tlaxcala (ICATLAX).<\/p>\n\n\n\n<p>Este acuerdo permitir\u00e1 acercar capacitaciones a grupos vulnerables en diversas localidades del municipio, con el objetivo de fomentar la inclusi\u00f3n laboral y el bienestar econ\u00f3mico de estos sectores de la poblaci\u00f3n.<\/p>\n\n\n\n<p>El presidente municipal, destac\u00f3 la importancia de esta alianza para mejorar las condiciones de vida de las personas m\u00e1s necesitadas, reafirmando la disposici\u00f3n del Ayuntamiento para acercar estos beneficios a la ciudadan\u00eda de Tlaxcala.<\/p>\n\n\n\n<p>Por su parte, Juan Javier Potrero Tizamitl, Director General del ICATLAX, subray\u00f3 el valor de esta colaboraci\u00f3n, al ser la primera vez que el municipio capitalino establece un convenio de este tipo con el instituto y que apoye a todos los sectores de la sociedad.<\/p>\n\n\n\n<p>\u00abEs un gran paso para promover el desarrollo econ\u00f3mico a trav\u00e9s del emprendimiento y la capacitaci\u00f3n gratuita, beneficiando a adultos mayores, personas con discapacidad y mujeres que han pasado por situaciones de violencia\u00bb, coment\u00f3 Potrero Tizamitl.<\/p>\n\n\n\n<p>Adem\u00e1s, asegur\u00f3 que ICATLAX pondr\u00e1 a disposici\u00f3n de todos los sectores su oferta acad\u00e9mica para consolidar una pol\u00edtica econ\u00f3mica inclusiva.<\/p>\n\n\n\n<p>Este convenio contempla la exenci\u00f3n total de costos de los cursos de capacitaci\u00f3n, los cuales estar\u00e1n disponibles en comunidades y delegaciones del municipio. La formaci\u00f3n se orientar\u00e1 a dotar a los participantes de habilidades pr\u00e1cticas y conocimientos que faciliten su integraci\u00f3n en el mercado laboral o su autonom\u00eda econ\u00f3mica.<\/p>\n\n\n\n<p>El Gobierno Municipal de Tlaxcala de Xicoht\u00e9ncatl e ICATLAX reiteraron su compromiso de trabajar en conjunto para que los grupos vulnerables del municipio reciban las herramientas necesarias para mejorar su calidad de vida.<\/p>\n","protected":false},"excerpt":{"rendered":"<p>\u2022El gobierno municipal aprob\u00f3 la firma de un convenio de colaboraci\u00f3n con el ICATLAX para llevar capacitaci\u00f3n gratuita a grupos vulnerables de las comunidades y delegaciones del municipio Durante la Tercera Sesi\u00f3n Ordinaria del Cabildo, encabezada por el presidente municipal, Alfonso S\u00e1nchez Garc\u00eda, se formaliz\u00f3 un convenio de colaboraci\u00f3n con el Instituto de Capacitaci\u00f3n para [&hellip;]<\/p>\n","protected":false},"author":1,"featured_media":127309,"comment_status":"open","ping_status":"open","sticky":false,"template":"","format":"standard","meta":{"footnotes":""},"categories":[17],"tags":[],"class_list":["post-127308","post","type-post","status-publish","format-standard","has-post-thumbnail","hentry","category-tlaxcala"],"blog_post_layout_featured_media_urls":{"thumbnail":["https:\/\/diariolanoticia.com.mx\/wp-content\/uploads\/2024\/11\/7a6876bd-dd35-465a-9eff-ec8088dc85f9-216x160.jpeg",216,160,true],"full":["https:\/\/diariolanoticia.com.mx\/wp-content\/uploads\/2024\/11\/7a6876bd-dd35-465a-9eff-ec8088dc85f9.jpeg",1600,1125,false]},"categories_names":{"17":{"name":"Tlaxcala","link":"https:\/\/diariolanoticia.com.mx\/?cat=17"}},"tags_names":[],"comments_number":"0","wpmagazine_modules_lite_featured_media_urls":{"thumbnail":["https:\/\/diariolanoticia.com.mx\/wp-content\/uploads\/2024\/11\/7a6876bd-dd35-465a-9eff-ec8088dc85f9-216x160.jpeg",216,160,true],"cvmm-medium":["https:\/\/diariolanoticia.com.mx\/wp-content\/uploads\/2024\/11\/7a6876bd-dd35-465a-9eff-ec8088dc85f9-300x300.jpeg",300,300,true],"cvmm-medium-plus":["https:\/\/diariolanoticia.com.mx\/wp-content\/uploads\/2024\/11\/7a6876bd-dd35-465a-9eff-ec8088dc85f9-305x207.jpeg",305,207,true],"cvmm-portrait":["https:\/\/diariolanoticia.com.mx\/wp-content\/uploads\/2024\/11\/7a6876bd-dd35-465a-9eff-ec8088dc85f9-400x600.jpeg",400,600,true],"cvmm-medium-square":["https:\/\/diariolanoticia.com.mx\/wp-content\/uploads\/2024\/11\/7a6876bd-dd35-465a-9eff-ec8088dc85f9-600x600.jpeg",600,600,true],"cvmm-large":["https:\/\/diariolanoticia.com.mx\/wp-content\/uploads\/2024\/11\/7a6876bd-dd35-465a-9eff-ec8088dc85f9-1024x1024.jpeg",1024,1024,true],"cvmm-small":["https:\/\/diariolanoticia.com.mx\/wp-content\/uploads\/2024\/11\/7a6876bd-dd35-465a-9eff-ec8088dc85f9-130x95.jpeg",130,95,true],"full":["https:\/\/diariolanoticia.com.mx\/wp-content\/uploads\/2024\/11\/7a6876bd-dd35-465a-9eff-ec8088dc85f9.jpeg",1600,1125,false]},"_links":{"self":[{"href":"https:\/\/diariolanoticia.com.mx\/index.php?rest_route=\/wp\/v2\/posts\/127308","targetHints":{"allow":["GET"]}}],"collection":[{"href":"https:\/\/diariolanoticia.com.mx\/index.php?rest_route=\/wp\/v2\/posts"}],"about":[{"href":"https:\/\/diariolanoticia.com.mx\/index.php?rest_route=\/wp\/v2\/types\/post"}],"author":[{"embeddable":true,"href":"https:\/\/diariolanoticia.com.mx\/index.php?rest_route=\/wp\/v2\/users\/1"}],"replies":[{"embeddable":true,"href":"https:\/\/diariolanoticia.com.mx\/index.php?rest_route=%2Fwp%2Fv2%2Fcomments&post=127308"}],"version-history":[{"count":1,"href":"https:\/\/diariolanoticia.com.mx\/index.php?rest_route=\/wp\/v2\/posts\/127308\/revisions"}],"predecessor-version":[{"id":127310,"href":"https:\/\/diariolanoticia.com.mx\/index.php?rest_route=\/wp\/v2\/posts\/127308\/revisions\/127310"}],"wp:featuredmedia":[{"embeddable":true,"href":"https:\/\/diariolanoticia.com.mx\/index.php?rest_route=\/wp\/v2\/media\/127309"}],"wp:attachment":[{"href":"https:\/\/diariolanoticia.com.mx\/index.php?rest_route=%2Fwp%2Fv2%2Fmedia&parent=127308"}],"wp:term":[{"taxonomy":"category","embeddable":true,"href":"https:\/\/diariolanoticia.com.mx\/index.php?rest_route=%2Fwp%2Fv2%2Fcategories&post=127308"},{"taxonomy":"post_tag","embeddable":true,"href":"https:\/\/diariolanoticia.com.mx\/index.php?rest_route=%2Fwp%2Fv2%2Ftags&post=127308"}],"curies":[{"name":"wp","href":"https:\/\/api.w.org\/{rel}","templated":true}]}}