{"id":127348,"date":"2024-11-12T11:05:27","date_gmt":"2024-11-12T17:05:27","guid":{"rendered":"https:\/\/diariolanoticia.com.mx\/?p=127348"},"modified":"2024-11-14T11:09:05","modified_gmt":"2024-11-14T17:09:05","slug":"127348","status":"publish","type":"post","link":"https:\/\/diariolanoticia.com.mx\/?p=127348","title":{"rendered":"\u00a1Reciclemos juntos en Xaltocan!"},"content":{"rendered":"\n<p>La UBBJG, en coordinaci\u00f3n con Ecolog\u00eda y Servicios Municipales del H. Ayuntamiento de Xaltocan, te invita a la Jornada de Reciclaje Electr\u00f3nico <img loading=\"lazy\" decoding=\"async\" height=\"16\" width=\"16\" alt=\"\ud83d\udda5\ufe0f\" src=\"https:\/\/static.xx.fbcdn.net\/images\/emoji.php\/v9\/t81\/1\/16\/1f5a5.png\"><img loading=\"lazy\" decoding=\"async\" height=\"16\" width=\"16\" alt=\"\ud83d\udcf1\" src=\"https:\/\/static.xx.fbcdn.net\/images\/emoji.php\/v9\/t57\/1\/16\/1f4f1.png\"><img loading=\"lazy\" decoding=\"async\" height=\"16\" width=\"16\" alt=\"\ud83d\udda8\ufe0f\" src=\"https:\/\/static.xx.fbcdn.net\/images\/emoji.php\/v9\/t4\/1\/16\/1f5a8.png\">. Trae tus aparatos electr\u00f3nicos en desuso y contribuye a un Xaltocan m\u00e1s limpio y sostenible <img loading=\"lazy\" decoding=\"async\" height=\"16\" width=\"16\" alt=\"\ud83c\udf31\" src=\"https:\/\/static.xx.fbcdn.net\/images\/emoji.php\/v9\/t69\/1\/16\/1f331.png\"><img loading=\"lazy\" decoding=\"async\" height=\"16\" width=\"16\" alt=\"\ud83c\udf0e\" src=\"https:\/\/static.xx.fbcdn.net\/images\/emoji.php\/v9\/tc0\/1\/16\/1f30e.png\">.<\/p>\n\n\n\n<p><img loading=\"lazy\" decoding=\"async\" height=\"16\" width=\"16\" alt=\"\ud83d\uddd3\ufe0f\" src=\"https:\/\/static.xx.fbcdn.net\/images\/emoji.php\/v9\/t5c\/1\/16\/1f5d3.png\"> Fechas: 14 y 15 de noviembre<\/p>\n\n\n\n<p><img loading=\"lazy\" decoding=\"async\" height=\"16\" width=\"16\" alt=\"\ud83d\udd59\" src=\"https:\/\/static.xx.fbcdn.net\/images\/emoji.php\/v9\/t31\/1\/16\/1f559.png\"><a><\/a>Horario: 10:00 a.m. a 4:30 p.m.<\/p>\n\n\n\n<p><img loading=\"lazy\" decoding=\"async\" height=\"16\" width=\"16\" alt=\"\ud83d\udccd\" src=\"https:\/\/static.xx.fbcdn.net\/images\/emoji.php\/v9\/t2d\/1\/16\/1f4cd.png\">Lugar: Techumbre frente a Presidencia municipal.<\/p>\n\n\n\n<p>\u00a1Juntos podemos hacer la diferencia! <img loading=\"lazy\" decoding=\"async\" height=\"16\" width=\"16\" alt=\"\ud83d\udc9a\" src=\"https:\/\/static.xx.fbcdn.net\/images\/emoji.php\/v9\/t94\/1\/16\/1f49a.png\"><\/p>\n\n\n\n<p><a href=\"https:\/\/www.facebook.com\/hashtag\/reciclajeelectr%C3%B3nico?__eep__=6&amp;__cft__[0]=AZUEXOb7rvrG7b61kfK6C4COQ7a_AAWqkAFfqxu7qt4sDkeVYfm-p__igKC5BDvpeDamd7QG0Bzef4kbSWM7XcJ5sNkGUU_0HpL3MmSyqXydlO_AoqLTBIe4i4oGwfC-1At5OJG3yL1-Cu9S6g1nsTv1qe9qKbfu1qpqB5LokgJRgwQNoqw6S8NdM7ez7bkApLU&amp;__tn__=*NK-R\">#ReciclajeElectr\u00f3nico<\/a><a href=\"https:\/\/www.facebook.com\/hashtag\/ubbjg?__eep__=6&amp;__cft__[0]=AZUEXOb7rvrG7b61kfK6C4COQ7a_AAWqkAFfqxu7qt4sDkeVYfm-p__igKC5BDvpeDamd7QG0Bzef4kbSWM7XcJ5sNkGUU_0HpL3MmSyqXydlO_AoqLTBIe4i4oGwfC-1At5OJG3yL1-Cu9S6g1nsTv1qe9qKbfu1qpqB5LokgJRgwQNoqw6S8NdM7ez7bkApLU&amp;__tn__=*NK-R\">#UBBJG<\/a><a href=\"https:\/\/www.facebook.com\/hashtag\/xaltocansustentable?__eep__=6&amp;__cft__[0]=AZUEXOb7rvrG7b61kfK6C4COQ7a_AAWqkAFfqxu7qt4sDkeVYfm-p__igKC5BDvpeDamd7QG0Bzef4kbSWM7XcJ5sNkGUU_0HpL3MmSyqXydlO_AoqLTBIe4i4oGwfC-1At5OJG3yL1-Cu9S6g1nsTv1qe9qKbfu1qpqB5LokgJRgwQNoqw6S8NdM7ez7bkApLU&amp;__tn__=*NK-R\">#XaltocanSustentable<\/a><a href=\"https:\/\/www.facebook.com\/hashtag\/ecolog%C3%ADa?__eep__=6&amp;__cft__[0]=AZUEXOb7rvrG7b61kfK6C4COQ7a_AAWqkAFfqxu7qt4sDkeVYfm-p__igKC5BDvpeDamd7QG0Bzef4kbSWM7XcJ5sNkGUU_0HpL3MmSyqXydlO_AoqLTBIe4i4oGwfC-1At5OJG3yL1-Cu9S6g1nsTv1qe9qKbfu1qpqB5LokgJRgwQNoqw6S8NdM7ez7bkApLU&amp;__tn__=*NK-R\">#Ecolog\u00eda<\/a><\/p>\n\n\n\n<figure class=\"wp-block-image size-full\"><img loading=\"lazy\" decoding=\"async\" width=\"464\" height=\"600\" src=\"https:\/\/diariolanoticia.com.mx\/wp-content\/uploads\/2024\/11\/466886170_581246000958494_7169116096333900800_n.jpg\" alt=\"\" class=\"wp-image-127349\" srcset=\"https:\/\/diariolanoticia.com.mx\/wp-content\/uploads\/2024\/11\/466886170_581246000958494_7169116096333900800_n.jpg 464w, https:\/\/diariolanoticia.com.mx\/wp-content\/uploads\/2024\/11\/466886170_581246000958494_7169116096333900800_n-232x300.jpg 232w\" sizes=\"auto, (max-width: 464px) 100vw, 464px\" \/><\/figure>\n","protected":false},"excerpt":{"rendered":"<p>La UBBJG, en coordinaci\u00f3n con Ecolog\u00eda y Servicios Municipales del H. Ayuntamiento de Xaltocan, te invita a la Jornada de Reciclaje Electr\u00f3nico . Trae tus aparatos electr\u00f3nicos en desuso y contribuye a un Xaltocan m\u00e1s limpio y sostenible . Fechas: 14 y 15 de noviembre Horario: 10:00 a.m. a 4:30 p.m. Lugar: Techumbre frente a [&hellip;]<\/p>\n","protected":false},"author":1,"featured_media":0,"comment_status":"open","ping_status":"open","sticky":false,"template":"","format":"standard","meta":{"footnotes":""},"categories":[258],"tags":[],"class_list":["post-127348","post","type-post","status-publish","format-standard","hentry","category-xaltocan-municipios"],"blog_post_layout_featured_media_urls":{"thumbnail":"","full":""},"categories_names":{"258":{"name":"Xaltocan","link":"https:\/\/diariolanoticia.com.mx\/?cat=258"}},"tags_names":[],"comments_number":"0","wpmagazine_modules_lite_featured_media_urls":{"thumbnail":"","cvmm-medium":"","cvmm-medium-plus":"","cvmm-portrait":"","cvmm-medium-square":"","cvmm-large":"","cvmm-small":"","full":""},"_links":{"self":[{"href":"https:\/\/diariolanoticia.com.mx\/index.php?rest_route=\/wp\/v2\/posts\/127348","targetHints":{"allow":["GET"]}}],"collection":[{"href":"https:\/\/diariolanoticia.com.mx\/index.php?rest_route=\/wp\/v2\/posts"}],"about":[{"href":"https:\/\/diariolanoticia.com.mx\/index.php?rest_route=\/wp\/v2\/types\/post"}],"author":[{"embeddable":true,"href":"https:\/\/diariolanoticia.com.mx\/index.php?rest_route=\/wp\/v2\/users\/1"}],"replies":[{"embeddable":true,"href":"https:\/\/diariolanoticia.com.mx\/index.php?rest_route=%2Fwp%2Fv2%2Fcomments&post=127348"}],"version-history":[{"count":2,"href":"https:\/\/diariolanoticia.com.mx\/index.php?rest_route=\/wp\/v2\/posts\/127348\/revisions"}],"predecessor-version":[{"id":127352,"href":"https:\/\/diariolanoticia.com.mx\/index.php?rest_route=\/wp\/v2\/posts\/127348\/revisions\/127352"}],"wp:attachment":[{"href":"https:\/\/diariolanoticia.com.mx\/index.php?rest_route=%2Fwp%2Fv2%2Fmedia&parent=127348"}],"wp:term":[{"taxonomy":"category","embeddable":true,"href":"https:\/\/diariolanoticia.com.mx\/index.php?rest_route=%2Fwp%2Fv2%2Fcategories&post=127348"},{"taxonomy":"post_tag","embeddable":true,"href":"https:\/\/diariolanoticia.com.mx\/index.php?rest_route=%2Fwp%2Fv2%2Ftags&post=127348"}],"curies":[{"name":"wp","href":"https:\/\/api.w.org\/{rel}","templated":true}]}}