{"id":127356,"date":"2024-11-12T11:13:01","date_gmt":"2024-11-12T17:13:01","guid":{"rendered":"https:\/\/diariolanoticia.com.mx\/?p=127356"},"modified":"2024-11-14T11:13:14","modified_gmt":"2024-11-14T17:13:14","slug":"gran-exito-se-vivio-en-el-segundo-baile-de-feria-xaltocan-2024","status":"publish","type":"post","link":"https:\/\/diariolanoticia.com.mx\/?p=127356","title":{"rendered":"Gran \u00e9xito se vivi\u00f3 en el segundo baile de feria Xaltocan 2024"},"content":{"rendered":"\n<p>Ayer, en el 2do baile de feria, Xaltocan se llen\u00f3 de energ\u00eda, baile y grandes \u00e9xitos con el grupo Palomo, Nery Castillo y Grupo \u00ablos vagos\u00bb<img loading=\"lazy\" decoding=\"async\" height=\"16\" width=\"16\" alt=\"\ud83c\udfb6\" src=\"https:\/\/static.xx.fbcdn.net\/images\/emoji.php\/v9\/t1f\/1\/16\/1f3b6.png\"><img loading=\"lazy\" decoding=\"async\" height=\"16\" width=\"16\" alt=\"\ud83d\udc83\" src=\"https:\/\/static.xx.fbcdn.net\/images\/emoji.php\/v9\/tc7\/1\/16\/1f483.png\"><img loading=\"lazy\" decoding=\"async\" height=\"16\" width=\"16\" alt=\"\ud83d\udd7a\" src=\"https:\/\/static.xx.fbcdn.net\/images\/emoji.php\/v9\/t97\/1\/16\/1f57a.png\">.<\/p>\n\n\n\n<p>\u00a1Gracias a todos los asistentes por hacer de esta noche una celebraci\u00f3n inolvidable! <img loading=\"lazy\" decoding=\"async\" height=\"16\" width=\"16\" alt=\"\ud83d\udc4f\" src=\"https:\/\/static.xx.fbcdn.net\/images\/emoji.php\/v9\/tfe\/1\/16\/1f44f.png\"><img loading=\"lazy\" decoding=\"async\" height=\"16\" width=\"16\" alt=\"\u2728\" src=\"https:\/\/static.xx.fbcdn.net\/images\/emoji.php\/v9\/tf4\/1\/16\/2728.png\"><\/p>\n\n\n\n<p><a href=\"https:\/\/www.facebook.com\/hashtag\/feriaxaltocan2024?__eep__=6&amp;__cft__[0]=AZXQmMxPY3BRZuBaTedhzwVYuR7v6kIlgjZyGOyTxkRtCT96q6ZJFdNYXltLpz-rCgpAy0_YIEnDNTeZvrQlIjm4SoNya2d-YStSuxuaqb2k8NMfUlbBiu91wAQt-f_lIVfx2KSxyZgT6CWC9RC-76ZzDbgtGrR7bTeaJBQrcrexZn3qdAojYB3PxOb-1Bt8Jh4&amp;__tn__=*NK-R\">#FeriaXaltocan2024<\/a><a href=\"https:\/\/www.facebook.com\/hashtag\/baileytradici%C3%B3n?__eep__=6&amp;__cft__[0]=AZXQmMxPY3BRZuBaTedhzwVYuR7v6kIlgjZyGOyTxkRtCT96q6ZJFdNYXltLpz-rCgpAy0_YIEnDNTeZvrQlIjm4SoNya2d-YStSuxuaqb2k8NMfUlbBiu91wAQt-f_lIVfx2KSxyZgT6CWC9RC-76ZzDbgtGrR7bTeaJBQrcrexZn3qdAojYB3PxOb-1Bt8Jh4&amp;__tn__=*NK-R\">#BaileYTradici\u00f3n<\/a><\/p>\n","protected":false},"excerpt":{"rendered":"<p>Ayer, en el 2do baile de feria, Xaltocan se llen\u00f3 de energ\u00eda, baile y grandes \u00e9xitos con el grupo Palomo, Nery Castillo y Grupo \u00ablos vagos\u00bb. \u00a1Gracias a todos los asistentes por hacer de esta noche una celebraci\u00f3n inolvidable! #FeriaXaltocan2024#BaileYTradici\u00f3n<\/p>\n","protected":false},"author":1,"featured_media":127357,"comment_status":"open","ping_status":"open","sticky":false,"template":"","format":"standard","meta":{"footnotes":""},"categories":[258],"tags":[],"class_list":["post-127356","post","type-post","status-publish","format-standard","has-post-thumbnail","hentry","category-xaltocan-municipios"],"blog_post_layout_featured_media_urls":{"thumbnail":["https:\/\/diariolanoticia.com.mx\/wp-content\/uploads\/2024\/11\/466416904_579960371087057_7811995115871465677_n-216x160.jpg",216,160,true],"full":["https:\/\/diariolanoticia.com.mx\/wp-content\/uploads\/2024\/11\/466416904_579960371087057_7811995115871465677_n.jpg",600,452,false]},"categories_names":{"258":{"name":"Xaltocan","link":"https:\/\/diariolanoticia.com.mx\/?cat=258"}},"tags_names":[],"comments_number":"0","wpmagazine_modules_lite_featured_media_urls":{"thumbnail":["https:\/\/diariolanoticia.com.mx\/wp-content\/uploads\/2024\/11\/466416904_579960371087057_7811995115871465677_n-216x160.jpg",216,160,true],"cvmm-medium":["https:\/\/diariolanoticia.com.mx\/wp-content\/uploads\/2024\/11\/466416904_579960371087057_7811995115871465677_n-300x300.jpg",300,300,true],"cvmm-medium-plus":["https:\/\/diariolanoticia.com.mx\/wp-content\/uploads\/2024\/11\/466416904_579960371087057_7811995115871465677_n-305x207.jpg",305,207,true],"cvmm-portrait":["https:\/\/diariolanoticia.com.mx\/wp-content\/uploads\/2024\/11\/466416904_579960371087057_7811995115871465677_n-400x452.jpg",400,452,true],"cvmm-medium-square":["https:\/\/diariolanoticia.com.mx\/wp-content\/uploads\/2024\/11\/466416904_579960371087057_7811995115871465677_n.jpg",600,452,false],"cvmm-large":["https:\/\/diariolanoticia.com.mx\/wp-content\/uploads\/2024\/11\/466416904_579960371087057_7811995115871465677_n.jpg",600,452,false],"cvmm-small":["https:\/\/diariolanoticia.com.mx\/wp-content\/uploads\/2024\/11\/466416904_579960371087057_7811995115871465677_n-130x95.jpg",130,95,true],"full":["https:\/\/diariolanoticia.com.mx\/wp-content\/uploads\/2024\/11\/466416904_579960371087057_7811995115871465677_n.jpg",600,452,false]},"_links":{"self":[{"href":"https:\/\/diariolanoticia.com.mx\/index.php?rest_route=\/wp\/v2\/posts\/127356","targetHints":{"allow":["GET"]}}],"collection":[{"href":"https:\/\/diariolanoticia.com.mx\/index.php?rest_route=\/wp\/v2\/posts"}],"about":[{"href":"https:\/\/diariolanoticia.com.mx\/index.php?rest_route=\/wp\/v2\/types\/post"}],"author":[{"embeddable":true,"href":"https:\/\/diariolanoticia.com.mx\/index.php?rest_route=\/wp\/v2\/users\/1"}],"replies":[{"embeddable":true,"href":"https:\/\/diariolanoticia.com.mx\/index.php?rest_route=%2Fwp%2Fv2%2Fcomments&post=127356"}],"version-history":[{"count":1,"href":"https:\/\/diariolanoticia.com.mx\/index.php?rest_route=\/wp\/v2\/posts\/127356\/revisions"}],"predecessor-version":[{"id":127358,"href":"https:\/\/diariolanoticia.com.mx\/index.php?rest_route=\/wp\/v2\/posts\/127356\/revisions\/127358"}],"wp:featuredmedia":[{"embeddable":true,"href":"https:\/\/diariolanoticia.com.mx\/index.php?rest_route=\/wp\/v2\/media\/127357"}],"wp:attachment":[{"href":"https:\/\/diariolanoticia.com.mx\/index.php?rest_route=%2Fwp%2Fv2%2Fmedia&parent=127356"}],"wp:term":[{"taxonomy":"category","embeddable":true,"href":"https:\/\/diariolanoticia.com.mx\/index.php?rest_route=%2Fwp%2Fv2%2Fcategories&post=127356"},{"taxonomy":"post_tag","embeddable":true,"href":"https:\/\/diariolanoticia.com.mx\/index.php?rest_route=%2Fwp%2Fv2%2Ftags&post=127356"}],"curies":[{"name":"wp","href":"https:\/\/api.w.org\/{rel}","templated":true}]}}