{"id":127362,"date":"2024-11-10T11:18:24","date_gmt":"2024-11-10T17:18:24","guid":{"rendered":"https:\/\/diariolanoticia.com.mx\/?p=127362"},"modified":"2024-11-14T11:18:52","modified_gmt":"2024-11-14T17:18:52","slug":"asi-se-vivieron-las-vaquillas-en-la-feria-xaltocan-2024","status":"publish","type":"post","link":"https:\/\/diariolanoticia.com.mx\/?p=127362","title":{"rendered":"As\u00ed se vivieron las Vaquillas en la Feria Xaltocan 2024"},"content":{"rendered":"\n<p>\u00a1Una tarde llena de emoci\u00f3n, adrenalina y mucha diversi\u00f3n! <img loading=\"lazy\" decoding=\"async\" height=\"16\" width=\"16\" alt=\"\ud83c\udf89\" src=\"https:\/\/static.xx.fbcdn.net\/images\/emoji.php\/v9\/t8c\/1\/16\/1f389.png\"> La Feria de Xaltocan 2024 se llen\u00f3 de ambiente con el evento de las vaquillas, donde chicos y grandes disfrutaron de esta tradici\u00f3n en un ambiente seguro y lleno de alegr\u00eda. <img loading=\"lazy\" decoding=\"async\" height=\"16\" width=\"16\" alt=\"\ud83d\ude4c\" src=\"https:\/\/static.xx.fbcdn.net\/images\/emoji.php\/v9\/tfd\/1\/16\/1f64c.png\"><img loading=\"lazy\" decoding=\"async\" height=\"16\" width=\"16\" alt=\"\u2728\" src=\"https:\/\/static.xx.fbcdn.net\/images\/emoji.php\/v9\/tf4\/1\/16\/2728.png\"><\/p>\n\n\n\n<p>Gracias a todos los que se unieron para hacer de esta actividad una experiencia \u00fanica. \u00a1Nos encanta ver a nuestra comunidad disfrutar de nuestras tradiciones! <img loading=\"lazy\" decoding=\"async\" height=\"16\" width=\"16\" alt=\"\ud83c\uddf2\ud83c\uddfd\" src=\"https:\/\/static.xx.fbcdn.net\/images\/emoji.php\/v9\/t50\/1\/16\/1f1f2_1f1fd.png\"><img loading=\"lazy\" decoding=\"async\" height=\"16\" width=\"16\" alt=\"\ud83c\udfb6\" src=\"https:\/\/static.xx.fbcdn.net\/images\/emoji.php\/v9\/t1f\/1\/16\/1f3b6.png\"><\/p>\n\n\n\n<p><a href=\"https:\/\/www.facebook.com\/hashtag\/feriaxaltocan2024?__eep__=6&amp;__cft__[0]=AZVvsEkD32bjp7oejEx6231OgUOx2_xf4FsBVVTDteGnMBdeLGo7EjWdq2jiqPRqgQdTc2Cqe2nmiOipI9bpe5IKpvX_ovenvK9fwtZhKChdRne62WQ3c1ZFbIVN4Jc8svtI9TeKUJxhvsNe3gkx73nTvGqiDEInMHnjR5_5y6g687l1Q5lBhHjf2fzULyqmmJU&amp;__tn__=*NK-R\">#FeriaXaltocan2024<\/a><a href=\"https:\/\/www.facebook.com\/hashtag\/tradici%C3%B3nydiversi%C3%B3n?__eep__=6&amp;__cft__[0]=AZVvsEkD32bjp7oejEx6231OgUOx2_xf4FsBVVTDteGnMBdeLGo7EjWdq2jiqPRqgQdTc2Cqe2nmiOipI9bpe5IKpvX_ovenvK9fwtZhKChdRne62WQ3c1ZFbIVN4Jc8svtI9TeKUJxhvsNe3gkx73nTvGqiDEInMHnjR5_5y6g687l1Q5lBhHjf2fzULyqmmJU&amp;__tn__=*NK-R\">#Tradici\u00f3nYDiversi\u00f3n<\/a><a href=\"https:\/\/www.facebook.com\/hashtag\/xaltocanfiesta?__eep__=6&amp;__cft__[0]=AZVvsEkD32bjp7oejEx6231OgUOx2_xf4FsBVVTDteGnMBdeLGo7EjWdq2jiqPRqgQdTc2Cqe2nmiOipI9bpe5IKpvX_ovenvK9fwtZhKChdRne62WQ3c1ZFbIVN4Jc8svtI9TeKUJxhvsNe3gkx73nTvGqiDEInMHnjR5_5y6g687l1Q5lBhHjf2fzULyqmmJU&amp;__tn__=*NK-R\">#XaltocanFiesta<\/a><\/p>\n","protected":false},"excerpt":{"rendered":"<p>\u00a1Una tarde llena de emoci\u00f3n, adrenalina y mucha diversi\u00f3n! La Feria de Xaltocan 2024 se llen\u00f3 de ambiente con el evento de las vaquillas, donde chicos y grandes disfrutaron de esta tradici\u00f3n en un ambiente seguro y lleno de alegr\u00eda. Gracias a todos los que se unieron para hacer de esta actividad una experiencia \u00fanica. [&hellip;]<\/p>\n","protected":false},"author":1,"featured_media":127363,"comment_status":"open","ping_status":"open","sticky":false,"template":"","format":"standard","meta":{"footnotes":""},"categories":[258],"tags":[],"class_list":["post-127362","post","type-post","status-publish","format-standard","has-post-thumbnail","hentry","category-xaltocan-municipios"],"blog_post_layout_featured_media_urls":{"thumbnail":["https:\/\/diariolanoticia.com.mx\/wp-content\/uploads\/2024\/11\/465899958_578788761204218_7882881050745699112_n-216x160.jpg",216,160,true],"full":["https:\/\/diariolanoticia.com.mx\/wp-content\/uploads\/2024\/11\/465899958_578788761204218_7882881050745699112_n.jpg",2048,1542,false]},"categories_names":{"258":{"name":"Xaltocan","link":"https:\/\/diariolanoticia.com.mx\/?cat=258"}},"tags_names":[],"comments_number":"0","wpmagazine_modules_lite_featured_media_urls":{"thumbnail":["https:\/\/diariolanoticia.com.mx\/wp-content\/uploads\/2024\/11\/465899958_578788761204218_7882881050745699112_n-216x160.jpg",216,160,true],"cvmm-medium":["https:\/\/diariolanoticia.com.mx\/wp-content\/uploads\/2024\/11\/465899958_578788761204218_7882881050745699112_n-300x300.jpg",300,300,true],"cvmm-medium-plus":["https:\/\/diariolanoticia.com.mx\/wp-content\/uploads\/2024\/11\/465899958_578788761204218_7882881050745699112_n-305x207.jpg",305,207,true],"cvmm-portrait":["https:\/\/diariolanoticia.com.mx\/wp-content\/uploads\/2024\/11\/465899958_578788761204218_7882881050745699112_n-400x600.jpg",400,600,true],"cvmm-medium-square":["https:\/\/diariolanoticia.com.mx\/wp-content\/uploads\/2024\/11\/465899958_578788761204218_7882881050745699112_n-600x600.jpg",600,600,true],"cvmm-large":["https:\/\/diariolanoticia.com.mx\/wp-content\/uploads\/2024\/11\/465899958_578788761204218_7882881050745699112_n-1024x1024.jpg",1024,1024,true],"cvmm-small":["https:\/\/diariolanoticia.com.mx\/wp-content\/uploads\/2024\/11\/465899958_578788761204218_7882881050745699112_n-130x95.jpg",130,95,true],"full":["https:\/\/diariolanoticia.com.mx\/wp-content\/uploads\/2024\/11\/465899958_578788761204218_7882881050745699112_n.jpg",2048,1542,false]},"_links":{"self":[{"href":"https:\/\/diariolanoticia.com.mx\/index.php?rest_route=\/wp\/v2\/posts\/127362","targetHints":{"allow":["GET"]}}],"collection":[{"href":"https:\/\/diariolanoticia.com.mx\/index.php?rest_route=\/wp\/v2\/posts"}],"about":[{"href":"https:\/\/diariolanoticia.com.mx\/index.php?rest_route=\/wp\/v2\/types\/post"}],"author":[{"embeddable":true,"href":"https:\/\/diariolanoticia.com.mx\/index.php?rest_route=\/wp\/v2\/users\/1"}],"replies":[{"embeddable":true,"href":"https:\/\/diariolanoticia.com.mx\/index.php?rest_route=%2Fwp%2Fv2%2Fcomments&post=127362"}],"version-history":[{"count":1,"href":"https:\/\/diariolanoticia.com.mx\/index.php?rest_route=\/wp\/v2\/posts\/127362\/revisions"}],"predecessor-version":[{"id":127364,"href":"https:\/\/diariolanoticia.com.mx\/index.php?rest_route=\/wp\/v2\/posts\/127362\/revisions\/127364"}],"wp:featuredmedia":[{"embeddable":true,"href":"https:\/\/diariolanoticia.com.mx\/index.php?rest_route=\/wp\/v2\/media\/127363"}],"wp:attachment":[{"href":"https:\/\/diariolanoticia.com.mx\/index.php?rest_route=%2Fwp%2Fv2%2Fmedia&parent=127362"}],"wp:term":[{"taxonomy":"category","embeddable":true,"href":"https:\/\/diariolanoticia.com.mx\/index.php?rest_route=%2Fwp%2Fv2%2Fcategories&post=127362"},{"taxonomy":"post_tag","embeddable":true,"href":"https:\/\/diariolanoticia.com.mx\/index.php?rest_route=%2Fwp%2Fv2%2Ftags&post=127362"}],"curies":[{"name":"wp","href":"https:\/\/api.w.org\/{rel}","templated":true}]}}