{"id":127392,"date":"2024-11-14T15:50:30","date_gmt":"2024-11-14T21:50:30","guid":{"rendered":"https:\/\/diariolanoticia.com.mx\/?p=127392"},"modified":"2024-11-14T15:50:31","modified_gmt":"2024-11-14T21:50:31","slug":"realiza-h-ayuntamiento-de-apizaco-primer-foro-ciudadano-para-la-creacion-del-plan-de-desarrollo-municipal","status":"publish","type":"post","link":"https:\/\/diariolanoticia.com.mx\/?p=127392","title":{"rendered":"REALIZA H. AYUNTAMIENTO DE APIZACO PRIMER FORO CIUDADANO PARA LA CREACI\u00d3N DEL PLAN DE DESARROLLO MUNICIPAL"},"content":{"rendered":"\n<p><br>La ma\u00f1ana de este jueves, el presidente municipal de Apizaco, Javier Rivera Bonilla, dio inicio al primer \u201cForo Ciudadano Por Un Mejor Futuro 2024\u201d, para escuchar las necesidades de los ciudadanos, que ser\u00e1n tomadas en cuenta para la creaci\u00f3n del Plan de Desarrollo Municipal.<br>Durante su intervenci\u00f3n, el alcalde resalt\u00f3 la importancia de la participaci\u00f3n ciudadana. \u201cEste foro ciudadano es muy importante para nosotros como representantes del gobierno municipal. Hoy reafirmo mi compromiso de trabajar por el bienestar de los apizaquenses y estoy convencido de que debemos gobernar obedeciendo a la soberan\u00eda popular\u201d.<br>En el foro participaron los directores y coordinadores de: Planeaci\u00f3n, Seguridad P\u00fablica, Protecci\u00f3n Civil, Juzgado Municipal, Jur\u00eddico, CAPAMA, Ecolog\u00eda, Servicios Municipales, Obras P\u00fablicas e Imagen Urbana, quienes escucharon y recibieron las propuestas de los ciudadanos para darles soluciones e incluirlas al Plan de Desarrollo Municipal del periodo 2024-2027, que guiar\u00e1 al municipio a alcanzar un mayor estado de bienestar en los pr\u00f3ximos 3 a\u00f1os.<br>La participaci\u00f3n en este di\u00e1logo abierto est\u00e1 respaldada por la Constituci\u00f3n Pol\u00edtica de los Estados Unidos Mexicanos, en sus art\u00edculos 20 y 26 as\u00ed como del art\u00edculo 92 de la Ley Municipal del Estado de Tlaxcala, mismas que definen la participaci\u00f3n ciudadana del Estado de Tlaxcala y que establece la importancia de estos foros como un mecanismo para escuchar la voz ciudadana y garantizar que sus opiniones y propuestas sean parte de la toma de decisiones para la transformaci\u00f3n del municipio apizaquense.<\/p>\n","protected":false},"excerpt":{"rendered":"<p>La ma\u00f1ana de este jueves, el presidente municipal de Apizaco, Javier Rivera Bonilla, dio inicio al primer \u201cForo Ciudadano Por Un Mejor Futuro 2024\u201d, para escuchar las necesidades de los ciudadanos, que ser\u00e1n tomadas en cuenta para la creaci\u00f3n del Plan de Desarrollo Municipal.Durante su intervenci\u00f3n, el alcalde resalt\u00f3 la importancia de la participaci\u00f3n ciudadana. [&hellip;]<\/p>\n","protected":false},"author":1,"featured_media":127393,"comment_status":"open","ping_status":"open","sticky":false,"template":"","format":"standard","meta":{"footnotes":""},"categories":[3],"tags":[],"class_list":["post-127392","post","type-post","status-publish","format-standard","has-post-thumbnail","hentry","category-apizaco"],"blog_post_layout_featured_media_urls":{"thumbnail":["https:\/\/diariolanoticia.com.mx\/wp-content\/uploads\/2024\/11\/f76eb6c5-d9b8-4a8b-90a8-2b9807b998b0-216x160.jpeg",216,160,true],"full":["https:\/\/diariolanoticia.com.mx\/wp-content\/uploads\/2024\/11\/f76eb6c5-d9b8-4a8b-90a8-2b9807b998b0.jpeg",1600,1066,false]},"categories_names":{"3":{"name":"Apizaco","link":"https:\/\/diariolanoticia.com.mx\/?cat=3"}},"tags_names":[],"comments_number":"0","wpmagazine_modules_lite_featured_media_urls":{"thumbnail":["https:\/\/diariolanoticia.com.mx\/wp-content\/uploads\/2024\/11\/f76eb6c5-d9b8-4a8b-90a8-2b9807b998b0-216x160.jpeg",216,160,true],"cvmm-medium":["https:\/\/diariolanoticia.com.mx\/wp-content\/uploads\/2024\/11\/f76eb6c5-d9b8-4a8b-90a8-2b9807b998b0-300x300.jpeg",300,300,true],"cvmm-medium-plus":["https:\/\/diariolanoticia.com.mx\/wp-content\/uploads\/2024\/11\/f76eb6c5-d9b8-4a8b-90a8-2b9807b998b0-305x207.jpeg",305,207,true],"cvmm-portrait":["https:\/\/diariolanoticia.com.mx\/wp-content\/uploads\/2024\/11\/f76eb6c5-d9b8-4a8b-90a8-2b9807b998b0-400x600.jpeg",400,600,true],"cvmm-medium-square":["https:\/\/diariolanoticia.com.mx\/wp-content\/uploads\/2024\/11\/f76eb6c5-d9b8-4a8b-90a8-2b9807b998b0-600x600.jpeg",600,600,true],"cvmm-large":["https:\/\/diariolanoticia.com.mx\/wp-content\/uploads\/2024\/11\/f76eb6c5-d9b8-4a8b-90a8-2b9807b998b0-1024x1024.jpeg",1024,1024,true],"cvmm-small":["https:\/\/diariolanoticia.com.mx\/wp-content\/uploads\/2024\/11\/f76eb6c5-d9b8-4a8b-90a8-2b9807b998b0-130x95.jpeg",130,95,true],"full":["https:\/\/diariolanoticia.com.mx\/wp-content\/uploads\/2024\/11\/f76eb6c5-d9b8-4a8b-90a8-2b9807b998b0.jpeg",1600,1066,false]},"_links":{"self":[{"href":"https:\/\/diariolanoticia.com.mx\/index.php?rest_route=\/wp\/v2\/posts\/127392","targetHints":{"allow":["GET"]}}],"collection":[{"href":"https:\/\/diariolanoticia.com.mx\/index.php?rest_route=\/wp\/v2\/posts"}],"about":[{"href":"https:\/\/diariolanoticia.com.mx\/index.php?rest_route=\/wp\/v2\/types\/post"}],"author":[{"embeddable":true,"href":"https:\/\/diariolanoticia.com.mx\/index.php?rest_route=\/wp\/v2\/users\/1"}],"replies":[{"embeddable":true,"href":"https:\/\/diariolanoticia.com.mx\/index.php?rest_route=%2Fwp%2Fv2%2Fcomments&post=127392"}],"version-history":[{"count":1,"href":"https:\/\/diariolanoticia.com.mx\/index.php?rest_route=\/wp\/v2\/posts\/127392\/revisions"}],"predecessor-version":[{"id":127394,"href":"https:\/\/diariolanoticia.com.mx\/index.php?rest_route=\/wp\/v2\/posts\/127392\/revisions\/127394"}],"wp:featuredmedia":[{"embeddable":true,"href":"https:\/\/diariolanoticia.com.mx\/index.php?rest_route=\/wp\/v2\/media\/127393"}],"wp:attachment":[{"href":"https:\/\/diariolanoticia.com.mx\/index.php?rest_route=%2Fwp%2Fv2%2Fmedia&parent=127392"}],"wp:term":[{"taxonomy":"category","embeddable":true,"href":"https:\/\/diariolanoticia.com.mx\/index.php?rest_route=%2Fwp%2Fv2%2Fcategories&post=127392"},{"taxonomy":"post_tag","embeddable":true,"href":"https:\/\/diariolanoticia.com.mx\/index.php?rest_route=%2Fwp%2Fv2%2Ftags&post=127392"}],"curies":[{"name":"wp","href":"https:\/\/api.w.org\/{rel}","templated":true}]}}