{"id":127395,"date":"2024-11-14T16:08:58","date_gmt":"2024-11-14T22:08:58","guid":{"rendered":"https:\/\/diariolanoticia.com.mx\/?p=127395"},"modified":"2024-11-14T16:09:00","modified_gmt":"2024-11-14T22:09:00","slug":"arranca-ayuntamiento-de-tlaxcala-jornada-de-afiliacion-masiva-al-programa-bienestar-para-tu-salud","status":"publish","type":"post","link":"https:\/\/diariolanoticia.com.mx\/?p=127395","title":{"rendered":"Arranca Ayuntamiento de Tlaxcala jornada de afiliaci\u00f3n masiva al programa \u201cBienestar Para Tu Salud\u201d"},"content":{"rendered":"\n<p><\/p>\n\n\n\n<p>\u2022La unidad de Bienestar para tu Salud abrir\u00e1 sus puertas en el municipio de Tlaxcala el pr\u00f3ximo enero de 2025; el alcalde capitalino invit\u00f3 a la poblaci\u00f3n a inscribirse a este programa del gobierno estatal, que acerca servicios de salud integral a todos los sectores<\/p>\n\n\n\n<p>El Ayuntamiento de Tlaxcala de Xicoht\u00e9ncatl a trav\u00e9s de la Direcci\u00f3n de Bienestar Municipal inici\u00f3 la jornada de afiliaci\u00f3n al programa \u201cBienestar Para Tu Salud\u201d, impulsado Secretar\u00eda de Bienestar Estatal, que tiene como objetivo acercar los servicios de salud integral a la poblaci\u00f3n del municipio.<\/p>\n\n\n\n<p>Durante el arranque de esta jornada, el alcalde Alfonso S\u00e1nchez, mencion\u00f3 que esta es una oportunidad para que una gran cantidad de ciudadanos concreten su afiliaci\u00f3n al programa, con el prop\u00f3sito de que, una vez que la unidad de Bienestar Para Tu Salud abra sus puertas el pr\u00f3ximo enero de 2025, la ciudadan\u00eda del municipio reciba los servicios de salud desde el primer d\u00eda.<\/p>\n\n\n\n<p>S\u00e1nchez Garc\u00eda agradeci\u00f3 el apoyo de la gobernadora, Lorena Cu\u00e9llar Cisneros, por el impulso a estos programas e invit\u00f3 a los ciudadanos que no acudieron este d\u00eda a la afiliaci\u00f3n masiva, a inscribirse directamente en las oficinas de la Secretar\u00eda de Bienestar ubicadas en la colonia centro y acceder a estos servicios que incluir\u00e1n consulta m\u00e9dica general, consulta odontol\u00f3gica, servicio de optometr\u00eda, laboratorio de an\u00e1lisis cl\u00ednicos y farmacia.<\/p>\n\n\n\n<p>Por su parte, la presidenta honor\u00edfica del Comit\u00e9 Consultivo de Bienestar y Desarrollo Social, Fernanda Espinosa de los Monteros Cu\u00e9llar, refiri\u00f3 que, adem\u00e1s de servicios de salud, el municipio tambi\u00e9n contar\u00e1 con su respaldo para acceder a otros programas como mejoramiento de vivienda, que buscar\u00e1 apoyar a todas las personas que se encuentren en situaci\u00f3n de vulnerabilidad.<\/p>\n\n\n\n<p>El evento cont\u00f3 con la presencia de la titular de la Secretar\u00eda de Bienestar Estatal, Mar\u00eda Estela \u00c1lvarez Corona; el Director de Bienestar Humano del Municipio de Tlaxcala, Emmanuel V\u00e1zquez y el presidente de comunidad de Ocotl\u00e1n, Julio Buend\u00eda.<\/p>\n","protected":false},"excerpt":{"rendered":"<p>\u2022La unidad de Bienestar para tu Salud abrir\u00e1 sus puertas en el municipio de Tlaxcala el pr\u00f3ximo enero de 2025; el alcalde capitalino invit\u00f3 a la poblaci\u00f3n a inscribirse a este programa del gobierno estatal, que acerca servicios de salud integral a todos los sectores El Ayuntamiento de Tlaxcala de Xicoht\u00e9ncatl a trav\u00e9s de la [&hellip;]<\/p>\n","protected":false},"author":1,"featured_media":127396,"comment_status":"open","ping_status":"open","sticky":false,"template":"","format":"standard","meta":{"footnotes":""},"categories":[17],"tags":[],"class_list":["post-127395","post","type-post","status-publish","format-standard","has-post-thumbnail","hentry","category-tlaxcala"],"blog_post_layout_featured_media_urls":{"thumbnail":["https:\/\/diariolanoticia.com.mx\/wp-content\/uploads\/2024\/11\/3c097afb-6963-4caa-99fd-b587993ee71c-216x160.jpeg",216,160,true],"full":["https:\/\/diariolanoticia.com.mx\/wp-content\/uploads\/2024\/11\/3c097afb-6963-4caa-99fd-b587993ee71c.jpeg",1600,1280,false]},"categories_names":{"17":{"name":"Tlaxcala","link":"https:\/\/diariolanoticia.com.mx\/?cat=17"}},"tags_names":[],"comments_number":"0","wpmagazine_modules_lite_featured_media_urls":{"thumbnail":["https:\/\/diariolanoticia.com.mx\/wp-content\/uploads\/2024\/11\/3c097afb-6963-4caa-99fd-b587993ee71c-216x160.jpeg",216,160,true],"cvmm-medium":["https:\/\/diariolanoticia.com.mx\/wp-content\/uploads\/2024\/11\/3c097afb-6963-4caa-99fd-b587993ee71c-300x300.jpeg",300,300,true],"cvmm-medium-plus":["https:\/\/diariolanoticia.com.mx\/wp-content\/uploads\/2024\/11\/3c097afb-6963-4caa-99fd-b587993ee71c-305x207.jpeg",305,207,true],"cvmm-portrait":["https:\/\/diariolanoticia.com.mx\/wp-content\/uploads\/2024\/11\/3c097afb-6963-4caa-99fd-b587993ee71c-400x600.jpeg",400,600,true],"cvmm-medium-square":["https:\/\/diariolanoticia.com.mx\/wp-content\/uploads\/2024\/11\/3c097afb-6963-4caa-99fd-b587993ee71c-600x600.jpeg",600,600,true],"cvmm-large":["https:\/\/diariolanoticia.com.mx\/wp-content\/uploads\/2024\/11\/3c097afb-6963-4caa-99fd-b587993ee71c-1024x1024.jpeg",1024,1024,true],"cvmm-small":["https:\/\/diariolanoticia.com.mx\/wp-content\/uploads\/2024\/11\/3c097afb-6963-4caa-99fd-b587993ee71c-130x95.jpeg",130,95,true],"full":["https:\/\/diariolanoticia.com.mx\/wp-content\/uploads\/2024\/11\/3c097afb-6963-4caa-99fd-b587993ee71c.jpeg",1600,1280,false]},"_links":{"self":[{"href":"https:\/\/diariolanoticia.com.mx\/index.php?rest_route=\/wp\/v2\/posts\/127395","targetHints":{"allow":["GET"]}}],"collection":[{"href":"https:\/\/diariolanoticia.com.mx\/index.php?rest_route=\/wp\/v2\/posts"}],"about":[{"href":"https:\/\/diariolanoticia.com.mx\/index.php?rest_route=\/wp\/v2\/types\/post"}],"author":[{"embeddable":true,"href":"https:\/\/diariolanoticia.com.mx\/index.php?rest_route=\/wp\/v2\/users\/1"}],"replies":[{"embeddable":true,"href":"https:\/\/diariolanoticia.com.mx\/index.php?rest_route=%2Fwp%2Fv2%2Fcomments&post=127395"}],"version-history":[{"count":1,"href":"https:\/\/diariolanoticia.com.mx\/index.php?rest_route=\/wp\/v2\/posts\/127395\/revisions"}],"predecessor-version":[{"id":127397,"href":"https:\/\/diariolanoticia.com.mx\/index.php?rest_route=\/wp\/v2\/posts\/127395\/revisions\/127397"}],"wp:featuredmedia":[{"embeddable":true,"href":"https:\/\/diariolanoticia.com.mx\/index.php?rest_route=\/wp\/v2\/media\/127396"}],"wp:attachment":[{"href":"https:\/\/diariolanoticia.com.mx\/index.php?rest_route=%2Fwp%2Fv2%2Fmedia&parent=127395"}],"wp:term":[{"taxonomy":"category","embeddable":true,"href":"https:\/\/diariolanoticia.com.mx\/index.php?rest_route=%2Fwp%2Fv2%2Fcategories&post=127395"},{"taxonomy":"post_tag","embeddable":true,"href":"https:\/\/diariolanoticia.com.mx\/index.php?rest_route=%2Fwp%2Fv2%2Ftags&post=127395"}],"curies":[{"name":"wp","href":"https:\/\/api.w.org\/{rel}","templated":true}]}}