{"id":127404,"date":"2024-11-14T21:30:44","date_gmt":"2024-11-15T03:30:44","guid":{"rendered":"https:\/\/diariolanoticia.com.mx\/?p=127404"},"modified":"2024-11-14T21:30:45","modified_gmt":"2024-11-15T03:30:45","slug":"continuan-trabajos-de-yauhquemehcan-iluminado-en-atlihuetzian","status":"publish","type":"post","link":"https:\/\/diariolanoticia.com.mx\/?p=127404","title":{"rendered":"Contin\u00faan trabajos de \u00abYauhquemehcan Iluminado\u00bb en Atlihuetzian."},"content":{"rendered":"\n<p>La Direcci\u00f3n de Servicios P\u00fablicos Municipales de Yauhquemehcan contin\u00faa trabajando en rehabilitar la iluminaci\u00f3n urbana en la comunidad de Atlihuetzian, como parte del programa \u00abYauhquemehcan Iluminado\u00bb. Esta iniciativa busca mejorar la seguridad y la calidad de vida de los habitantes de las diferentes comunidades del municipio.<\/p>\n\n\n\n<p>El presidente municipal de Yauhquemehcan, David Vega Terrazas, supervis\u00f3 personalmente los trabajos por las calles Ocotelulco y Ver\u00f3nica Rasc\u00f3n, demostrando su compromiso con el desarrollo y bienestar de la comunidad.<\/p>\n\n\n\n<p>Durante su recorrido el Alcalde mencion\u00f3 \u00abestamos verificando y atendiendo este requerimiento ciudadano y atendiendo ese compromiso de mantener a Yauhquemehcan iluminado, estamos dando este acompa\u00f1amiento, en donde es necesario cambiar la luminaria, o si solo se necesita dar mantenimiento se hace, caminemos juntos por Yauhquemehcan, Yauhquemehcan Iluminado\u00bb.<\/p>\n\n\n\n<p>Adem\u00e1s, Vega Terrazas recalc\u00f3 que la rehabilitaci\u00f3n del alumbrado p\u00fablico se hace con el dinero del pueblo, para el pueblo.<\/p>\n\n\n\n<p>La cuadrilla de Alumbrado p\u00fablico ha estado trabajando arduamente para garantizar que la iluminaci\u00f3n urbana sea segura y eficiente. Es importante destacar que la rehabilitaci\u00f3n de la iluminaci\u00f3n urbana es una tarea crucial para mejorar la calidad de vida de los ciudadanos y prevenir accidentes y delitos. El programa \u00abYauhquemehcan Iluminado\u00bb es un ejemplo del compromiso del gobierno municipal con el bienestar de la comunidad.<\/p>\n\n\n\n<p>\u00a1Caminemos Juntos!<\/p>\n","protected":false},"excerpt":{"rendered":"<p>La Direcci\u00f3n de Servicios P\u00fablicos Municipales de Yauhquemehcan contin\u00faa trabajando en rehabilitar la iluminaci\u00f3n urbana en la comunidad de Atlihuetzian, como parte del programa \u00abYauhquemehcan Iluminado\u00bb. Esta iniciativa busca mejorar la seguridad y la calidad de vida de los habitantes de las diferentes comunidades del municipio. El presidente municipal de Yauhquemehcan, David Vega Terrazas, supervis\u00f3 [&hellip;]<\/p>\n","protected":false},"author":1,"featured_media":127405,"comment_status":"open","ping_status":"open","sticky":false,"template":"","format":"standard","meta":{"footnotes":""},"categories":[46],"tags":[],"class_list":["post-127404","post","type-post","status-publish","format-standard","has-post-thumbnail","hentry","category-yauhquemehcan"],"blog_post_layout_featured_media_urls":{"thumbnail":["https:\/\/diariolanoticia.com.mx\/wp-content\/uploads\/2024\/11\/WhatsApp-Image-2024-11-14-at-4.03.06-PM-216x160.jpeg",216,160,true],"full":["https:\/\/diariolanoticia.com.mx\/wp-content\/uploads\/2024\/11\/WhatsApp-Image-2024-11-14-at-4.03.06-PM.jpeg",1200,1600,false]},"categories_names":{"46":{"name":"Yauhquemehcan","link":"https:\/\/diariolanoticia.com.mx\/?cat=46"}},"tags_names":[],"comments_number":"0","wpmagazine_modules_lite_featured_media_urls":{"thumbnail":["https:\/\/diariolanoticia.com.mx\/wp-content\/uploads\/2024\/11\/WhatsApp-Image-2024-11-14-at-4.03.06-PM-216x160.jpeg",216,160,true],"cvmm-medium":["https:\/\/diariolanoticia.com.mx\/wp-content\/uploads\/2024\/11\/WhatsApp-Image-2024-11-14-at-4.03.06-PM-300x300.jpeg",300,300,true],"cvmm-medium-plus":["https:\/\/diariolanoticia.com.mx\/wp-content\/uploads\/2024\/11\/WhatsApp-Image-2024-11-14-at-4.03.06-PM-305x207.jpeg",305,207,true],"cvmm-portrait":["https:\/\/diariolanoticia.com.mx\/wp-content\/uploads\/2024\/11\/WhatsApp-Image-2024-11-14-at-4.03.06-PM-400x600.jpeg",400,600,true],"cvmm-medium-square":["https:\/\/diariolanoticia.com.mx\/wp-content\/uploads\/2024\/11\/WhatsApp-Image-2024-11-14-at-4.03.06-PM-600x600.jpeg",600,600,true],"cvmm-large":["https:\/\/diariolanoticia.com.mx\/wp-content\/uploads\/2024\/11\/WhatsApp-Image-2024-11-14-at-4.03.06-PM-1024x1024.jpeg",1024,1024,true],"cvmm-small":["https:\/\/diariolanoticia.com.mx\/wp-content\/uploads\/2024\/11\/WhatsApp-Image-2024-11-14-at-4.03.06-PM-130x95.jpeg",130,95,true],"full":["https:\/\/diariolanoticia.com.mx\/wp-content\/uploads\/2024\/11\/WhatsApp-Image-2024-11-14-at-4.03.06-PM.jpeg",1200,1600,false]},"_links":{"self":[{"href":"https:\/\/diariolanoticia.com.mx\/index.php?rest_route=\/wp\/v2\/posts\/127404","targetHints":{"allow":["GET"]}}],"collection":[{"href":"https:\/\/diariolanoticia.com.mx\/index.php?rest_route=\/wp\/v2\/posts"}],"about":[{"href":"https:\/\/diariolanoticia.com.mx\/index.php?rest_route=\/wp\/v2\/types\/post"}],"author":[{"embeddable":true,"href":"https:\/\/diariolanoticia.com.mx\/index.php?rest_route=\/wp\/v2\/users\/1"}],"replies":[{"embeddable":true,"href":"https:\/\/diariolanoticia.com.mx\/index.php?rest_route=%2Fwp%2Fv2%2Fcomments&post=127404"}],"version-history":[{"count":1,"href":"https:\/\/diariolanoticia.com.mx\/index.php?rest_route=\/wp\/v2\/posts\/127404\/revisions"}],"predecessor-version":[{"id":127406,"href":"https:\/\/diariolanoticia.com.mx\/index.php?rest_route=\/wp\/v2\/posts\/127404\/revisions\/127406"}],"wp:featuredmedia":[{"embeddable":true,"href":"https:\/\/diariolanoticia.com.mx\/index.php?rest_route=\/wp\/v2\/media\/127405"}],"wp:attachment":[{"href":"https:\/\/diariolanoticia.com.mx\/index.php?rest_route=%2Fwp%2Fv2%2Fmedia&parent=127404"}],"wp:term":[{"taxonomy":"category","embeddable":true,"href":"https:\/\/diariolanoticia.com.mx\/index.php?rest_route=%2Fwp%2Fv2%2Fcategories&post=127404"},{"taxonomy":"post_tag","embeddable":true,"href":"https:\/\/diariolanoticia.com.mx\/index.php?rest_route=%2Fwp%2Fv2%2Ftags&post=127404"}],"curies":[{"name":"wp","href":"https:\/\/api.w.org\/{rel}","templated":true}]}}