{"id":127407,"date":"2024-11-14T21:32:54","date_gmt":"2024-11-15T03:32:54","guid":{"rendered":"https:\/\/diariolanoticia.com.mx\/?p=127407"},"modified":"2024-11-14T21:32:55","modified_gmt":"2024-11-15T03:32:55","slug":"estudiante-de-la-uatx-recibe-reconocimiento-por-ubicarseentre-los-mejores-cien-promedios-de-medicina-en-el-pais","status":"publish","type":"post","link":"https:\/\/diariolanoticia.com.mx\/?p=127407","title":{"rendered":"Estudiante de la UATx recibe reconocimiento por ubicarseentre los mejores cien promedios de Medicina en el pa\u00eds"},"content":{"rendered":"\n<p>\u00d8&nbsp;&nbsp;La distinci\u00f3n la entreg\u00f3 la Asociaci\u00f3n Mexicana de Facultades y Escuelas de Medicina<\/p>\n\n\n\n<p>La Asociaci\u00f3n Mexicana de Facultades y Escuelas de Medicina entreg\u00f3 un reconocimiento a Ximena Paola Esquivel Hern\u00e1ndez, estudiante de 6\u00ba semestre de la Licenciatura en M\u00e9dico Cirujano de la UATx, por ubicarse entre el grupo de estudiantes con mejor promedio de todo el pa\u00eds.<\/p>\n\n\n\n<p>Esta distinci\u00f3n la recibi\u00f3 la estudiante de la Aut\u00f3noma de Tlaxcala en una ceremonia especial de la Academia Nacional de Medicina en la Ciudad de M\u00e9xico, el pasado jueves 7 de noviembre.<\/p>\n\n\n\n<p>Al respecto, el Dr. Jos\u00e9 Francisco Mauricio Garc\u00eda, Director de la Facultad de Ciencias de la Salud UATx, consider\u00f3 que este reconocimiento es extensivo para toda la Facultad, a su comedida labor docente y administrativa y, en especial, para la Licenciatura en M\u00e9dico Cirujano.<\/p>\n\n\n\n<p>Cada a\u00f1o la Asociaci\u00f3n Mexicana de Facultades y Escuelas de Medicina realiza un certamen especial al mejor desempe\u00f1o de los alumnos de las escuelas de medicina de M\u00e9xico. En esta edici\u00f3n, se entreg\u00f3 medalla y diploma a cien estudiantes de todo el pa\u00eds<\/p>\n","protected":false},"excerpt":{"rendered":"<p>\u00d8&nbsp;&nbsp;La distinci\u00f3n la entreg\u00f3 la Asociaci\u00f3n Mexicana de Facultades y Escuelas de Medicina La Asociaci\u00f3n Mexicana de Facultades y Escuelas de Medicina entreg\u00f3 un reconocimiento a Ximena Paola Esquivel Hern\u00e1ndez, estudiante de 6\u00ba semestre de la Licenciatura en M\u00e9dico Cirujano de la UATx, por ubicarse entre el grupo de estudiantes con mejor promedio de todo [&hellip;]<\/p>\n","protected":false},"author":1,"featured_media":127408,"comment_status":"open","ping_status":"open","sticky":false,"template":"","format":"standard","meta":{"footnotes":""},"categories":[10],"tags":[],"class_list":["post-127407","post","type-post","status-publish","format-standard","has-post-thumbnail","hentry","category-educacion"],"blog_post_layout_featured_media_urls":{"thumbnail":["https:\/\/diariolanoticia.com.mx\/wp-content\/uploads\/2024\/11\/14-Estudiante-de-la-UATx-recibe-reconocimiento-por-ubicarse-entre-los-mejores-cien-promedios-de-Medicina-en-el-pais-216x160.jpeg",216,160,true],"full":["https:\/\/diariolanoticia.com.mx\/wp-content\/uploads\/2024\/11\/14-Estudiante-de-la-UATx-recibe-reconocimiento-por-ubicarse-entre-los-mejores-cien-promedios-de-Medicina-en-el-pais.jpeg",960,1280,false]},"categories_names":{"10":{"name":"Educaci\u00f3n","link":"https:\/\/diariolanoticia.com.mx\/?cat=10"}},"tags_names":[],"comments_number":"0","wpmagazine_modules_lite_featured_media_urls":{"thumbnail":["https:\/\/diariolanoticia.com.mx\/wp-content\/uploads\/2024\/11\/14-Estudiante-de-la-UATx-recibe-reconocimiento-por-ubicarse-entre-los-mejores-cien-promedios-de-Medicina-en-el-pais-216x160.jpeg",216,160,true],"cvmm-medium":["https:\/\/diariolanoticia.com.mx\/wp-content\/uploads\/2024\/11\/14-Estudiante-de-la-UATx-recibe-reconocimiento-por-ubicarse-entre-los-mejores-cien-promedios-de-Medicina-en-el-pais-300x300.jpeg",300,300,true],"cvmm-medium-plus":["https:\/\/diariolanoticia.com.mx\/wp-content\/uploads\/2024\/11\/14-Estudiante-de-la-UATx-recibe-reconocimiento-por-ubicarse-entre-los-mejores-cien-promedios-de-Medicina-en-el-pais-305x207.jpeg",305,207,true],"cvmm-portrait":["https:\/\/diariolanoticia.com.mx\/wp-content\/uploads\/2024\/11\/14-Estudiante-de-la-UATx-recibe-reconocimiento-por-ubicarse-entre-los-mejores-cien-promedios-de-Medicina-en-el-pais-400x600.jpeg",400,600,true],"cvmm-medium-square":["https:\/\/diariolanoticia.com.mx\/wp-content\/uploads\/2024\/11\/14-Estudiante-de-la-UATx-recibe-reconocimiento-por-ubicarse-entre-los-mejores-cien-promedios-de-Medicina-en-el-pais-600x600.jpeg",600,600,true],"cvmm-large":["https:\/\/diariolanoticia.com.mx\/wp-content\/uploads\/2024\/11\/14-Estudiante-de-la-UATx-recibe-reconocimiento-por-ubicarse-entre-los-mejores-cien-promedios-de-Medicina-en-el-pais-960x1024.jpeg",960,1024,true],"cvmm-small":["https:\/\/diariolanoticia.com.mx\/wp-content\/uploads\/2024\/11\/14-Estudiante-de-la-UATx-recibe-reconocimiento-por-ubicarse-entre-los-mejores-cien-promedios-de-Medicina-en-el-pais-130x95.jpeg",130,95,true],"full":["https:\/\/diariolanoticia.com.mx\/wp-content\/uploads\/2024\/11\/14-Estudiante-de-la-UATx-recibe-reconocimiento-por-ubicarse-entre-los-mejores-cien-promedios-de-Medicina-en-el-pais.jpeg",960,1280,false]},"_links":{"self":[{"href":"https:\/\/diariolanoticia.com.mx\/index.php?rest_route=\/wp\/v2\/posts\/127407","targetHints":{"allow":["GET"]}}],"collection":[{"href":"https:\/\/diariolanoticia.com.mx\/index.php?rest_route=\/wp\/v2\/posts"}],"about":[{"href":"https:\/\/diariolanoticia.com.mx\/index.php?rest_route=\/wp\/v2\/types\/post"}],"author":[{"embeddable":true,"href":"https:\/\/diariolanoticia.com.mx\/index.php?rest_route=\/wp\/v2\/users\/1"}],"replies":[{"embeddable":true,"href":"https:\/\/diariolanoticia.com.mx\/index.php?rest_route=%2Fwp%2Fv2%2Fcomments&post=127407"}],"version-history":[{"count":1,"href":"https:\/\/diariolanoticia.com.mx\/index.php?rest_route=\/wp\/v2\/posts\/127407\/revisions"}],"predecessor-version":[{"id":127409,"href":"https:\/\/diariolanoticia.com.mx\/index.php?rest_route=\/wp\/v2\/posts\/127407\/revisions\/127409"}],"wp:featuredmedia":[{"embeddable":true,"href":"https:\/\/diariolanoticia.com.mx\/index.php?rest_route=\/wp\/v2\/media\/127408"}],"wp:attachment":[{"href":"https:\/\/diariolanoticia.com.mx\/index.php?rest_route=%2Fwp%2Fv2%2Fmedia&parent=127407"}],"wp:term":[{"taxonomy":"category","embeddable":true,"href":"https:\/\/diariolanoticia.com.mx\/index.php?rest_route=%2Fwp%2Fv2%2Fcategories&post=127407"},{"taxonomy":"post_tag","embeddable":true,"href":"https:\/\/diariolanoticia.com.mx\/index.php?rest_route=%2Fwp%2Fv2%2Ftags&post=127407"}],"curies":[{"name":"wp","href":"https:\/\/api.w.org\/{rel}","templated":true}]}}