{"id":127539,"date":"2024-12-02T23:01:31","date_gmt":"2024-12-03T05:01:31","guid":{"rendered":"https:\/\/diariolanoticia.com.mx\/?p=127539"},"modified":"2024-12-02T23:01:33","modified_gmt":"2024-12-03T05:01:33","slug":"el-ayuntamiento-de-tlaxcala-de-xicohtencatl-y-universidad-del-valle-de-tlaxcala-signan-convenio-de-colaboracion","status":"publish","type":"post","link":"https:\/\/diariolanoticia.com.mx\/?p=127539","title":{"rendered":"El Ayuntamiento de Tlaxcala de Xicoht\u00e9ncatl y Universidad del Valle de Tlaxcala signan convenio de colaboraci\u00f3n"},"content":{"rendered":"\n<p>\u2022El presidente municipal Alfonso S\u00e1nchez destac\u00f3 que esta alianza estrat\u00e9gica contribuir\u00e1 en el desarrollo acad\u00e9mico y profesional de las y los estudiantes e impactar\u00e1 en proyectos de beneficio del municipio<\/p>\n\n\n\n<p>El Ayuntamiento de Tlaxcala, encabezado por el presidente municipal Alfonso S\u00e1nchez Garc\u00eda, y la Universidad del Valle de Tlaxcala (UVT), representada por el rector Miguel Garc\u00eda M\u00e9ndez Salazar, firmaron un convenio de colaboraci\u00f3n para establecer bases de trabajo conjunto que impulsar\u00e1n la formaci\u00f3n integral de los estudiantes y el desarrollo del municipio.<\/p>\n\n\n\n<p>Durante el evento, el presidente municipal destac\u00f3 que este convenio constituye un instrumento fundamental para la formaci\u00f3n profesional de los alumnos de la UVT, ya que permitir\u00e1 su participaci\u00f3n en proyectos pr\u00e1cticos y de impacto social.<\/p>\n\n\n\n<p>\u201cAl trabajar en conjunto la universidad y el Ayuntamiento, podremos identificar y abordar de manera m\u00e1s efectiva las necesidades de la ciudadan\u00eda. Esto nos permitir\u00e1 desarrollar proyectos innovadores que impulsen el desarrollo econ\u00f3mico, social y cultural de nuestro municipio\u201d, se\u00f1al\u00f3 Alfonso S\u00e1nchez.<\/p>\n\n\n\n<p>Por su parte, el rector Miguel Garc\u00eda M\u00e9ndez Salazar reconoci\u00f3 la colaboraci\u00f3n del Ayuntamiento y enfatiz\u00f3 que este acuerdo abre una ventana para que los estudiantes pongan en pr\u00e1ctica sus conocimientos y habilidades en un entorno real.<\/p>\n\n\n\n<p>Adem\u00e1s, anunci\u00f3 que los trabajadores del Ayuntamiento de Tlaxcala y sus familias podr\u00e1n acceder a la oferta educativa de la UVT, incluyendo licenciaturas, maestr\u00edas y programas de capacitaci\u00f3n externa, enfocados en fortalecer el sector p\u00fablico.<\/p>\n\n\n\n<p>En la firma del convenio tambi\u00e9n estuvieron presentes la s\u00edndica municipal, Ivonne Hern\u00e1ndez Blancas, y el director general de Servicios Educativos y Vinculaci\u00f3n de la UVT, David Mu\u00f1oz Villaf\u00e1n.<\/p>\n\n\n\n<p>Este acuerdo tiene como objetivo principal fomentar el intercambio de conocimientos y experiencias entre ambas instituciones, adem\u00e1s de crear programas de investigaci\u00f3n, asesor\u00eda y capacitaci\u00f3n que beneficien tanto a los estudiantes como a los habitantes de Tlaxcala.<\/p>\n","protected":false},"excerpt":{"rendered":"<p>\u2022El presidente municipal Alfonso S\u00e1nchez destac\u00f3 que esta alianza estrat\u00e9gica contribuir\u00e1 en el desarrollo acad\u00e9mico y profesional de las y los estudiantes e impactar\u00e1 en proyectos de beneficio del municipio El Ayuntamiento de Tlaxcala, encabezado por el presidente municipal Alfonso S\u00e1nchez Garc\u00eda, y la Universidad del Valle de Tlaxcala (UVT), representada por el rector Miguel [&hellip;]<\/p>\n","protected":false},"author":1,"featured_media":127540,"comment_status":"open","ping_status":"open","sticky":false,"template":"","format":"standard","meta":{"footnotes":""},"categories":[17],"tags":[],"class_list":["post-127539","post","type-post","status-publish","format-standard","has-post-thumbnail","hentry","category-tlaxcala"],"blog_post_layout_featured_media_urls":{"thumbnail":["https:\/\/diariolanoticia.com.mx\/wp-content\/uploads\/2024\/12\/WhatsApp-Image-2024-12-02-at-3.50.17-PM-216x160.jpeg",216,160,true],"full":["https:\/\/diariolanoticia.com.mx\/wp-content\/uploads\/2024\/12\/WhatsApp-Image-2024-12-02-at-3.50.17-PM.jpeg",1600,1066,false]},"categories_names":{"17":{"name":"Tlaxcala","link":"https:\/\/diariolanoticia.com.mx\/?cat=17"}},"tags_names":[],"comments_number":"0","wpmagazine_modules_lite_featured_media_urls":{"thumbnail":["https:\/\/diariolanoticia.com.mx\/wp-content\/uploads\/2024\/12\/WhatsApp-Image-2024-12-02-at-3.50.17-PM-216x160.jpeg",216,160,true],"cvmm-medium":["https:\/\/diariolanoticia.com.mx\/wp-content\/uploads\/2024\/12\/WhatsApp-Image-2024-12-02-at-3.50.17-PM-300x300.jpeg",300,300,true],"cvmm-medium-plus":["https:\/\/diariolanoticia.com.mx\/wp-content\/uploads\/2024\/12\/WhatsApp-Image-2024-12-02-at-3.50.17-PM-305x207.jpeg",305,207,true],"cvmm-portrait":["https:\/\/diariolanoticia.com.mx\/wp-content\/uploads\/2024\/12\/WhatsApp-Image-2024-12-02-at-3.50.17-PM-400x600.jpeg",400,600,true],"cvmm-medium-square":["https:\/\/diariolanoticia.com.mx\/wp-content\/uploads\/2024\/12\/WhatsApp-Image-2024-12-02-at-3.50.17-PM-600x600.jpeg",600,600,true],"cvmm-large":["https:\/\/diariolanoticia.com.mx\/wp-content\/uploads\/2024\/12\/WhatsApp-Image-2024-12-02-at-3.50.17-PM-1024x1024.jpeg",1024,1024,true],"cvmm-small":["https:\/\/diariolanoticia.com.mx\/wp-content\/uploads\/2024\/12\/WhatsApp-Image-2024-12-02-at-3.50.17-PM-130x95.jpeg",130,95,true],"full":["https:\/\/diariolanoticia.com.mx\/wp-content\/uploads\/2024\/12\/WhatsApp-Image-2024-12-02-at-3.50.17-PM.jpeg",1600,1066,false]},"_links":{"self":[{"href":"https:\/\/diariolanoticia.com.mx\/index.php?rest_route=\/wp\/v2\/posts\/127539","targetHints":{"allow":["GET"]}}],"collection":[{"href":"https:\/\/diariolanoticia.com.mx\/index.php?rest_route=\/wp\/v2\/posts"}],"about":[{"href":"https:\/\/diariolanoticia.com.mx\/index.php?rest_route=\/wp\/v2\/types\/post"}],"author":[{"embeddable":true,"href":"https:\/\/diariolanoticia.com.mx\/index.php?rest_route=\/wp\/v2\/users\/1"}],"replies":[{"embeddable":true,"href":"https:\/\/diariolanoticia.com.mx\/index.php?rest_route=%2Fwp%2Fv2%2Fcomments&post=127539"}],"version-history":[{"count":1,"href":"https:\/\/diariolanoticia.com.mx\/index.php?rest_route=\/wp\/v2\/posts\/127539\/revisions"}],"predecessor-version":[{"id":127541,"href":"https:\/\/diariolanoticia.com.mx\/index.php?rest_route=\/wp\/v2\/posts\/127539\/revisions\/127541"}],"wp:featuredmedia":[{"embeddable":true,"href":"https:\/\/diariolanoticia.com.mx\/index.php?rest_route=\/wp\/v2\/media\/127540"}],"wp:attachment":[{"href":"https:\/\/diariolanoticia.com.mx\/index.php?rest_route=%2Fwp%2Fv2%2Fmedia&parent=127539"}],"wp:term":[{"taxonomy":"category","embeddable":true,"href":"https:\/\/diariolanoticia.com.mx\/index.php?rest_route=%2Fwp%2Fv2%2Fcategories&post=127539"},{"taxonomy":"post_tag","embeddable":true,"href":"https:\/\/diariolanoticia.com.mx\/index.php?rest_route=%2Fwp%2Fv2%2Ftags&post=127539"}],"curies":[{"name":"wp","href":"https:\/\/api.w.org\/{rel}","templated":true}]}}