{"id":127587,"date":"2024-12-02T20:53:06","date_gmt":"2024-12-03T02:53:06","guid":{"rendered":"https:\/\/diariolanoticia.com.mx\/?p=127587"},"modified":"2024-12-05T20:53:20","modified_gmt":"2024-12-06T02:53:20","slug":"celebran-en-el-congreso-foro-informativo-sobre-atencion-a-migrantes","status":"publish","type":"post","link":"https:\/\/diariolanoticia.com.mx\/?p=127587","title":{"rendered":"Celebran en el Congreso Foro Informativo sobre Atenci\u00f3n a Migrantes"},"content":{"rendered":"\n<p>Este lunes, en el Patio Vitral del Congreso del Estado, la diputada Engracia Morales Delgado fue anfitriona del Foro Informativo sobre Atenci\u00f3n a Migrantes, en el que se abordaron temas relevantes para la situaci\u00f3n migratoria de mexicanos y de los migrantes que se encuentran asentados o en tr\u00e1nsito por Tlaxcala.<\/p>\n\n\n\n<p>En su mensaje, la diputada Engracia Morales, presidenta de la Comisi\u00f3n de Asuntos Migratorios de la LXV Legislatura, destac\u00f3 la importancia de abrir espacios para difundir las acciones que las instituciones de gobierno realizan para proteger y garantizar los derechos de las y los tlaxcaltecas migrantes.<\/p>\n\n\n\n<p>El foro cont\u00f3 con la participaci\u00f3n de la presidenta de la Comisi\u00f3n Estatal de Derechos Humanos (CEDH), Jakqueline Ordo\u00f1ez Brasdefer; la presidenta honor\u00edfica del Sistema Estatal para el Desarrollo Integral de la Familia (SEDIF), Mariana Espinosa de los Monteros Cu\u00e9llar; as\u00ed como representantes de la Direcci\u00f3n de Atenci\u00f3n a Migrantes del Gobierno Estatal y del Instituto Nacional de Migraci\u00f3n.<br><br>Tambi\u00e9n estuvieron presentes las diputadas vocales de la Comisi\u00f3n de Asuntos Migratorios, Mar\u00eda Ana Bertha Mastranzo Corona y Maribel Cervantes Hern\u00e1ndez, junto con los legisladores Emilio De la Pe\u00f1a, David Mart\u00ednez, Laura Flores, Maribel Le\u00f3n, Sandra Aguilar, Reyna Flor B\u00e1ez y Lorena Ruiz.<\/p>\n\n\n\n<p>Con la realizaci\u00f3n de estos foros, el Congreso del Estado refuerza su compromiso de cooperar en la garant\u00eda de los derechos humanos y en la promoci\u00f3n de una migraci\u00f3n regular desde y hacia Tlaxcala.<\/p>\n","protected":false},"excerpt":{"rendered":"<p>Este lunes, en el Patio Vitral del Congreso del Estado, la diputada Engracia Morales Delgado fue anfitriona del Foro Informativo sobre Atenci\u00f3n a Migrantes, en el que se abordaron temas relevantes para la situaci\u00f3n migratoria de mexicanos y de los migrantes que se encuentran asentados o en tr\u00e1nsito por Tlaxcala. En su mensaje, la diputada [&hellip;]<\/p>\n","protected":false},"author":1,"featured_media":127588,"comment_status":"open","ping_status":"open","sticky":false,"template":"","format":"standard","meta":{"footnotes":""},"categories":[22],"tags":[],"class_list":["post-127587","post","type-post","status-publish","format-standard","has-post-thumbnail","hentry","category-congreso"],"blog_post_layout_featured_media_urls":{"thumbnail":["https:\/\/diariolanoticia.com.mx\/wp-content\/uploads\/2024\/12\/41a33c12-4f49-4ad2-9aa6-1762a52b6fbe-216x160.jpg",216,160,true],"full":["https:\/\/diariolanoticia.com.mx\/wp-content\/uploads\/2024\/12\/41a33c12-4f49-4ad2-9aa6-1762a52b6fbe.jpg",1280,853,false]},"categories_names":{"22":{"name":"Congreso","link":"https:\/\/diariolanoticia.com.mx\/?cat=22"}},"tags_names":[],"comments_number":"0","wpmagazine_modules_lite_featured_media_urls":{"thumbnail":["https:\/\/diariolanoticia.com.mx\/wp-content\/uploads\/2024\/12\/41a33c12-4f49-4ad2-9aa6-1762a52b6fbe-216x160.jpg",216,160,true],"cvmm-medium":["https:\/\/diariolanoticia.com.mx\/wp-content\/uploads\/2024\/12\/41a33c12-4f49-4ad2-9aa6-1762a52b6fbe-300x300.jpg",300,300,true],"cvmm-medium-plus":["https:\/\/diariolanoticia.com.mx\/wp-content\/uploads\/2024\/12\/41a33c12-4f49-4ad2-9aa6-1762a52b6fbe-305x207.jpg",305,207,true],"cvmm-portrait":["https:\/\/diariolanoticia.com.mx\/wp-content\/uploads\/2024\/12\/41a33c12-4f49-4ad2-9aa6-1762a52b6fbe-400x600.jpg",400,600,true],"cvmm-medium-square":["https:\/\/diariolanoticia.com.mx\/wp-content\/uploads\/2024\/12\/41a33c12-4f49-4ad2-9aa6-1762a52b6fbe-600x600.jpg",600,600,true],"cvmm-large":["https:\/\/diariolanoticia.com.mx\/wp-content\/uploads\/2024\/12\/41a33c12-4f49-4ad2-9aa6-1762a52b6fbe-1024x853.jpg",1024,853,true],"cvmm-small":["https:\/\/diariolanoticia.com.mx\/wp-content\/uploads\/2024\/12\/41a33c12-4f49-4ad2-9aa6-1762a52b6fbe-130x95.jpg",130,95,true],"full":["https:\/\/diariolanoticia.com.mx\/wp-content\/uploads\/2024\/12\/41a33c12-4f49-4ad2-9aa6-1762a52b6fbe.jpg",1280,853,false]},"_links":{"self":[{"href":"https:\/\/diariolanoticia.com.mx\/index.php?rest_route=\/wp\/v2\/posts\/127587","targetHints":{"allow":["GET"]}}],"collection":[{"href":"https:\/\/diariolanoticia.com.mx\/index.php?rest_route=\/wp\/v2\/posts"}],"about":[{"href":"https:\/\/diariolanoticia.com.mx\/index.php?rest_route=\/wp\/v2\/types\/post"}],"author":[{"embeddable":true,"href":"https:\/\/diariolanoticia.com.mx\/index.php?rest_route=\/wp\/v2\/users\/1"}],"replies":[{"embeddable":true,"href":"https:\/\/diariolanoticia.com.mx\/index.php?rest_route=%2Fwp%2Fv2%2Fcomments&post=127587"}],"version-history":[{"count":1,"href":"https:\/\/diariolanoticia.com.mx\/index.php?rest_route=\/wp\/v2\/posts\/127587\/revisions"}],"predecessor-version":[{"id":127589,"href":"https:\/\/diariolanoticia.com.mx\/index.php?rest_route=\/wp\/v2\/posts\/127587\/revisions\/127589"}],"wp:featuredmedia":[{"embeddable":true,"href":"https:\/\/diariolanoticia.com.mx\/index.php?rest_route=\/wp\/v2\/media\/127588"}],"wp:attachment":[{"href":"https:\/\/diariolanoticia.com.mx\/index.php?rest_route=%2Fwp%2Fv2%2Fmedia&parent=127587"}],"wp:term":[{"taxonomy":"category","embeddable":true,"href":"https:\/\/diariolanoticia.com.mx\/index.php?rest_route=%2Fwp%2Fv2%2Fcategories&post=127587"},{"taxonomy":"post_tag","embeddable":true,"href":"https:\/\/diariolanoticia.com.mx\/index.php?rest_route=%2Fwp%2Fv2%2Ftags&post=127587"}],"curies":[{"name":"wp","href":"https:\/\/api.w.org\/{rel}","templated":true}]}}