{"id":127646,"date":"2024-12-04T21:27:01","date_gmt":"2024-12-05T03:27:01","guid":{"rendered":"https:\/\/diariolanoticia.com.mx\/?p=127646"},"modified":"2024-12-05T21:27:13","modified_gmt":"2024-12-06T03:27:13","slug":"praxis-profesional-de-estudiantes-de-cea-uatx-amplia-y-fortalece-vinculacion-con-el-sector-productivo","status":"publish","type":"post","link":"https:\/\/diariolanoticia.com.mx\/?p=127646","title":{"rendered":"Praxis profesional de estudiantes de CEA UATx ampl\u00eda y fortalece vinculaci\u00f3n con el sector productivo"},"content":{"rendered":"\n<p>Estudiantes de tercer semestre de la Licenciatura en Administraci\u00f3n de la Facultad de Ciencias Econ\u00f3mico Administrativas de la Universidad Aut\u00f3noma de Tlaxcala (UATx) presentaron sus proyectos del Seminario de Integraci\u00f3n de la Praxis Profesional III en el Foro \u00abVisi\u00f3n sist\u00e9mica para la eficiencia de procesos\u00bb. Estos trabajos se desarrollaron en conjunto con Micro, Peque\u00f1as y Medianas Empresas (MIPYMES) del sector panadero, textilero y hotelero del estado de Tlaxcala.<\/p>\n\n\n\n<p>Durante la actividad, los estudiantes expusieron los hallazgos identificados en cada sector, as\u00ed como las recomendaciones que realizaron a las MIPYMES.<\/p>\n\n\n\n<p>Posteriormente, en representaci\u00f3n de todos los empresarios, participaron el Licenciado Jos\u00e9 Pablo Rodr\u00edguez L\u00f3pez de la Panader\u00eda La Flor de Huamantla, la Licenciada Mar\u00eda de los \u00c1ngeles Palafox Le\u00f3n de Lanera Textil y el Licenciado Mois\u00e9s Cahuantzi del sector hotelero. Cada uno de ellos felicit\u00f3 y agradeci\u00f3 a los estudiantes, docentes y a la Universidad por las aportaciones brindadas a sus organizaciones a trav\u00e9s de la vinculaci\u00f3n que se realiza mediante la Praxis Profesional.<\/p>\n\n\n\n<p>Al evento asistieron el Maestro Mario Franz Subieta Zecua, Director de la Facultad; la Maestra M\u00f3nica Sarmiento Padilla, Secretaria de la Facultad; la Maestra Larissa S\u00e1nchez Grande, Coordinadora de la Licenciatura en Administraci\u00f3n.<\/p>\n\n\n\n<p>De igual forma, la Maestra Anna Roc\u00edo Tejeda P\u00e1ez y la Maestra&nbsp; Ariana Gisela Jim\u00e9nez V\u00e1zquez del Centro de Investigaci\u00f3n Educativa de la UATx; el Maestro Rodrigo V\u00e1zquez Haro de la Unidad Institucional de Profesionalizaci\u00f3n Docente; la Maestra Guadalupe Cruz Garc\u00eda, la Doctora Susana Sarmiento Paredes y la Doctora&nbsp; Maricela Morales Caporal, docentes del Seminario de la Praxis Profesional; as\u00ed como estudiantes, docentes, empresarios y padres de familia.<\/p>\n","protected":false},"excerpt":{"rendered":"<p>Estudiantes de tercer semestre de la Licenciatura en Administraci\u00f3n de la Facultad de Ciencias Econ\u00f3mico Administrativas de la Universidad Aut\u00f3noma de Tlaxcala (UATx) presentaron sus proyectos del Seminario de Integraci\u00f3n de la Praxis Profesional III en el Foro \u00abVisi\u00f3n sist\u00e9mica para la eficiencia de procesos\u00bb. Estos trabajos se desarrollaron en conjunto con Micro, Peque\u00f1as y [&hellip;]<\/p>\n","protected":false},"author":1,"featured_media":127647,"comment_status":"open","ping_status":"open","sticky":false,"template":"","format":"standard","meta":{"footnotes":""},"categories":[10],"tags":[],"class_list":["post-127646","post","type-post","status-publish","format-standard","has-post-thumbnail","hentry","category-educacion"],"blog_post_layout_featured_media_urls":{"thumbnail":["https:\/\/diariolanoticia.com.mx\/wp-content\/uploads\/2024\/12\/04-Praxis-profesional-de-estudiantes-de-CEA-UATx-amplia-y-fortalece-vinculacion-con-el-sector-productivo-A-216x160.jpeg",216,160,true],"full":["https:\/\/diariolanoticia.com.mx\/wp-content\/uploads\/2024\/12\/04-Praxis-profesional-de-estudiantes-de-CEA-UATx-amplia-y-fortalece-vinculacion-con-el-sector-productivo-A.jpeg",1570,1177,false]},"categories_names":{"10":{"name":"Educaci\u00f3n","link":"https:\/\/diariolanoticia.com.mx\/?cat=10"}},"tags_names":[],"comments_number":"0","wpmagazine_modules_lite_featured_media_urls":{"thumbnail":["https:\/\/diariolanoticia.com.mx\/wp-content\/uploads\/2024\/12\/04-Praxis-profesional-de-estudiantes-de-CEA-UATx-amplia-y-fortalece-vinculacion-con-el-sector-productivo-A-216x160.jpeg",216,160,true],"cvmm-medium":["https:\/\/diariolanoticia.com.mx\/wp-content\/uploads\/2024\/12\/04-Praxis-profesional-de-estudiantes-de-CEA-UATx-amplia-y-fortalece-vinculacion-con-el-sector-productivo-A-300x300.jpeg",300,300,true],"cvmm-medium-plus":["https:\/\/diariolanoticia.com.mx\/wp-content\/uploads\/2024\/12\/04-Praxis-profesional-de-estudiantes-de-CEA-UATx-amplia-y-fortalece-vinculacion-con-el-sector-productivo-A-305x207.jpeg",305,207,true],"cvmm-portrait":["https:\/\/diariolanoticia.com.mx\/wp-content\/uploads\/2024\/12\/04-Praxis-profesional-de-estudiantes-de-CEA-UATx-amplia-y-fortalece-vinculacion-con-el-sector-productivo-A-400x600.jpeg",400,600,true],"cvmm-medium-square":["https:\/\/diariolanoticia.com.mx\/wp-content\/uploads\/2024\/12\/04-Praxis-profesional-de-estudiantes-de-CEA-UATx-amplia-y-fortalece-vinculacion-con-el-sector-productivo-A-600x600.jpeg",600,600,true],"cvmm-large":["https:\/\/diariolanoticia.com.mx\/wp-content\/uploads\/2024\/12\/04-Praxis-profesional-de-estudiantes-de-CEA-UATx-amplia-y-fortalece-vinculacion-con-el-sector-productivo-A-1024x1024.jpeg",1024,1024,true],"cvmm-small":["https:\/\/diariolanoticia.com.mx\/wp-content\/uploads\/2024\/12\/04-Praxis-profesional-de-estudiantes-de-CEA-UATx-amplia-y-fortalece-vinculacion-con-el-sector-productivo-A-130x95.jpeg",130,95,true],"full":["https:\/\/diariolanoticia.com.mx\/wp-content\/uploads\/2024\/12\/04-Praxis-profesional-de-estudiantes-de-CEA-UATx-amplia-y-fortalece-vinculacion-con-el-sector-productivo-A.jpeg",1570,1177,false]},"_links":{"self":[{"href":"https:\/\/diariolanoticia.com.mx\/index.php?rest_route=\/wp\/v2\/posts\/127646","targetHints":{"allow":["GET"]}}],"collection":[{"href":"https:\/\/diariolanoticia.com.mx\/index.php?rest_route=\/wp\/v2\/posts"}],"about":[{"href":"https:\/\/diariolanoticia.com.mx\/index.php?rest_route=\/wp\/v2\/types\/post"}],"author":[{"embeddable":true,"href":"https:\/\/diariolanoticia.com.mx\/index.php?rest_route=\/wp\/v2\/users\/1"}],"replies":[{"embeddable":true,"href":"https:\/\/diariolanoticia.com.mx\/index.php?rest_route=%2Fwp%2Fv2%2Fcomments&post=127646"}],"version-history":[{"count":1,"href":"https:\/\/diariolanoticia.com.mx\/index.php?rest_route=\/wp\/v2\/posts\/127646\/revisions"}],"predecessor-version":[{"id":127648,"href":"https:\/\/diariolanoticia.com.mx\/index.php?rest_route=\/wp\/v2\/posts\/127646\/revisions\/127648"}],"wp:featuredmedia":[{"embeddable":true,"href":"https:\/\/diariolanoticia.com.mx\/index.php?rest_route=\/wp\/v2\/media\/127647"}],"wp:attachment":[{"href":"https:\/\/diariolanoticia.com.mx\/index.php?rest_route=%2Fwp%2Fv2%2Fmedia&parent=127646"}],"wp:term":[{"taxonomy":"category","embeddable":true,"href":"https:\/\/diariolanoticia.com.mx\/index.php?rest_route=%2Fwp%2Fv2%2Fcategories&post=127646"},{"taxonomy":"post_tag","embeddable":true,"href":"https:\/\/diariolanoticia.com.mx\/index.php?rest_route=%2Fwp%2Fv2%2Ftags&post=127646"}],"curies":[{"name":"wp","href":"https:\/\/api.w.org\/{rel}","templated":true}]}}