{"id":127661,"date":"2024-12-10T12:50:56","date_gmt":"2024-12-10T18:50:56","guid":{"rendered":"https:\/\/diariolanoticia.com.mx\/?p=127661"},"modified":"2024-12-10T12:50:56","modified_gmt":"2024-12-10T18:50:56","slug":"desde-puebla-trabajaremos-por-un-mexico-mas-inclusivo-y-justo-alejandro-armenta","status":"publish","type":"post","link":"https:\/\/diariolanoticia.com.mx\/?p=127661","title":{"rendered":"Desde Puebla trabajaremos por un M\u00e9xico m\u00e1s inclusivo y justo: Alejandro Armenta"},"content":{"rendered":"\n<p>&#8211; El gobernador electo refrend\u00f3 su compromiso con el respeto a los derechos de pueblos originarios.<\/p>\n\n\n\n<p>Puebla, Pue. \u00abEn Puebla, donde m\u00e1s de 600 mil personas hablan lenguas originarias como el n\u00e1huatl y el totonaco, trabajaremos para garantizar su bienestar, respetando sus territorios, fortaleciendo sus instituciones y promoviendo su participaci\u00f3n activa en la construcci\u00f3n de un futuro sostenible; desde Puebla trabajaremos por un M\u00e9xico m\u00e1s inclusivo y justo\u201d, afirm\u00f3 Alejandro Armenta, gobernador electo, quien refrend\u00f3 su compromiso con el desarrollo integral y el respeto de los derechos de las comunidades ind\u00edgenas y pueblos originarios del estado.<\/p>\n\n\n\n<p>Lo anterior, en el marco del D\u00eda Mundial de los Derechos Humanos, celebrado durante la Ma\u00f1anera del Pueblo, por la presidenta Claudia Sheinbaum, quien sign\u00f3 dos importantes decretos que marcan un hito en la consolidaci\u00f3n de los derechos de los pueblos originarios y comunidades afromexicanas:<\/p>\n\n\n\n<ol class=\"wp-block-list\">\n<li>La traducci\u00f3n a lenguas ind\u00edgenas de la Reforma Constitucional que reconoce y garantiza los derechos de estos pueblos y comunidades.<\/li>\n\n\n\n<li>La creaci\u00f3n de la Comisi\u00f3n Presidencial para el Seguimiento y Atenci\u00f3n de Planes de Justicia, dirigidos a estos grupos.<\/li>\n<\/ol>\n\n\n\n<p>En este contexto, el gobernador electo ha proyectado propuestas espec\u00edficas que est\u00e1n alineadas con la visi\u00f3n del gobierno federal, como el acceso universal a servicios b\u00e1sicos de salud, educaci\u00f3n y vivienda; el respeto a las tradiciones y costumbres de las comunidades, y la promoci\u00f3n de proyectos econ\u00f3micos sostenibles que respeten el medio ambiente y las identidades locales.<\/p>\n\n\n\n<p>Con estas acciones, el gobierno federal y el pr\u00f3ximo gobierno de Puebla, demuestran su compromiso con los principios de justicia social, inclusi\u00f3n y sostenibilidad, reconociendo a los pueblos originarios como pilares del tejido social y cultural del pa\u00eds.<\/p>\n","protected":false},"excerpt":{"rendered":"<p>&#8211; El gobernador electo refrend\u00f3 su compromiso con el respeto a los derechos de pueblos originarios. Puebla, Pue. \u00abEn Puebla, donde m\u00e1s de 600 mil personas hablan lenguas originarias como el n\u00e1huatl y el totonaco, trabajaremos para garantizar su bienestar, respetando sus territorios, fortaleciendo sus instituciones y promoviendo su participaci\u00f3n activa en la construcci\u00f3n de [&hellip;]<\/p>\n","protected":false},"author":1,"featured_media":127660,"comment_status":"closed","ping_status":"open","sticky":false,"template":"","format":"standard","meta":{"footnotes":""},"categories":[20],"tags":[],"class_list":["post-127661","post","type-post","status-publish","format-standard","has-post-thumbnail","hentry","category-norte-de-puebla"],"blog_post_layout_featured_media_urls":{"thumbnail":["https:\/\/diariolanoticia.com.mx\/wp-content\/uploads\/2024\/12\/6467f5b1-5e30-4677-be16-7fcc51146ded-1-216x160.jpg",216,160,true],"full":["https:\/\/diariolanoticia.com.mx\/wp-content\/uploads\/2024\/12\/6467f5b1-5e30-4677-be16-7fcc51146ded-1.jpg",1500,1000,false]},"categories_names":{"20":{"name":"Norte de Puebla","link":"https:\/\/diariolanoticia.com.mx\/?cat=20"}},"tags_names":[],"comments_number":"0","wpmagazine_modules_lite_featured_media_urls":{"thumbnail":["https:\/\/diariolanoticia.com.mx\/wp-content\/uploads\/2024\/12\/6467f5b1-5e30-4677-be16-7fcc51146ded-1-216x160.jpg",216,160,true],"cvmm-medium":["https:\/\/diariolanoticia.com.mx\/wp-content\/uploads\/2024\/12\/6467f5b1-5e30-4677-be16-7fcc51146ded-1-300x300.jpg",300,300,true],"cvmm-medium-plus":["https:\/\/diariolanoticia.com.mx\/wp-content\/uploads\/2024\/12\/6467f5b1-5e30-4677-be16-7fcc51146ded-1-305x207.jpg",305,207,true],"cvmm-portrait":["https:\/\/diariolanoticia.com.mx\/wp-content\/uploads\/2024\/12\/6467f5b1-5e30-4677-be16-7fcc51146ded-1-400x600.jpg",400,600,true],"cvmm-medium-square":["https:\/\/diariolanoticia.com.mx\/wp-content\/uploads\/2024\/12\/6467f5b1-5e30-4677-be16-7fcc51146ded-1-600x600.jpg",600,600,true],"cvmm-large":["https:\/\/diariolanoticia.com.mx\/wp-content\/uploads\/2024\/12\/6467f5b1-5e30-4677-be16-7fcc51146ded-1-1024x1000.jpg",1024,1000,true],"cvmm-small":["https:\/\/diariolanoticia.com.mx\/wp-content\/uploads\/2024\/12\/6467f5b1-5e30-4677-be16-7fcc51146ded-1-130x95.jpg",130,95,true],"full":["https:\/\/diariolanoticia.com.mx\/wp-content\/uploads\/2024\/12\/6467f5b1-5e30-4677-be16-7fcc51146ded-1.jpg",1500,1000,false]},"_links":{"self":[{"href":"https:\/\/diariolanoticia.com.mx\/index.php?rest_route=\/wp\/v2\/posts\/127661","targetHints":{"allow":["GET"]}}],"collection":[{"href":"https:\/\/diariolanoticia.com.mx\/index.php?rest_route=\/wp\/v2\/posts"}],"about":[{"href":"https:\/\/diariolanoticia.com.mx\/index.php?rest_route=\/wp\/v2\/types\/post"}],"author":[{"embeddable":true,"href":"https:\/\/diariolanoticia.com.mx\/index.php?rest_route=\/wp\/v2\/users\/1"}],"replies":[{"embeddable":true,"href":"https:\/\/diariolanoticia.com.mx\/index.php?rest_route=%2Fwp%2Fv2%2Fcomments&post=127661"}],"version-history":[{"count":1,"href":"https:\/\/diariolanoticia.com.mx\/index.php?rest_route=\/wp\/v2\/posts\/127661\/revisions"}],"predecessor-version":[{"id":127662,"href":"https:\/\/diariolanoticia.com.mx\/index.php?rest_route=\/wp\/v2\/posts\/127661\/revisions\/127662"}],"wp:featuredmedia":[{"embeddable":true,"href":"https:\/\/diariolanoticia.com.mx\/index.php?rest_route=\/wp\/v2\/media\/127660"}],"wp:attachment":[{"href":"https:\/\/diariolanoticia.com.mx\/index.php?rest_route=%2Fwp%2Fv2%2Fmedia&parent=127661"}],"wp:term":[{"taxonomy":"category","embeddable":true,"href":"https:\/\/diariolanoticia.com.mx\/index.php?rest_route=%2Fwp%2Fv2%2Fcategories&post=127661"},{"taxonomy":"post_tag","embeddable":true,"href":"https:\/\/diariolanoticia.com.mx\/index.php?rest_route=%2Fwp%2Fv2%2Ftags&post=127661"}],"curies":[{"name":"wp","href":"https:\/\/api.w.org\/{rel}","templated":true}]}}