{"id":127694,"date":"2024-12-13T15:43:54","date_gmt":"2024-12-13T21:43:54","guid":{"rendered":"https:\/\/diariolanoticia.com.mx\/?p=127694"},"modified":"2024-12-13T15:43:54","modified_gmt":"2024-12-13T21:43:54","slug":"avala-comision-del-congreso-reformas-constitucionales-en-materia-de-proteccion-a-la-salud","status":"publish","type":"post","link":"https:\/\/diariolanoticia.com.mx\/?p=127694","title":{"rendered":"Avala Comisi\u00f3n del Congreso reformas constitucionales, en materia de protecci\u00f3n a la salud"},"content":{"rendered":"\n<p class=\"s6\">&#8211; El objetivo es sancionar toda actividad relacionada con&nbsp;vapeadores&nbsp;y el uso il\u00edcito del fentanilo&nbsp;<\/p>\n\n\n\n<p class=\"s6\">La Comisi\u00f3n de Gobernaci\u00f3n y Puntos Constitucionales de la LXII legislatura aprob\u00f3 el proyecto de decreto para adicionar la Constituci\u00f3n Pol\u00edtica de los Estados Unidos Mexicanos, en materia de protecci\u00f3n a la salud.<\/p>\n\n\n\n<p class=\"s6\">El proyecto de decreto tiene como objetivo sancionar toda actividad relacionada con cigarrillos electr\u00f3nicos,&nbsp;vapeadores&nbsp;y dem\u00e1s sistemas a dispositivos an\u00e1logos que se\u00f1ale la Ley, as\u00ed como la producci\u00f3n, distribuci\u00f3n y enajenaci\u00f3n de sustancias t\u00f3xicas, precursores qu\u00edmicos, el uso l\u00edcito del fentanilo y dem\u00e1s drogas sint\u00e9ticas no autorizadas.<\/p>\n\n\n\n<p class=\"s6\">En este sentido, el diputado presidente de la Comisi\u00f3n de Gobernaci\u00f3n, Julio Miguel Huerta G\u00f3mez celebr\u00f3 la promoci\u00f3n de esta iniciativa, por parte del titular del Ejecutivo Federal en su momento, para priorizar medidas que garanticen la salud de las y los mexicanos, as\u00ed como atacar de manera frontal las sustancias prohibidas como los precursores qu\u00edmicos y el fentanilo.&nbsp;<\/p>\n\n\n\n<p class=\"s6\">De igual manera, el diputado Jos\u00e9 Luis Figueroa Cort\u00e9s se\u00f1al\u00f3 que las reformas constitucionales para la prohibici\u00f3n del fentanilo y el uso de&nbsp;vapeadores, representan un paso relevante para evitar miles de casos de enfermedades respiratorias y afecciones pulmonares.<\/p>\n\n\n\n<p class=\"s6\">A la sesi\u00f3n de la Comisi\u00f3n de Gobernaci\u00f3n y Puntos Constitucionales, asistieron las y los diputados Julio Miguel Huerta G\u00f3mez, Laura Artemisa Garc\u00eda Ch\u00e1vez, Jos\u00e9 Luis Figueroa Cort\u00e9s y&nbsp;Fedrha&nbsp;Isabel Suriano Corrales.<\/p>\n","protected":false},"excerpt":{"rendered":"<p>&#8211; El objetivo es sancionar toda actividad relacionada con&nbsp;vapeadores&nbsp;y el uso il\u00edcito del fentanilo&nbsp; La Comisi\u00f3n de Gobernaci\u00f3n y Puntos Constitucionales de la LXII legislatura aprob\u00f3 el proyecto de decreto para adicionar la Constituci\u00f3n Pol\u00edtica de los Estados Unidos Mexicanos, en materia de protecci\u00f3n a la salud. El proyecto de decreto tiene como objetivo sancionar [&hellip;]<\/p>\n","protected":false},"author":1,"featured_media":127693,"comment_status":"closed","ping_status":"open","sticky":false,"template":"","format":"standard","meta":{"footnotes":""},"categories":[20],"tags":[],"class_list":["post-127694","post","type-post","status-publish","format-standard","has-post-thumbnail","hentry","category-norte-de-puebla"],"blog_post_layout_featured_media_urls":{"thumbnail":["https:\/\/diariolanoticia.com.mx\/wp-content\/uploads\/2024\/12\/d9568fd8-d689-423e-9b2c-09b51a0d53ac-1-216x160.jpg",216,160,true],"full":["https:\/\/diariolanoticia.com.mx\/wp-content\/uploads\/2024\/12\/d9568fd8-d689-423e-9b2c-09b51a0d53ac-1.jpg",1500,1125,false]},"categories_names":{"20":{"name":"Norte de Puebla","link":"https:\/\/diariolanoticia.com.mx\/?cat=20"}},"tags_names":[],"comments_number":"0","wpmagazine_modules_lite_featured_media_urls":{"thumbnail":["https:\/\/diariolanoticia.com.mx\/wp-content\/uploads\/2024\/12\/d9568fd8-d689-423e-9b2c-09b51a0d53ac-1-216x160.jpg",216,160,true],"cvmm-medium":["https:\/\/diariolanoticia.com.mx\/wp-content\/uploads\/2024\/12\/d9568fd8-d689-423e-9b2c-09b51a0d53ac-1-300x300.jpg",300,300,true],"cvmm-medium-plus":["https:\/\/diariolanoticia.com.mx\/wp-content\/uploads\/2024\/12\/d9568fd8-d689-423e-9b2c-09b51a0d53ac-1-305x207.jpg",305,207,true],"cvmm-portrait":["https:\/\/diariolanoticia.com.mx\/wp-content\/uploads\/2024\/12\/d9568fd8-d689-423e-9b2c-09b51a0d53ac-1-400x600.jpg",400,600,true],"cvmm-medium-square":["https:\/\/diariolanoticia.com.mx\/wp-content\/uploads\/2024\/12\/d9568fd8-d689-423e-9b2c-09b51a0d53ac-1-600x600.jpg",600,600,true],"cvmm-large":["https:\/\/diariolanoticia.com.mx\/wp-content\/uploads\/2024\/12\/d9568fd8-d689-423e-9b2c-09b51a0d53ac-1-1024x1024.jpg",1024,1024,true],"cvmm-small":["https:\/\/diariolanoticia.com.mx\/wp-content\/uploads\/2024\/12\/d9568fd8-d689-423e-9b2c-09b51a0d53ac-1-130x95.jpg",130,95,true],"full":["https:\/\/diariolanoticia.com.mx\/wp-content\/uploads\/2024\/12\/d9568fd8-d689-423e-9b2c-09b51a0d53ac-1.jpg",1500,1125,false]},"_links":{"self":[{"href":"https:\/\/diariolanoticia.com.mx\/index.php?rest_route=\/wp\/v2\/posts\/127694","targetHints":{"allow":["GET"]}}],"collection":[{"href":"https:\/\/diariolanoticia.com.mx\/index.php?rest_route=\/wp\/v2\/posts"}],"about":[{"href":"https:\/\/diariolanoticia.com.mx\/index.php?rest_route=\/wp\/v2\/types\/post"}],"author":[{"embeddable":true,"href":"https:\/\/diariolanoticia.com.mx\/index.php?rest_route=\/wp\/v2\/users\/1"}],"replies":[{"embeddable":true,"href":"https:\/\/diariolanoticia.com.mx\/index.php?rest_route=%2Fwp%2Fv2%2Fcomments&post=127694"}],"version-history":[{"count":1,"href":"https:\/\/diariolanoticia.com.mx\/index.php?rest_route=\/wp\/v2\/posts\/127694\/revisions"}],"predecessor-version":[{"id":127695,"href":"https:\/\/diariolanoticia.com.mx\/index.php?rest_route=\/wp\/v2\/posts\/127694\/revisions\/127695"}],"wp:featuredmedia":[{"embeddable":true,"href":"https:\/\/diariolanoticia.com.mx\/index.php?rest_route=\/wp\/v2\/media\/127693"}],"wp:attachment":[{"href":"https:\/\/diariolanoticia.com.mx\/index.php?rest_route=%2Fwp%2Fv2%2Fmedia&parent=127694"}],"wp:term":[{"taxonomy":"category","embeddable":true,"href":"https:\/\/diariolanoticia.com.mx\/index.php?rest_route=%2Fwp%2Fv2%2Fcategories&post=127694"},{"taxonomy":"post_tag","embeddable":true,"href":"https:\/\/diariolanoticia.com.mx\/index.php?rest_route=%2Fwp%2Fv2%2Ftags&post=127694"}],"curies":[{"name":"wp","href":"https:\/\/api.w.org\/{rel}","templated":true}]}}