{"id":127767,"date":"2024-12-04T15:43:41","date_gmt":"2024-12-04T21:43:41","guid":{"rendered":"https:\/\/diariolanoticia.com.mx\/?p=127767"},"modified":"2025-01-07T15:44:07","modified_gmt":"2025-01-07T21:44:07","slug":"profundizan-investigadores-de-la-uatx-en-estudio-y-conservacion-de-mamiferos-en-estacion-cientifica-la-malinche","status":"publish","type":"post","link":"https:\/\/diariolanoticia.com.mx\/?p=127767","title":{"rendered":"Profundizan investigadores de la UATx en estudio y conservaci\u00f3n de mam\u00edferos en Estaci\u00f3n Cient\u00edfica La Malinche"},"content":{"rendered":"\n<p>\u00b7&nbsp;&nbsp;&nbsp;&nbsp;&nbsp;&nbsp;&nbsp;&nbsp;&nbsp;Se imparti\u00f3 el curso T\u00e9cnicas para el estudio de mam\u00edferos peque\u00f1os no voladores<\/p>\n\n\n\n<p>Explorar el mundo de los peque\u00f1os mam\u00edferos no voladores fue el objetivo principal del curso de campo T\u00e9cnicas para el estudio de mam\u00edferos peque\u00f1os no voladores, realizado en la Estaci\u00f3n Cient\u00edfica La Malinche del Centro Tlaxcala Biolog\u00eda de la Conducta de la Universidad Aut\u00f3noma de Tlaxcala (CTBC-UATx), del 28 de noviembre al 1 de diciembre.<\/p>\n\n\n\n<p>&nbsp;Este curso ofreci\u00f3 a estudiantes de licenciatura y posgrado en ciencias biol\u00f3gicas, ciencias ambientales, medicina veterinaria y \u00e1reas afines una oportunidad \u00fanica para profundizar en el estudio y conservaci\u00f3n de estos fascinantes seres, adem\u00e1s de desarrollar habilidades pr\u00e1cticas en el manejo de diversas t\u00e9cnicas de investigaci\u00f3n en campo.<\/p>\n\n\n\n<p>Durante el primer d\u00eda, en modalidad virtual, se impartieron conferencias magistrales por destacados investigadores de la Universidad Aut\u00f3noma del Estado de Morelos, Universidad Aut\u00f3noma Metropolitana-Iztapalapa e Instituto Nacional de Ecolog\u00eda, quienes abordaron temas como la diversidad de ratones en M\u00e9xico, la biolog\u00eda reproductiva de los&nbsp;<em>peromyscus<\/em>, un g\u00e9nero de roedores conocido por su importancia ecol\u00f3gica y relevancia en estudios cient\u00edficos, as\u00ed como el Proyecto LTER y el monitoreo de fauna en la Reserva de la Biosfera Mapim\u00ed, que ha sido fundamental para el estudio de los roedores y otros mam\u00edferos peque\u00f1os en su h\u00e1bitat natural.<\/p>\n\n\n\n<p>En las instalaciones de la Estaci\u00f3n Cient\u00edfica La Malinche, los participantes practicaron diversas t\u00e9cnicas esenciales para el estudio de estos organismos, incluyendo la identificaci\u00f3n de especies, m\u00e9todos de captura y colocaci\u00f3n de trampas Sherman, manipulaci\u00f3n segura de ejemplares capturados, y estudios sobre interacciones entre mam\u00edferos peque\u00f1os y sus depredadores. Tambi\u00e9n se realizaron talleres sobre la instalaci\u00f3n, revisi\u00f3n y recuperaci\u00f3n de c\u00e1maras trampa, as\u00ed como la colecta de ectopar\u00e1sitos (pulgas) y la \u00e9tica en el manejo de animales silvestres.<\/p>\n\n\n\n<p>Adem\u00e1s, se llevaron a cabo actividades pr\u00e1cticas de medici\u00f3n de conducta en laboratorio y en vida libre, pruebas conductuales, biolog\u00eda de la reproducci\u00f3n y fisiolog\u00eda, y un taller de taxidermia. Este enfoque pr\u00e1ctico permiti\u00f3 a los estudiantes aplicar los conocimientos adquiridos y desarrollar habilidades fundamentales para la investigaci\u00f3n en campo. La combinaci\u00f3n de teor\u00eda y pr\u00e1ctica enriqueci\u00f3 significativamente la experiencia educativa de los participantes.<\/p>\n\n\n\n<p>El curso, coordinado por investigadores del CTBC-UATx, culmin\u00f3 con una revisi\u00f3n de resultados y comentarios finales, fomentando el inter\u00e9s en la investigaci\u00f3n de la fauna silvestre y subrayando la importancia del estudio y conservaci\u00f3n de los mam\u00edferos peque\u00f1os en sus ecosistemas naturales. Iniciativas como esta no solo fortalecen la formaci\u00f3n acad\u00e9mica, sino que tambi\u00e9n promueven la conciencia sobre la conservaci\u00f3n de la biodiversidad.<\/p>\n\n\n\n<p>El curso estuvo a cargo de los Doctores Fernando Aguilar, Jorge V\u00e1zquez, Octavio Monroy, Eduardo Aguilera, Armando Bautista y Mar\u00eda Luisa Rodr\u00edguez; el Maestro Jorge Fern\u00e1ndez, el Bi\u00f3logo Mizraim M\u00e9ndez, y estudiantes del CTBC.<\/p>\n","protected":false},"excerpt":{"rendered":"<p>\u00b7&nbsp;&nbsp;&nbsp;&nbsp;&nbsp;&nbsp;&nbsp;&nbsp;&nbsp;Se imparti\u00f3 el curso T\u00e9cnicas para el estudio de mam\u00edferos peque\u00f1os no voladores Explorar el mundo de los peque\u00f1os mam\u00edferos no voladores fue el objetivo principal del curso de campo T\u00e9cnicas para el estudio de mam\u00edferos peque\u00f1os no voladores, realizado en la Estaci\u00f3n Cient\u00edfica La Malinche del Centro Tlaxcala Biolog\u00eda de la Conducta de la [&hellip;]<\/p>\n","protected":false},"author":1,"featured_media":127768,"comment_status":"open","ping_status":"open","sticky":false,"template":"","format":"standard","meta":{"footnotes":""},"categories":[10],"tags":[],"class_list":["post-127767","post","type-post","status-publish","format-standard","has-post-thumbnail","hentry","category-educacion"],"blog_post_layout_featured_media_urls":{"thumbnail":["https:\/\/diariolanoticia.com.mx\/wp-content\/uploads\/2025\/01\/04-Profundizan-investigadores-de-la-UATx-en-estudio-y-C-216x160.jpeg",216,160,true],"full":["https:\/\/diariolanoticia.com.mx\/wp-content\/uploads\/2025\/01\/04-Profundizan-investigadores-de-la-UATx-en-estudio-y-C.jpeg",1076,756,false]},"categories_names":{"10":{"name":"Educaci\u00f3n","link":"https:\/\/diariolanoticia.com.mx\/?cat=10"}},"tags_names":[],"comments_number":"0","wpmagazine_modules_lite_featured_media_urls":{"thumbnail":["https:\/\/diariolanoticia.com.mx\/wp-content\/uploads\/2025\/01\/04-Profundizan-investigadores-de-la-UATx-en-estudio-y-C-216x160.jpeg",216,160,true],"cvmm-medium":["https:\/\/diariolanoticia.com.mx\/wp-content\/uploads\/2025\/01\/04-Profundizan-investigadores-de-la-UATx-en-estudio-y-C-300x300.jpeg",300,300,true],"cvmm-medium-plus":["https:\/\/diariolanoticia.com.mx\/wp-content\/uploads\/2025\/01\/04-Profundizan-investigadores-de-la-UATx-en-estudio-y-C-305x207.jpeg",305,207,true],"cvmm-portrait":["https:\/\/diariolanoticia.com.mx\/wp-content\/uploads\/2025\/01\/04-Profundizan-investigadores-de-la-UATx-en-estudio-y-C-400x600.jpeg",400,600,true],"cvmm-medium-square":["https:\/\/diariolanoticia.com.mx\/wp-content\/uploads\/2025\/01\/04-Profundizan-investigadores-de-la-UATx-en-estudio-y-C-600x600.jpeg",600,600,true],"cvmm-large":["https:\/\/diariolanoticia.com.mx\/wp-content\/uploads\/2025\/01\/04-Profundizan-investigadores-de-la-UATx-en-estudio-y-C-1024x756.jpeg",1024,756,true],"cvmm-small":["https:\/\/diariolanoticia.com.mx\/wp-content\/uploads\/2025\/01\/04-Profundizan-investigadores-de-la-UATx-en-estudio-y-C-130x95.jpeg",130,95,true],"full":["https:\/\/diariolanoticia.com.mx\/wp-content\/uploads\/2025\/01\/04-Profundizan-investigadores-de-la-UATx-en-estudio-y-C.jpeg",1076,756,false]},"_links":{"self":[{"href":"https:\/\/diariolanoticia.com.mx\/index.php?rest_route=\/wp\/v2\/posts\/127767","targetHints":{"allow":["GET"]}}],"collection":[{"href":"https:\/\/diariolanoticia.com.mx\/index.php?rest_route=\/wp\/v2\/posts"}],"about":[{"href":"https:\/\/diariolanoticia.com.mx\/index.php?rest_route=\/wp\/v2\/types\/post"}],"author":[{"embeddable":true,"href":"https:\/\/diariolanoticia.com.mx\/index.php?rest_route=\/wp\/v2\/users\/1"}],"replies":[{"embeddable":true,"href":"https:\/\/diariolanoticia.com.mx\/index.php?rest_route=%2Fwp%2Fv2%2Fcomments&post=127767"}],"version-history":[{"count":1,"href":"https:\/\/diariolanoticia.com.mx\/index.php?rest_route=\/wp\/v2\/posts\/127767\/revisions"}],"predecessor-version":[{"id":127769,"href":"https:\/\/diariolanoticia.com.mx\/index.php?rest_route=\/wp\/v2\/posts\/127767\/revisions\/127769"}],"wp:featuredmedia":[{"embeddable":true,"href":"https:\/\/diariolanoticia.com.mx\/index.php?rest_route=\/wp\/v2\/media\/127768"}],"wp:attachment":[{"href":"https:\/\/diariolanoticia.com.mx\/index.php?rest_route=%2Fwp%2Fv2%2Fmedia&parent=127767"}],"wp:term":[{"taxonomy":"category","embeddable":true,"href":"https:\/\/diariolanoticia.com.mx\/index.php?rest_route=%2Fwp%2Fv2%2Fcategories&post=127767"},{"taxonomy":"post_tag","embeddable":true,"href":"https:\/\/diariolanoticia.com.mx\/index.php?rest_route=%2Fwp%2Fv2%2Ftags&post=127767"}],"curies":[{"name":"wp","href":"https:\/\/api.w.org\/{rel}","templated":true}]}}