{"id":127813,"date":"2024-12-03T18:56:15","date_gmt":"2024-12-04T00:56:15","guid":{"rendered":"https:\/\/diariolanoticia.com.mx\/?p=127813"},"modified":"2025-01-13T18:56:37","modified_gmt":"2025-01-14T00:56:37","slug":"avala-congreso-del-estado-reformas-adiciones-y-derogaciones-a-la-carta-magna-en-materia-de-simplificacion-organica","status":"publish","type":"post","link":"https:\/\/diariolanoticia.com.mx\/?p=127813","title":{"rendered":"Avala Congreso del Estado reformas, adiciones y derogaciones a la Carta Magna en materia de simplificaci\u00f3n org\u00e1nica"},"content":{"rendered":"\n<p>En el desarrollo de la sesi\u00f3n extraordinaria celebrada esta tarde por las y los integrantes de la LXV Legislatura, &nbsp;fue aprobado con 19 votos a favor y 2 votos en contra el Proyecto de Decreto por el que se reforman, adicionan y derogan diversas disposiciones de la Constituci\u00f3n Pol\u00edtica de los Estados Unidos Mexicanos en materia de simplificaci\u00f3n org\u00e1nica, remitido por el Senado de la Rep\u00fablica.<\/p>\n\n\n\n<p>La reforma plantea la extinci\u00f3n de siete organismos entre los que destacan el Sistema Nacional de Mejora Continua de la Educaci\u00f3n, el Consejo Nacional de Evaluaci\u00f3n Pol\u00edtica de Desarrollo Social, la Comisi\u00f3n Federal de Competencia Econ\u00f3mica (COFECE) y el Instituto Federal de Telecomunicaciones (IFT), justificado bajo la premisa de eliminar la duplicidad de funciones, racionalizaci\u00f3n de los recursos p\u00fablicos y la redirecci\u00f3n de las pol\u00edticas sociales.<\/p>\n\n\n\n<p>Este decreto especifica que las econom\u00edas y ahorros que se generen con la extinci\u00f3n de los entes p\u00fablicos se destinar\u00e1n al Fondo de Pensiones para el Bienestar y que ajustar\u00e1n sus estructuras org\u00e1nicas y ocupacionales de conformidad con los principios de racionalidad y austeridad republicana, eliminando todo tipo de duplicidades funcionales u organizacionales, atendiendo a las necesidades de mejora y modernizaci\u00f3n de la gesti\u00f3n p\u00fablica.<\/p>\n\n\n\n<p>Tras la aprobaci\u00f3n y publicaci\u00f3n de este Decreto, la legislatura local tendr\u00e1 un plazo de noventa d\u00edas naturales para armonizar el marco jur\u00eddico en materia de acceso a la informaci\u00f3n p\u00fablica y protecci\u00f3n de datos personales.<\/p>\n","protected":false},"excerpt":{"rendered":"<p>En el desarrollo de la sesi\u00f3n extraordinaria celebrada esta tarde por las y los integrantes de la LXV Legislatura, &nbsp;fue aprobado con 19 votos a favor y 2 votos en contra el Proyecto de Decreto por el que se reforman, adicionan y derogan diversas disposiciones de la Constituci\u00f3n Pol\u00edtica de los Estados Unidos Mexicanos en [&hellip;]<\/p>\n","protected":false},"author":1,"featured_media":127814,"comment_status":"open","ping_status":"open","sticky":false,"template":"","format":"standard","meta":{"footnotes":""},"categories":[22],"tags":[],"class_list":["post-127813","post","type-post","status-publish","format-standard","has-post-thumbnail","hentry","category-congreso"],"blog_post_layout_featured_media_urls":{"thumbnail":["https:\/\/diariolanoticia.com.mx\/wp-content\/uploads\/2025\/01\/0941f136-cbed-4681-b2c7-05865194bc99-216x160.jpg",216,160,true],"full":["https:\/\/diariolanoticia.com.mx\/wp-content\/uploads\/2025\/01\/0941f136-cbed-4681-b2c7-05865194bc99.jpg",1600,1066,false]},"categories_names":{"22":{"name":"Congreso","link":"https:\/\/diariolanoticia.com.mx\/?cat=22"}},"tags_names":[],"comments_number":"0","wpmagazine_modules_lite_featured_media_urls":{"thumbnail":["https:\/\/diariolanoticia.com.mx\/wp-content\/uploads\/2025\/01\/0941f136-cbed-4681-b2c7-05865194bc99-216x160.jpg",216,160,true],"cvmm-medium":["https:\/\/diariolanoticia.com.mx\/wp-content\/uploads\/2025\/01\/0941f136-cbed-4681-b2c7-05865194bc99-300x300.jpg",300,300,true],"cvmm-medium-plus":["https:\/\/diariolanoticia.com.mx\/wp-content\/uploads\/2025\/01\/0941f136-cbed-4681-b2c7-05865194bc99-305x207.jpg",305,207,true],"cvmm-portrait":["https:\/\/diariolanoticia.com.mx\/wp-content\/uploads\/2025\/01\/0941f136-cbed-4681-b2c7-05865194bc99-400x600.jpg",400,600,true],"cvmm-medium-square":["https:\/\/diariolanoticia.com.mx\/wp-content\/uploads\/2025\/01\/0941f136-cbed-4681-b2c7-05865194bc99-600x600.jpg",600,600,true],"cvmm-large":["https:\/\/diariolanoticia.com.mx\/wp-content\/uploads\/2025\/01\/0941f136-cbed-4681-b2c7-05865194bc99-1024x1024.jpg",1024,1024,true],"cvmm-small":["https:\/\/diariolanoticia.com.mx\/wp-content\/uploads\/2025\/01\/0941f136-cbed-4681-b2c7-05865194bc99-130x95.jpg",130,95,true],"full":["https:\/\/diariolanoticia.com.mx\/wp-content\/uploads\/2025\/01\/0941f136-cbed-4681-b2c7-05865194bc99.jpg",1600,1066,false]},"_links":{"self":[{"href":"https:\/\/diariolanoticia.com.mx\/index.php?rest_route=\/wp\/v2\/posts\/127813","targetHints":{"allow":["GET"]}}],"collection":[{"href":"https:\/\/diariolanoticia.com.mx\/index.php?rest_route=\/wp\/v2\/posts"}],"about":[{"href":"https:\/\/diariolanoticia.com.mx\/index.php?rest_route=\/wp\/v2\/types\/post"}],"author":[{"embeddable":true,"href":"https:\/\/diariolanoticia.com.mx\/index.php?rest_route=\/wp\/v2\/users\/1"}],"replies":[{"embeddable":true,"href":"https:\/\/diariolanoticia.com.mx\/index.php?rest_route=%2Fwp%2Fv2%2Fcomments&post=127813"}],"version-history":[{"count":1,"href":"https:\/\/diariolanoticia.com.mx\/index.php?rest_route=\/wp\/v2\/posts\/127813\/revisions"}],"predecessor-version":[{"id":127815,"href":"https:\/\/diariolanoticia.com.mx\/index.php?rest_route=\/wp\/v2\/posts\/127813\/revisions\/127815"}],"wp:featuredmedia":[{"embeddable":true,"href":"https:\/\/diariolanoticia.com.mx\/index.php?rest_route=\/wp\/v2\/media\/127814"}],"wp:attachment":[{"href":"https:\/\/diariolanoticia.com.mx\/index.php?rest_route=%2Fwp%2Fv2%2Fmedia&parent=127813"}],"wp:term":[{"taxonomy":"category","embeddable":true,"href":"https:\/\/diariolanoticia.com.mx\/index.php?rest_route=%2Fwp%2Fv2%2Fcategories&post=127813"},{"taxonomy":"post_tag","embeddable":true,"href":"https:\/\/diariolanoticia.com.mx\/index.php?rest_route=%2Fwp%2Fv2%2Ftags&post=127813"}],"curies":[{"name":"wp","href":"https:\/\/api.w.org\/{rel}","templated":true}]}}