{"id":127910,"date":"2025-01-27T19:18:33","date_gmt":"2025-01-28T01:18:33","guid":{"rendered":"https:\/\/diariolanoticia.com.mx\/?p=127910"},"modified":"2025-01-28T19:18:51","modified_gmt":"2025-01-29T01:18:51","slug":"sesiona-comision-de-puntos-constitucionales-para-dar-seguimiento-a-programa-legislativo","status":"publish","type":"post","link":"https:\/\/diariolanoticia.com.mx\/?p=127910","title":{"rendered":"Sesiona Comisi\u00f3n de Puntos Constitucionales para dar seguimiento a Programa Legislativo"},"content":{"rendered":"\n<p>En el Sal\u00f3n Rojo del Palacio Legislativo, la Comisi\u00f3n de Puntos Constitucionales, Gobernaci\u00f3n y Justicia y Asuntos Pol\u00edticos celebr\u00f3 sesi\u00f3n ordinaria en la que se analizaron puntos relevantes del Programa Legislativo, incluyendo Iniciativas de Ley presentadas por los Poderes Ejecutivo y Judicial del Estado, orientadas a beneficiar a la poblaci\u00f3n tlaxcalteca.<\/p>\n\n\n\n<p>El primer proyecto de decreto analizado contempla la implementaci\u00f3n de la Ley de Mecanismos Alternativos para la Soluci\u00f3n de Controversias (MASC) del Estado de Tlaxcala, remitido al Congreso por el Poder Judicial local. Este proyecto busca armonizar el marco jur\u00eddico estatal con el federal y establecer formas alternativas para resolver conflictos sin recurrir a procesos judiciales.<\/p>\n\n\n\n<p>Asimismo, se analiz\u00f3 la Iniciativa con Proyecto de Decreto que propone adicionar una fracci\u00f3n X BIS al art\u00edculo 12 de la Ley Org\u00e1nica de la Fiscal\u00eda General de Justicia del Estado de Tlaxcala, remitido por el Poder Ejecutivo de Tlaxcala.<\/p>\n\n\n\n<p>Tras su valoraci\u00f3n, las y los diputados que integran la Comisi\u00f3n, presidida por el diputado Jaciel Gonz\u00e1lez Herrera, votaron por unanimidad el Dictamen de ambos Proyectos, remiti\u00e9ndolos a las presidencias de la Mesa Directiva y de la Junta de Coordinaci\u00f3n y Concertaci\u00f3n Pol\u00edtica de la LXV Legislatura para continuar con los siguientes pasos del tr\u00e1mite legislativo correspondiente.<\/p>\n","protected":false},"excerpt":{"rendered":"<p>En el Sal\u00f3n Rojo del Palacio Legislativo, la Comisi\u00f3n de Puntos Constitucionales, Gobernaci\u00f3n y Justicia y Asuntos Pol\u00edticos celebr\u00f3 sesi\u00f3n ordinaria en la que se analizaron puntos relevantes del Programa Legislativo, incluyendo Iniciativas de Ley presentadas por los Poderes Ejecutivo y Judicial del Estado, orientadas a beneficiar a la poblaci\u00f3n tlaxcalteca. El primer proyecto de [&hellip;]<\/p>\n","protected":false},"author":1,"featured_media":127911,"comment_status":"open","ping_status":"open","sticky":false,"template":"","format":"standard","meta":{"footnotes":""},"categories":[22],"tags":[],"class_list":["post-127910","post","type-post","status-publish","format-standard","has-post-thumbnail","hentry","category-congreso"],"blog_post_layout_featured_media_urls":{"thumbnail":["https:\/\/diariolanoticia.com.mx\/wp-content\/uploads\/2025\/01\/6ad40efc-aacb-4b3a-8880-3cd75c1faee9-216x160.jpg",216,160,true],"full":["https:\/\/diariolanoticia.com.mx\/wp-content\/uploads\/2025\/01\/6ad40efc-aacb-4b3a-8880-3cd75c1faee9.jpg",1600,1070,false]},"categories_names":{"22":{"name":"Congreso","link":"https:\/\/diariolanoticia.com.mx\/?cat=22"}},"tags_names":[],"comments_number":"0","wpmagazine_modules_lite_featured_media_urls":{"thumbnail":["https:\/\/diariolanoticia.com.mx\/wp-content\/uploads\/2025\/01\/6ad40efc-aacb-4b3a-8880-3cd75c1faee9-216x160.jpg",216,160,true],"cvmm-medium":["https:\/\/diariolanoticia.com.mx\/wp-content\/uploads\/2025\/01\/6ad40efc-aacb-4b3a-8880-3cd75c1faee9-300x300.jpg",300,300,true],"cvmm-medium-plus":["https:\/\/diariolanoticia.com.mx\/wp-content\/uploads\/2025\/01\/6ad40efc-aacb-4b3a-8880-3cd75c1faee9-305x207.jpg",305,207,true],"cvmm-portrait":["https:\/\/diariolanoticia.com.mx\/wp-content\/uploads\/2025\/01\/6ad40efc-aacb-4b3a-8880-3cd75c1faee9-400x600.jpg",400,600,true],"cvmm-medium-square":["https:\/\/diariolanoticia.com.mx\/wp-content\/uploads\/2025\/01\/6ad40efc-aacb-4b3a-8880-3cd75c1faee9-600x600.jpg",600,600,true],"cvmm-large":["https:\/\/diariolanoticia.com.mx\/wp-content\/uploads\/2025\/01\/6ad40efc-aacb-4b3a-8880-3cd75c1faee9-1024x1024.jpg",1024,1024,true],"cvmm-small":["https:\/\/diariolanoticia.com.mx\/wp-content\/uploads\/2025\/01\/6ad40efc-aacb-4b3a-8880-3cd75c1faee9-130x95.jpg",130,95,true],"full":["https:\/\/diariolanoticia.com.mx\/wp-content\/uploads\/2025\/01\/6ad40efc-aacb-4b3a-8880-3cd75c1faee9.jpg",1600,1070,false]},"_links":{"self":[{"href":"https:\/\/diariolanoticia.com.mx\/index.php?rest_route=\/wp\/v2\/posts\/127910","targetHints":{"allow":["GET"]}}],"collection":[{"href":"https:\/\/diariolanoticia.com.mx\/index.php?rest_route=\/wp\/v2\/posts"}],"about":[{"href":"https:\/\/diariolanoticia.com.mx\/index.php?rest_route=\/wp\/v2\/types\/post"}],"author":[{"embeddable":true,"href":"https:\/\/diariolanoticia.com.mx\/index.php?rest_route=\/wp\/v2\/users\/1"}],"replies":[{"embeddable":true,"href":"https:\/\/diariolanoticia.com.mx\/index.php?rest_route=%2Fwp%2Fv2%2Fcomments&post=127910"}],"version-history":[{"count":1,"href":"https:\/\/diariolanoticia.com.mx\/index.php?rest_route=\/wp\/v2\/posts\/127910\/revisions"}],"predecessor-version":[{"id":127912,"href":"https:\/\/diariolanoticia.com.mx\/index.php?rest_route=\/wp\/v2\/posts\/127910\/revisions\/127912"}],"wp:featuredmedia":[{"embeddable":true,"href":"https:\/\/diariolanoticia.com.mx\/index.php?rest_route=\/wp\/v2\/media\/127911"}],"wp:attachment":[{"href":"https:\/\/diariolanoticia.com.mx\/index.php?rest_route=%2Fwp%2Fv2%2Fmedia&parent=127910"}],"wp:term":[{"taxonomy":"category","embeddable":true,"href":"https:\/\/diariolanoticia.com.mx\/index.php?rest_route=%2Fwp%2Fv2%2Fcategories&post=127910"},{"taxonomy":"post_tag","embeddable":true,"href":"https:\/\/diariolanoticia.com.mx\/index.php?rest_route=%2Fwp%2Fv2%2Ftags&post=127910"}],"curies":[{"name":"wp","href":"https:\/\/api.w.org\/{rel}","templated":true}]}}