{"id":128016,"date":"2025-02-04T22:14:42","date_gmt":"2025-02-05T04:14:42","guid":{"rendered":"https:\/\/diariolanoticia.com.mx\/?p=128016"},"modified":"2025-02-04T22:14:44","modified_gmt":"2025-02-05T04:14:44","slug":"cepc-exhorta-a-la-poblacion-a-estar-atenta-ante-las-bajas-temperaturas-y-las-lluvias","status":"publish","type":"post","link":"https:\/\/diariolanoticia.com.mx\/?p=128016","title":{"rendered":"CEPC EXHORTA A LA POBLACI\u00d3N A ESTAR ATENTA ANTE LAS BAJAS TEMPERATURAS Y LAS LLUVIAS"},"content":{"rendered":"\n<p>*Tambi\u00e9n deben poner cuidar a animales de compa\u00f1\u00eda y de campo, ya que el fr\u00edo podr\u00eda afectarlos<\/p>\n\n\n\n<p>Ante las bajas temperaturas y lluvias en gran parte del estado, la Coordinaci\u00f3n Estatal de Protecci\u00f3n Civil (CEPC), hizo un llamado a la poblaci\u00f3n para reforzar las medidas para proteger la salud ante los efectos del fr\u00edo y los estragos que pueden dejar las lluvias.<\/p>\n\n\n\n<p>En el estado de Tlaxcala se mantendr\u00e1 el ambiente fr\u00edo a muy fr\u00edo; con base a informaci\u00f3n del Servicio Meteorol\u00f3gico Nacional (SMN), se prev\u00e9n temperaturas m\u00ednimas de -5 a 0 \u00b0C con heladas en zonas del Estado de M\u00e9xico, Tlaxcala y Puebla.<\/p>\n\n\n\n<p>Adem\u00e1s, en el resto de la semana habr\u00e1 lluvias y chubascos por las tardes, acompa\u00f1ados de descargas el\u00e9ctricas; incluso, se prev\u00e9 ca\u00edda de granizo en estados del centro del pa\u00eds.<\/p>\n\n\n\n<p>Asimismo, las precipitaciones que se han presentado en la entidad solo han dejado encharcamientos y apagones de luz, sin que se ponga en riesgo la integridad f\u00edsica de la ciudadan\u00eda.<\/p>\n\n\n\n<p>El coordinador estatal de Protecci\u00f3n Civil, Juvencio Nieto Galicia, recomend\u00f3 a las y los ciudadanos mantenerse bien abrigados, tomar muchos l\u00edquidos y consumir frutas que contengan vitamina C para evitar algunos problemas respiratorios.<\/p>\n\n\n\n<p>Adem\u00e1s, pidi\u00f3 prestar atenci\u00f3n a las personas de la tercera edad y a los menores de edad.<\/p>\n\n\n\n<p>Por \u00faltimo, mencion\u00f3 prestar atenci\u00f3n a animales de compa\u00f1\u00eda y de campo, ya que las bajas temperaturas afectan a todos, por lo que se recomienda resguardarlos y que no presenten ninguna complicaci\u00f3n.<\/p>\n\n\n\n<p>La CEPC reafirm\u00f3 su compromiso con la poblaci\u00f3n, priorizando su seguridad y bienestar, ante las bajas temperaturas y lluvias registradas, por lo que deben estar atentos a las indicaciones de las autoridades.<\/p>\n\n\n\n<p>En caso de cualquier emergencia, la poblaci\u00f3n puede llamar al 911.<\/p>\n","protected":false},"excerpt":{"rendered":"<p>*Tambi\u00e9n deben poner cuidar a animales de compa\u00f1\u00eda y de campo, ya que el fr\u00edo podr\u00eda afectarlos Ante las bajas temperaturas y lluvias en gran parte del estado, la Coordinaci\u00f3n Estatal de Protecci\u00f3n Civil (CEPC), hizo un llamado a la poblaci\u00f3n para reforzar las medidas para proteger la salud ante los efectos del fr\u00edo y [&hellip;]<\/p>\n","protected":false},"author":1,"featured_media":128017,"comment_status":"open","ping_status":"open","sticky":false,"template":"","format":"standard","meta":{"footnotes":""},"categories":[21],"tags":[],"class_list":["post-128016","post","type-post","status-publish","format-standard","has-post-thumbnail","hentry","category-estatal"],"blog_post_layout_featured_media_urls":{"thumbnail":["https:\/\/diariolanoticia.com.mx\/wp-content\/uploads\/2025\/02\/WhatsApp-Image-2025-02-04-at-7.05.13-PM-216x160.jpeg",216,160,true],"full":["https:\/\/diariolanoticia.com.mx\/wp-content\/uploads\/2025\/02\/WhatsApp-Image-2025-02-04-at-7.05.13-PM.jpeg",1280,719,false]},"categories_names":{"21":{"name":"Estatal","link":"https:\/\/diariolanoticia.com.mx\/?cat=21"}},"tags_names":[],"comments_number":"0","wpmagazine_modules_lite_featured_media_urls":{"thumbnail":["https:\/\/diariolanoticia.com.mx\/wp-content\/uploads\/2025\/02\/WhatsApp-Image-2025-02-04-at-7.05.13-PM-216x160.jpeg",216,160,true],"cvmm-medium":["https:\/\/diariolanoticia.com.mx\/wp-content\/uploads\/2025\/02\/WhatsApp-Image-2025-02-04-at-7.05.13-PM-300x300.jpeg",300,300,true],"cvmm-medium-plus":["https:\/\/diariolanoticia.com.mx\/wp-content\/uploads\/2025\/02\/WhatsApp-Image-2025-02-04-at-7.05.13-PM-305x207.jpeg",305,207,true],"cvmm-portrait":["https:\/\/diariolanoticia.com.mx\/wp-content\/uploads\/2025\/02\/WhatsApp-Image-2025-02-04-at-7.05.13-PM-400x600.jpeg",400,600,true],"cvmm-medium-square":["https:\/\/diariolanoticia.com.mx\/wp-content\/uploads\/2025\/02\/WhatsApp-Image-2025-02-04-at-7.05.13-PM-600x600.jpeg",600,600,true],"cvmm-large":["https:\/\/diariolanoticia.com.mx\/wp-content\/uploads\/2025\/02\/WhatsApp-Image-2025-02-04-at-7.05.13-PM-1024x719.jpeg",1024,719,true],"cvmm-small":["https:\/\/diariolanoticia.com.mx\/wp-content\/uploads\/2025\/02\/WhatsApp-Image-2025-02-04-at-7.05.13-PM-130x95.jpeg",130,95,true],"full":["https:\/\/diariolanoticia.com.mx\/wp-content\/uploads\/2025\/02\/WhatsApp-Image-2025-02-04-at-7.05.13-PM.jpeg",1280,719,false]},"_links":{"self":[{"href":"https:\/\/diariolanoticia.com.mx\/index.php?rest_route=\/wp\/v2\/posts\/128016","targetHints":{"allow":["GET"]}}],"collection":[{"href":"https:\/\/diariolanoticia.com.mx\/index.php?rest_route=\/wp\/v2\/posts"}],"about":[{"href":"https:\/\/diariolanoticia.com.mx\/index.php?rest_route=\/wp\/v2\/types\/post"}],"author":[{"embeddable":true,"href":"https:\/\/diariolanoticia.com.mx\/index.php?rest_route=\/wp\/v2\/users\/1"}],"replies":[{"embeddable":true,"href":"https:\/\/diariolanoticia.com.mx\/index.php?rest_route=%2Fwp%2Fv2%2Fcomments&post=128016"}],"version-history":[{"count":1,"href":"https:\/\/diariolanoticia.com.mx\/index.php?rest_route=\/wp\/v2\/posts\/128016\/revisions"}],"predecessor-version":[{"id":128018,"href":"https:\/\/diariolanoticia.com.mx\/index.php?rest_route=\/wp\/v2\/posts\/128016\/revisions\/128018"}],"wp:featuredmedia":[{"embeddable":true,"href":"https:\/\/diariolanoticia.com.mx\/index.php?rest_route=\/wp\/v2\/media\/128017"}],"wp:attachment":[{"href":"https:\/\/diariolanoticia.com.mx\/index.php?rest_route=%2Fwp%2Fv2%2Fmedia&parent=128016"}],"wp:term":[{"taxonomy":"category","embeddable":true,"href":"https:\/\/diariolanoticia.com.mx\/index.php?rest_route=%2Fwp%2Fv2%2Fcategories&post=128016"},{"taxonomy":"post_tag","embeddable":true,"href":"https:\/\/diariolanoticia.com.mx\/index.php?rest_route=%2Fwp%2Fv2%2Ftags&post=128016"}],"curies":[{"name":"wp","href":"https:\/\/api.w.org\/{rel}","templated":true}]}}