{"id":128021,"date":"2025-02-05T14:03:43","date_gmt":"2025-02-05T20:03:43","guid":{"rendered":"https:\/\/diariolanoticia.com.mx\/?p=128021"},"modified":"2025-02-05T14:03:43","modified_gmt":"2025-02-05T20:03:43","slug":"presentan-informe-anual-de-unidad-tecnica-de-la-comision-de-control-vigilancia-y-evaluacion-de-la-ase","status":"publish","type":"post","link":"https:\/\/diariolanoticia.com.mx\/?p=128021","title":{"rendered":"Presentan&nbsp;Informe Anual de Unidad T\u00e9cnica de la Comisi\u00f3n de Control, Vigilancia y Evaluaci\u00f3n de la ASE"},"content":{"rendered":"\n<p class=\"s7\">&#8211; Refrendan compromiso para fortalecer trabajo en procesos de fiscalizaci\u00f3n y rendici\u00f3n de cuentas<\/p>\n\n\n\n<p class=\"s7\">Con la finalidad de supervisar que la Auditor\u00eda Superior del Estado (ASE) se conduzca&nbsp;de acuerdo a&nbsp;la Ley de Rendici\u00f3n de Cuentas y Fiscalizaci\u00f3n Superior, la Unidad T\u00e9cnica de la Comisi\u00f3n de Control, Vigilancia y Evaluaci\u00f3n de la Auditor\u00eda Superior del Estado present\u00f3 su Informe Anual de Gesti\u00f3n.<\/p>\n\n\n\n<p class=\"s7\">Durante la sesi\u00f3n del \u00f3rgano colegiado, el titular de la Unidad T\u00e9cnica, Francisco Mu\u00f1oz Violante report\u00f3&nbsp;que durante 2024:&nbsp;<\/p>\n\n\n\n<p class=\"s7\">Participaron en 64 actas de entrega-recepci\u00f3n de servidores p\u00fablicos inscritos a la ASE, as\u00ed como en la atenci\u00f3n de 585 declaraciones patrimoniales de los servidores p\u00fablicos de la entidad fiscalizadora.<\/p>\n\n\n\n<p class=\"s7\">Recibieron dos denuncias de presuntas responsabilidades administrativas de servidores p\u00fablicos de la Auditor\u00eda Superior del Estado.<\/p>\n\n\n\n<p class=\"s7\">De igual manera, presentaron el Informe sobre Evaluaci\u00f3n de Desempe\u00f1o de la ASE, respecto a la revisi\u00f3n de las cuentas p\u00fablicas del estado y de los municipios, del Ejercicio 2022. As\u00ed como el Informe Definitivo de la Auditor\u00eda Superior del Estado de Puebla, respecto a la auditor\u00eda financiera y de desempe\u00f1o, correspondiente al periodo del 3 al 31 de diciembre de 2022.<\/p>\n\n\n\n<p class=\"s7\">Finalmente, el titular de la Unidad T\u00e9cnica inform\u00f3 que analizaron 327 informes individuales de las actividades fiscalizadas, correspondientes a la cuenta p\u00fablica 2022.<\/p>\n\n\n\n<p class=\"s7\">En su intervenci\u00f3n, el diputado&nbsp;Jos\u00e9&nbsp;Miguel Trujillo de&nbsp;Itareiter\u00f3 el compromiso de la LXII Legislatura para continuar trabajando a favor del fortalecimiento de los procesos de fiscalizaci\u00f3n y rendici\u00f3n de cuentas en la entidad.&nbsp;<\/p>\n\n\n\n<p class=\"s7\">Destac\u00f3 el trabajo conjunto para garantizar la transparencia y la correcta aplicaci\u00f3n de los recursos p\u00fablicos, as\u00ed como la fiscalizaci\u00f3n efectiva, con apego a la legalidad y con un enfoque que responda a las necesidades de la ciudadan\u00eda.<\/p>\n\n\n\n<p class=\"s7\">A la sesi\u00f3n del \u00f3rgano colegiado asistieron las y los diputados Jos\u00e9 Miguel Trujillo de&nbsp;Ita, Laura Artemisa Garc\u00eda Ch\u00e1vez, Norma Estela Pimentel M\u00e9ndez, Jaime Natale Uranga, Delfina&nbsp;Pozos Vergara&nbsp;y Marcos Castro Mart\u00ednez.<\/p>\n\n\n\n<p class=\"s10\">&nbsp;<\/p>\n","protected":false},"excerpt":{"rendered":"<p>&#8211; Refrendan compromiso para fortalecer trabajo en procesos de fiscalizaci\u00f3n y rendici\u00f3n de cuentas Con la finalidad de supervisar que la Auditor\u00eda Superior del Estado (ASE) se conduzca&nbsp;de acuerdo a&nbsp;la Ley de Rendici\u00f3n de Cuentas y Fiscalizaci\u00f3n Superior, la Unidad T\u00e9cnica de la Comisi\u00f3n de Control, Vigilancia y Evaluaci\u00f3n de la Auditor\u00eda Superior del Estado [&hellip;]<\/p>\n","protected":false},"author":1,"featured_media":128020,"comment_status":"closed","ping_status":"open","sticky":false,"template":"","format":"standard","meta":{"footnotes":""},"categories":[20],"tags":[],"class_list":["post-128021","post","type-post","status-publish","format-standard","has-post-thumbnail","hentry","category-norte-de-puebla"],"blog_post_layout_featured_media_urls":{"thumbnail":["https:\/\/diariolanoticia.com.mx\/wp-content\/uploads\/2025\/02\/0b3906f2-23cf-4357-8eaf-8bf63bcd93ce-1-216x160.jpg",216,160,true],"full":["https:\/\/diariolanoticia.com.mx\/wp-content\/uploads\/2025\/02\/0b3906f2-23cf-4357-8eaf-8bf63bcd93ce-1.jpg",1280,852,false]},"categories_names":{"20":{"name":"Norte de Puebla","link":"https:\/\/diariolanoticia.com.mx\/?cat=20"}},"tags_names":[],"comments_number":"0","wpmagazine_modules_lite_featured_media_urls":{"thumbnail":["https:\/\/diariolanoticia.com.mx\/wp-content\/uploads\/2025\/02\/0b3906f2-23cf-4357-8eaf-8bf63bcd93ce-1-216x160.jpg",216,160,true],"cvmm-medium":["https:\/\/diariolanoticia.com.mx\/wp-content\/uploads\/2025\/02\/0b3906f2-23cf-4357-8eaf-8bf63bcd93ce-1-300x300.jpg",300,300,true],"cvmm-medium-plus":["https:\/\/diariolanoticia.com.mx\/wp-content\/uploads\/2025\/02\/0b3906f2-23cf-4357-8eaf-8bf63bcd93ce-1-305x207.jpg",305,207,true],"cvmm-portrait":["https:\/\/diariolanoticia.com.mx\/wp-content\/uploads\/2025\/02\/0b3906f2-23cf-4357-8eaf-8bf63bcd93ce-1-400x600.jpg",400,600,true],"cvmm-medium-square":["https:\/\/diariolanoticia.com.mx\/wp-content\/uploads\/2025\/02\/0b3906f2-23cf-4357-8eaf-8bf63bcd93ce-1-600x600.jpg",600,600,true],"cvmm-large":["https:\/\/diariolanoticia.com.mx\/wp-content\/uploads\/2025\/02\/0b3906f2-23cf-4357-8eaf-8bf63bcd93ce-1-1024x852.jpg",1024,852,true],"cvmm-small":["https:\/\/diariolanoticia.com.mx\/wp-content\/uploads\/2025\/02\/0b3906f2-23cf-4357-8eaf-8bf63bcd93ce-1-130x95.jpg",130,95,true],"full":["https:\/\/diariolanoticia.com.mx\/wp-content\/uploads\/2025\/02\/0b3906f2-23cf-4357-8eaf-8bf63bcd93ce-1.jpg",1280,852,false]},"_links":{"self":[{"href":"https:\/\/diariolanoticia.com.mx\/index.php?rest_route=\/wp\/v2\/posts\/128021","targetHints":{"allow":["GET"]}}],"collection":[{"href":"https:\/\/diariolanoticia.com.mx\/index.php?rest_route=\/wp\/v2\/posts"}],"about":[{"href":"https:\/\/diariolanoticia.com.mx\/index.php?rest_route=\/wp\/v2\/types\/post"}],"author":[{"embeddable":true,"href":"https:\/\/diariolanoticia.com.mx\/index.php?rest_route=\/wp\/v2\/users\/1"}],"replies":[{"embeddable":true,"href":"https:\/\/diariolanoticia.com.mx\/index.php?rest_route=%2Fwp%2Fv2%2Fcomments&post=128021"}],"version-history":[{"count":1,"href":"https:\/\/diariolanoticia.com.mx\/index.php?rest_route=\/wp\/v2\/posts\/128021\/revisions"}],"predecessor-version":[{"id":128022,"href":"https:\/\/diariolanoticia.com.mx\/index.php?rest_route=\/wp\/v2\/posts\/128021\/revisions\/128022"}],"wp:featuredmedia":[{"embeddable":true,"href":"https:\/\/diariolanoticia.com.mx\/index.php?rest_route=\/wp\/v2\/media\/128020"}],"wp:attachment":[{"href":"https:\/\/diariolanoticia.com.mx\/index.php?rest_route=%2Fwp%2Fv2%2Fmedia&parent=128021"}],"wp:term":[{"taxonomy":"category","embeddable":true,"href":"https:\/\/diariolanoticia.com.mx\/index.php?rest_route=%2Fwp%2Fv2%2Fcategories&post=128021"},{"taxonomy":"post_tag","embeddable":true,"href":"https:\/\/diariolanoticia.com.mx\/index.php?rest_route=%2Fwp%2Fv2%2Ftags&post=128021"}],"curies":[{"name":"wp","href":"https:\/\/api.w.org\/{rel}","templated":true}]}}