{"id":128165,"date":"2025-02-18T18:14:37","date_gmt":"2025-02-19T00:14:37","guid":{"rendered":"https:\/\/diariolanoticia.com.mx\/?p=128165"},"modified":"2025-02-24T18:14:56","modified_gmt":"2025-02-25T00:14:56","slug":"el-cie-uatx-fue-sede-de-la-segunda-sesion-del-seminario-sobre-humanismo-mexicano","status":"publish","type":"post","link":"https:\/\/diariolanoticia.com.mx\/?p=128165","title":{"rendered":"El CIE-UATx fue sede de la segunda sesi\u00f3n del seminario sobre humanismo mexicano"},"content":{"rendered":"\n<p>\u00fc&nbsp;&nbsp;Particip\u00f3 como ponente&nbsp;la Doctora Rosa Mar\u00eda Torres Hern\u00e1ndez, Rectora de la UPN<strong><\/strong><\/p>\n\n\n\n<p>El Centro de investigaci\u00f3n Educativa (CIE) de la Universidad Aut\u00f3noma de Tlaxcala (UATx) fue sede de la conferencia \u00abPerspectivas del humanismo mexicano en plan y programa de estudios 2022\u00bb, que dict\u00f3 la Doctora Rosa Mar\u00eda Torres Hern\u00e1ndez, Rectora de la Universidad Pedag\u00f3gica Nacional (UPN), como parte de la segunda sesi\u00f3n del \u00abSeminario permanente sobre el humanismo mexicano: Una mirada desde Tlaxcala\u00bb, en la segunda etapa que corresponde a 2025, organizada por la Secretar\u00eda de Educaci\u00f3n P\u00fablica del Estado de Tlaxcala y la Unidad de Servicios Educativos (SEPE-USET).<\/p>\n\n\n\n<p>Con sede en el Auditorio \u00ab\u00c1ngel D\u00edaz Barriga\u00bb del CIE, docentes y directivos de los diferentes niveles educativos en la entidad encabezados por el Doctor Homero Meneses Hern\u00e1ndez, titular de la SEPE-USET, escucharon la ponencia que present\u00f3 la Rectora de la UNP y que fue moderada por el Doctor \u00c1ngel D\u00edaz Barriga, Coordinador del CIE.<\/p>\n\n\n\n<p>En su disertaci\u00f3n, la Doctora Rosa Mar\u00eda Torres se\u00f1al\u00f3 que el plan de estudios 2022 no marca la ense\u00f1anza como tal, sino la importancia de la formaci\u00f3n y de acuerdo al t\u00e9rmino franc\u00e9s la&nbsp;<em>bildung<\/em>&nbsp;se ha identificado con el concepto de formaci\u00f3n, el cual se relaciona \u00edntimamente con expresiones como el esp\u00edritu y la libertad.&nbsp;<\/p>\n\n\n\n<p>Sostuvo que el plan de estudios de educaci\u00f3n b\u00e1sica de 2022 expresa las capacidades humanas a trav\u00e9s de siete ejes articuladores incorporados en el curr\u00edculo, desde inicial a secundaria, los cuales contienen los rasgos propiamente de la formaci\u00f3n de ciudadanos con una perspectiva plural y diversa.<\/p>\n\n\n\n<p>En tanto, el Doctor Homero Meneses subray\u00f3 que estas actividades brindan la posibilidad de que los docentes puedan conocer m\u00e1s acerca de las diferentes aristas del humanismo, con el fin de enriquecer el trabajo educativo que se realiza bajo los lineamientos de la Nueva Escuela Mexicana en los diversos niveles de formaci\u00f3n escolar.&nbsp;&nbsp;&nbsp;<\/p>\n\n\n\n<p>Por su parte, el Doctor \u00c1ngel D\u00edaz Barriga refiri\u00f3 que la Doctora Rosa Mar\u00eda Torres cuenta con estudios de licenciatura, maestr\u00eda y doctorado en pedagog\u00eda y actualmente enfoca su labor docente a repensar los temas relacionados con la educaci\u00f3n en el pa\u00eds y el mundo.<\/p>\n\n\n\n<p>En tanto, la Doctora Adriana Carro Olvera, Jefa del Departamento de Educaci\u00f3n Continua, afirm\u00f3 que con este tipo de foros la Secretar\u00eda de Educaci\u00f3n en Tlaxcala refrenda su compromiso por seguir este di\u00e1logo y an\u00e1lisis para la consolidaci\u00f3n del plan y programa de estudios, as\u00ed como la profesionalizaci\u00f3n de los docentes, dado que este encuentro permite identificarnos en un espacio y tiempo a trav\u00e9s de la historia de la filosof\u00eda y la pedagog\u00eda.&nbsp;<\/p>\n","protected":false},"excerpt":{"rendered":"<p>\u00fc&nbsp;&nbsp;Particip\u00f3 como ponente&nbsp;la Doctora Rosa Mar\u00eda Torres Hern\u00e1ndez, Rectora de la UPN El Centro de investigaci\u00f3n Educativa (CIE) de la Universidad Aut\u00f3noma de Tlaxcala (UATx) fue sede de la conferencia \u00abPerspectivas del humanismo mexicano en plan y programa de estudios 2022\u00bb, que dict\u00f3 la Doctora Rosa Mar\u00eda Torres Hern\u00e1ndez, Rectora de la Universidad Pedag\u00f3gica Nacional [&hellip;]<\/p>\n","protected":false},"author":1,"featured_media":128166,"comment_status":"open","ping_status":"open","sticky":false,"template":"","format":"standard","meta":{"footnotes":""},"categories":[10],"tags":[],"class_list":["post-128165","post","type-post","status-publish","format-standard","has-post-thumbnail","hentry","category-educacion"],"blog_post_layout_featured_media_urls":{"thumbnail":["https:\/\/diariolanoticia.com.mx\/wp-content\/uploads\/2025\/02\/18-El-CIE-UATx-fue-sede-de-la-segunda-sesion-del-seminario-sobre-humanismo-mexicano-C-216x160.jpeg",216,160,true],"full":["https:\/\/diariolanoticia.com.mx\/wp-content\/uploads\/2025\/02\/18-El-CIE-UATx-fue-sede-de-la-segunda-sesion-del-seminario-sobre-humanismo-mexicano-C-scaled.jpeg",2560,1920,false]},"categories_names":{"10":{"name":"Educaci\u00f3n","link":"https:\/\/diariolanoticia.com.mx\/?cat=10"}},"tags_names":[],"comments_number":"0","wpmagazine_modules_lite_featured_media_urls":{"thumbnail":["https:\/\/diariolanoticia.com.mx\/wp-content\/uploads\/2025\/02\/18-El-CIE-UATx-fue-sede-de-la-segunda-sesion-del-seminario-sobre-humanismo-mexicano-C-216x160.jpeg",216,160,true],"cvmm-medium":["https:\/\/diariolanoticia.com.mx\/wp-content\/uploads\/2025\/02\/18-El-CIE-UATx-fue-sede-de-la-segunda-sesion-del-seminario-sobre-humanismo-mexicano-C-300x300.jpeg",300,300,true],"cvmm-medium-plus":["https:\/\/diariolanoticia.com.mx\/wp-content\/uploads\/2025\/02\/18-El-CIE-UATx-fue-sede-de-la-segunda-sesion-del-seminario-sobre-humanismo-mexicano-C-305x207.jpeg",305,207,true],"cvmm-portrait":["https:\/\/diariolanoticia.com.mx\/wp-content\/uploads\/2025\/02\/18-El-CIE-UATx-fue-sede-de-la-segunda-sesion-del-seminario-sobre-humanismo-mexicano-C-400x600.jpeg",400,600,true],"cvmm-medium-square":["https:\/\/diariolanoticia.com.mx\/wp-content\/uploads\/2025\/02\/18-El-CIE-UATx-fue-sede-de-la-segunda-sesion-del-seminario-sobre-humanismo-mexicano-C-600x600.jpeg",600,600,true],"cvmm-large":["https:\/\/diariolanoticia.com.mx\/wp-content\/uploads\/2025\/02\/18-El-CIE-UATx-fue-sede-de-la-segunda-sesion-del-seminario-sobre-humanismo-mexicano-C-1024x1024.jpeg",1024,1024,true],"cvmm-small":["https:\/\/diariolanoticia.com.mx\/wp-content\/uploads\/2025\/02\/18-El-CIE-UATx-fue-sede-de-la-segunda-sesion-del-seminario-sobre-humanismo-mexicano-C-130x95.jpeg",130,95,true],"full":["https:\/\/diariolanoticia.com.mx\/wp-content\/uploads\/2025\/02\/18-El-CIE-UATx-fue-sede-de-la-segunda-sesion-del-seminario-sobre-humanismo-mexicano-C-scaled.jpeg",2560,1920,false]},"_links":{"self":[{"href":"https:\/\/diariolanoticia.com.mx\/index.php?rest_route=\/wp\/v2\/posts\/128165","targetHints":{"allow":["GET"]}}],"collection":[{"href":"https:\/\/diariolanoticia.com.mx\/index.php?rest_route=\/wp\/v2\/posts"}],"about":[{"href":"https:\/\/diariolanoticia.com.mx\/index.php?rest_route=\/wp\/v2\/types\/post"}],"author":[{"embeddable":true,"href":"https:\/\/diariolanoticia.com.mx\/index.php?rest_route=\/wp\/v2\/users\/1"}],"replies":[{"embeddable":true,"href":"https:\/\/diariolanoticia.com.mx\/index.php?rest_route=%2Fwp%2Fv2%2Fcomments&post=128165"}],"version-history":[{"count":1,"href":"https:\/\/diariolanoticia.com.mx\/index.php?rest_route=\/wp\/v2\/posts\/128165\/revisions"}],"predecessor-version":[{"id":128167,"href":"https:\/\/diariolanoticia.com.mx\/index.php?rest_route=\/wp\/v2\/posts\/128165\/revisions\/128167"}],"wp:featuredmedia":[{"embeddable":true,"href":"https:\/\/diariolanoticia.com.mx\/index.php?rest_route=\/wp\/v2\/media\/128166"}],"wp:attachment":[{"href":"https:\/\/diariolanoticia.com.mx\/index.php?rest_route=%2Fwp%2Fv2%2Fmedia&parent=128165"}],"wp:term":[{"taxonomy":"category","embeddable":true,"href":"https:\/\/diariolanoticia.com.mx\/index.php?rest_route=%2Fwp%2Fv2%2Fcategories&post=128165"},{"taxonomy":"post_tag","embeddable":true,"href":"https:\/\/diariolanoticia.com.mx\/index.php?rest_route=%2Fwp%2Fv2%2Ftags&post=128165"}],"curies":[{"name":"wp","href":"https:\/\/api.w.org\/{rel}","templated":true}]}}