{"id":128347,"date":"2025-03-10T14:58:38","date_gmt":"2025-03-10T20:58:38","guid":{"rendered":"https:\/\/diariolanoticia.com.mx\/?p=128347"},"modified":"2025-03-10T14:58:38","modified_gmt":"2025-03-10T20:58:38","slug":"aprueban-en-comision-del-congreso-establecer-la-figura-de-diputado-migrante","status":"publish","type":"post","link":"https:\/\/diariolanoticia.com.mx\/?p=128347","title":{"rendered":"Aprueban en Comisi\u00f3n del Congreso establecer la figura de Diputado Migrante"},"content":{"rendered":"\n<p class=\"s7\">&#8211; Tambi\u00e9n aprueban reformas a la Constituci\u00f3n del Estado, en materia Judicial<\/p>\n\n\n\n<p class=\"s7\">&#8211; Avalan reformas a la Constituci\u00f3n Federal en materia de no reelecci\u00f3n y nepotismo electoral, as\u00ed como en la protecci\u00f3n de ma\u00edces nativos<\/p>\n\n\n\n<p class=\"s7\">En sesi\u00f3n de la Comisi\u00f3n de Gobernaci\u00f3n y Puntos Constitucionales del Congreso del Estado, se aprob\u00f3 el proyecto de dictamen para reformar y adicionar diversas disposiciones del C\u00f3digo de Instituciones y Procesos Electorales del Estado de Puebla, con la finalidad de establecer la figura de Diputado Migrante.<\/p>\n\n\n\n<p class=\"s7\">La cual se define como la persona poblana con residencia binacional&nbsp;que&nbsp;habiendo cumplido los requisitos y condiciones dispuestas en materia de nacionalidad y ciudadan\u00eda, as\u00ed como por el c\u00f3digo y la normatividad aplicable, resulte electa por el principio de representaci\u00f3n proporcional como diputada o diputado local<\/p>\n\n\n\n<p class=\"s7\">El proyecto de dictamen se\u00f1ala los requisitos especiales para ser Diputada o Diputado Migrante, as\u00ed como los documentos para acreditarlos: se establece que los partidos pol\u00edticos deber\u00e1n intercalar el g\u00e9nero de la Diputaci\u00f3n Migrante en cada proceso electoral, as\u00ed como garantizar la postulaci\u00f3n de la o el Diputado Migrante, dentro de los primeros cinco lugares de la lista plurinominal.<\/p>\n\n\n\n<p class=\"s7\">Por otra parte, el \u00f3rgano colegiado aprob\u00f3 el proyecto de dictamen para reformar, adicionar y derogar diversas disposiciones de la Constituci\u00f3n Pol\u00edtica del Estado de Puebla.<\/p>\n\n\n\n<p class=\"s7\">En cuanto a las reformas en materia judicial, se establece la separaci\u00f3n del Tribunal de Justicia Administrativa del Poder Judicial, para ser un organismo aut\u00f3nomo; la elecci\u00f3n de magistradas y magistrados&nbsp;jueces y juezas&nbsp;a trav\u00e9s del voto popular el mismo d\u00eda de las elecciones federales ordinarias.<\/p>\n\n\n\n<p class=\"s7\">&nbsp;Se crea el Tribunal de Disciplina Judicial, electo por el voto, as\u00ed como el \u00d3rgano de Administraci\u00f3n Judicial, electo por los tres poderes del Estado.&nbsp;<\/p>\n\n\n\n<p class=\"s7\">La elecci\u00f3n de integrantes del Poder&nbsp;Judicial,&nbsp;se llevar\u00e1 a cabo el primer domingo de junio de 2027. Tambi\u00e9n se proh\u00edbe la creaci\u00f3n de fondos, fideicomisos, mandatos o contratos&nbsp;an\u00e1logos no previstos en la Ley; de igual manera, las reformas establecen que magistradas y magistrados,&nbsp;jueces y juezas&nbsp;durar\u00e1n en su cargo nueve a\u00f1os, pudiendo ser reelectos.<\/p>\n\n\n\n<p class=\"s7\">Asimismo, el proyecto de dictamen, formulado a trav\u00e9s del principio de concentraci\u00f3n de 11 iniciativas, incorpora:<\/p>\n\n\n\n<p class=\"s7\">La organizaci\u00f3n, bienestar y desarrollo de la familia; la promoci\u00f3n y proporci\u00f3n del derecho a un medio ambiente sano y adecuado, as\u00ed como la protecci\u00f3n de los animales y el garantizar su bienestar, adem\u00e1s de un trato digno, libre de crueldad y maltrato.<\/p>\n\n\n\n<p class=\"s7\">Reconoce y promueve la ciencia y la tecnolog\u00eda, y garantiza el derecho a los cuidados de forma universal, igualitaria y sin discriminaci\u00f3n; tambi\u00e9n establece que comprende a la Secretar\u00eda de Seguridad P\u00fablica del Estado y a las polic\u00edas la investigaci\u00f3n de los delitos bajo el mando y conducci\u00f3n del Ministerio P\u00fablico.<\/p>\n\n\n\n<p class=\"s7\">&nbsp;<\/p>\n\n\n\n<p class=\"s7\"><strong>AVALAN REFORMAS A LA CONSTITUCI\u00d3N FEDERAL<\/strong><\/p>\n\n\n\n<p class=\"s7\">En m\u00e1s del orden del d\u00eda, se aval\u00f3 el proyecto de decreto para reformar y adicionar los art\u00edculos 55, 59, 82, 115, 116 y 122 de la Constituci\u00f3n Pol\u00edtica de los Estados Unidos Mexicanos, en materia de no reelecci\u00f3n y nepotismo electoral.<\/p>\n\n\n\n<p class=\"s7\">El prop\u00f3sito es prohibir que las personas que, en los tres a\u00f1os previos a una elecci\u00f3n, hayan tenido v\u00ednculos de matrimonio, concubinato, uni\u00f3n de hecho o parentesco por consanguinidad o civil en l\u00ednea recta sin l\u00edmite de grado, y en l\u00ednea colateral hasta el cuarto grado, o de afinidad hasta el segundo grado, con quien ocupe el cargo en disputa, se postulen para diputaciones, la Presidencia de la Rep\u00fablica, gubernaturas o cargos municipales.&nbsp;<\/p>\n\n\n\n<p class=\"s7\">Asimismo, proh\u00edbe la reelecci\u00f3n consecutiva de senadores, diputados federales y locales, as\u00ed como de personas presidentas municipales, regidoras y s\u00edndicas.&nbsp;<\/p>\n\n\n\n<p class=\"s7\">Finalmente, la Comisi\u00f3n de Gobernaci\u00f3n aprob\u00f3 el proyecto de decreto por el que se reforman y adicionan diversas disposiciones de los art\u00edculos 40 y 27 de la Constituci\u00f3n Pol\u00edtica de los Estados Unidos Mexicanos, en materia de conservaci\u00f3n y protecci\u00f3n de los ma\u00edces nativos, que tiene como finalidad, otorgar rango constitucional al ma\u00edz como alimento b\u00e1sico, sustancial, libre de modificaciones gen\u00e9ticas e identitario de las y los mexicanos.<\/p>\n","protected":false},"excerpt":{"rendered":"<p>&#8211; Tambi\u00e9n aprueban reformas a la Constituci\u00f3n del Estado, en materia Judicial &#8211; Avalan reformas a la Constituci\u00f3n Federal en materia de no reelecci\u00f3n y nepotismo electoral, as\u00ed como en la protecci\u00f3n de ma\u00edces nativos En sesi\u00f3n de la Comisi\u00f3n de Gobernaci\u00f3n y Puntos Constitucionales del Congreso del Estado, se aprob\u00f3 el proyecto de dictamen [&hellip;]<\/p>\n","protected":false},"author":1,"featured_media":128346,"comment_status":"closed","ping_status":"open","sticky":false,"template":"","format":"standard","meta":{"footnotes":""},"categories":[20],"tags":[],"class_list":["post-128347","post","type-post","status-publish","format-standard","has-post-thumbnail","hentry","category-norte-de-puebla"],"blog_post_layout_featured_media_urls":{"thumbnail":["https:\/\/diariolanoticia.com.mx\/wp-content\/uploads\/2025\/03\/12c9656a-931d-4134-a008-278af6c6084d-1-216x160.jpg",216,160,true],"full":["https:\/\/diariolanoticia.com.mx\/wp-content\/uploads\/2025\/03\/12c9656a-931d-4134-a008-278af6c6084d-1.jpg",1500,999,false]},"categories_names":{"20":{"name":"Norte de Puebla","link":"https:\/\/diariolanoticia.com.mx\/?cat=20"}},"tags_names":[],"comments_number":"0","wpmagazine_modules_lite_featured_media_urls":{"thumbnail":["https:\/\/diariolanoticia.com.mx\/wp-content\/uploads\/2025\/03\/12c9656a-931d-4134-a008-278af6c6084d-1-216x160.jpg",216,160,true],"cvmm-medium":["https:\/\/diariolanoticia.com.mx\/wp-content\/uploads\/2025\/03\/12c9656a-931d-4134-a008-278af6c6084d-1-300x300.jpg",300,300,true],"cvmm-medium-plus":["https:\/\/diariolanoticia.com.mx\/wp-content\/uploads\/2025\/03\/12c9656a-931d-4134-a008-278af6c6084d-1-305x207.jpg",305,207,true],"cvmm-portrait":["https:\/\/diariolanoticia.com.mx\/wp-content\/uploads\/2025\/03\/12c9656a-931d-4134-a008-278af6c6084d-1-400x600.jpg",400,600,true],"cvmm-medium-square":["https:\/\/diariolanoticia.com.mx\/wp-content\/uploads\/2025\/03\/12c9656a-931d-4134-a008-278af6c6084d-1-600x600.jpg",600,600,true],"cvmm-large":["https:\/\/diariolanoticia.com.mx\/wp-content\/uploads\/2025\/03\/12c9656a-931d-4134-a008-278af6c6084d-1-1024x999.jpg",1024,999,true],"cvmm-small":["https:\/\/diariolanoticia.com.mx\/wp-content\/uploads\/2025\/03\/12c9656a-931d-4134-a008-278af6c6084d-1-130x95.jpg",130,95,true],"full":["https:\/\/diariolanoticia.com.mx\/wp-content\/uploads\/2025\/03\/12c9656a-931d-4134-a008-278af6c6084d-1.jpg",1500,999,false]},"_links":{"self":[{"href":"https:\/\/diariolanoticia.com.mx\/index.php?rest_route=\/wp\/v2\/posts\/128347","targetHints":{"allow":["GET"]}}],"collection":[{"href":"https:\/\/diariolanoticia.com.mx\/index.php?rest_route=\/wp\/v2\/posts"}],"about":[{"href":"https:\/\/diariolanoticia.com.mx\/index.php?rest_route=\/wp\/v2\/types\/post"}],"author":[{"embeddable":true,"href":"https:\/\/diariolanoticia.com.mx\/index.php?rest_route=\/wp\/v2\/users\/1"}],"replies":[{"embeddable":true,"href":"https:\/\/diariolanoticia.com.mx\/index.php?rest_route=%2Fwp%2Fv2%2Fcomments&post=128347"}],"version-history":[{"count":1,"href":"https:\/\/diariolanoticia.com.mx\/index.php?rest_route=\/wp\/v2\/posts\/128347\/revisions"}],"predecessor-version":[{"id":128348,"href":"https:\/\/diariolanoticia.com.mx\/index.php?rest_route=\/wp\/v2\/posts\/128347\/revisions\/128348"}],"wp:featuredmedia":[{"embeddable":true,"href":"https:\/\/diariolanoticia.com.mx\/index.php?rest_route=\/wp\/v2\/media\/128346"}],"wp:attachment":[{"href":"https:\/\/diariolanoticia.com.mx\/index.php?rest_route=%2Fwp%2Fv2%2Fmedia&parent=128347"}],"wp:term":[{"taxonomy":"category","embeddable":true,"href":"https:\/\/diariolanoticia.com.mx\/index.php?rest_route=%2Fwp%2Fv2%2Fcategories&post=128347"},{"taxonomy":"post_tag","embeddable":true,"href":"https:\/\/diariolanoticia.com.mx\/index.php?rest_route=%2Fwp%2Fv2%2Ftags&post=128347"}],"curies":[{"name":"wp","href":"https:\/\/api.w.org\/{rel}","templated":true}]}}