{"id":128352,"date":"2025-03-10T22:00:44","date_gmt":"2025-03-11T04:00:44","guid":{"rendered":"https:\/\/diariolanoticia.com.mx\/?p=128352"},"modified":"2025-03-10T22:00:45","modified_gmt":"2025-03-11T04:00:45","slug":"ha-impulsado-poder-judicial-acciones-afirmativas-a-favor-de-las-mujeres","status":"publish","type":"post","link":"https:\/\/diariolanoticia.com.mx\/?p=128352","title":{"rendered":"Ha impulsado Poder Judicial acciones afirmativas a favor de las mujeres"},"content":{"rendered":"\n<p><em>Anel Ba\u00f1uelos destac\u00f3 la creaci\u00f3n del Juzgado Especializado para Mujeres en Situaci\u00f3n de Violencia; ponen en marcha la Semana de Actividades alusivas al D\u00eda Internacional de la Mujer<\/em><\/p>\n\n\n\n<p>Tras asegurar que todas las mujeres han dado muestra de la fuerza, valent\u00eda y resiliencia para contribuir al bienestar de la sociedad y que ahora es momento de demostrar a las nuevas generaciones que ser juezas, magistradas, astr\u00f3nomas, artistas, ingenieras espaciales, empresarias o presidenta de la Rep\u00fablica, ya no es un sue\u00f1o y que todo se puede alcanzar, la magistrada presidenta del Poder Judicial, Anel Ba\u00f1uelos Meneses, asever\u00f3 que el Poder Judicial ha impulsado acciones afirmativas a favor de las mujeres.<\/p>\n\n\n\n<p>As\u00ed lo manifest\u00f3 durante su mensaje en el evento donde se puso en marcha la semana de actividades que el Tribunal Superior de Justicia y el Consejo de la Judicatura del Estado (TSJE-CJE) llevan a cabo para conmemorar el D\u00eda Internacional de la Mujer.<\/p>\n\n\n\n<p>La magistrada destac\u00f3 que esta conmemoraci\u00f3n trasciende fronteras, ideolog\u00edas y diferencias, porque en \u00e9l remarcan la fuerza, valent\u00eda y resiliencia con la que todas las mujeres, desde cualquier rinc\u00f3n del mundo, se esfuerzan para contribuir al bienestar de la sociedad, gracias a quienes lucharon para abrir un camino para las mujeres en las artes, las ciencias, el deporte y en la justicia.<\/p>\n\n\n\n<p>Refiri\u00f3 que el Poder Judicial de Tlaxcala ha contribuido y trabajado junto a mujeres extraordinarias para seguir impulsando acciones afirmativas a favor de todas, tal es el caso del Juzgado Especializado para Mujeres en Situaci\u00f3n de Violencia, donde se han radicado 138 expedientes, 302 promociones, 58 juntas familiares y m\u00e1s de 100 \u00f3rdenes de protecci\u00f3n, adem\u00e1s de que las 548 mujeres que forman parte de la familia judicial, desde magistradas, juezas, secretarias, personal administrativo y de apoyo, tienen garantizado un pleno desarrollo de sus funciones.<\/p>\n\n\n\n<p>Anel Ba\u00f1uelos coment\u00f3 que, como parte de las actividades, a partir de este d\u00eda y hasta el pr\u00f3ximo viernes, se tendr\u00e1n exposiciones, c\u00edrculos de paz, talleres de defensa personal, conversatorios y conferencias sobre igualdad y equidad de g\u00e9nero, as\u00ed como un mercado artesanal y de emprendedoras en las que podr\u00e1n apoyar al talento de mujeres tlaxcaltecas.<\/p>\n\n\n\n<p>Al respecto, la jueza Familiar Especializado en Asuntos Urgentes para Mujeres, Heribertha Guadalupe Morales Hern\u00e1ndez, dijo que esta fecha permite visibilizar lo que se ha avanzado a favor de las mujeres y, sobre todo, lo que hace falta por hacer a favor de madres, hijas, esposas, profesionistas y trabajadoras quienes, a pesar de enfrentar muchos desaf\u00edos no deben perderse en el camino sino ser referentes de nuevas generaciones para eliminar todo tipo de brechas.<\/p>\n\n\n\n<p>A su vez, la secretaria de Acuerdos del Juzgado Familiar Especializado en Asuntos Urgentes para Mujeres, Margarita Dorantes Navarrete, invit\u00f3 a las mujeres a confiar en s\u00ed mismas, pues son capaces de lograr muchos cambios de forma individual, pero en forma colectiva son imparables, aunque para ello, requieren sumarse con empat\u00eda y sororidad para hacer de su espacio laboral, un lugar propicio para contribuir a reconstruir el tejido social.<\/p>\n\n\n\n<p>Al t\u00e9rmino del acto protocolario, realizaron un recorrido por la Exposici\u00f3n artesanal y venta de productos de mujeres emprendedoras, as\u00ed como en la exposici\u00f3n de mujeres fot\u00f3grafas que se encuentra en el pasillo del acceso principal a Ciudad Judicial, que fueron las dos actividades programadas para este d\u00eda.<\/p>\n\n\n\n<p>Acompa\u00f1aron a la presidenta del TSJE-CJE, la presidenta de la Mesa Directiva de la LXV Legislatura del Congreso del Estado, la diputada Reyna Flor Baez Lozano; la titular de la Secretar\u00eda de las Mujeres de Tlaxcala, Nydia Cano Rodr\u00edguez; la presidenta de la Comisi\u00f3n Estatal de Derechos Humanos, Jakqueline Ordo\u00f1ez Brasdefer, magistradas, magistrados, consejeras, consejeros, juezas, jueces, personal jurisdiccional y administrativo.<\/p>\n","protected":false},"excerpt":{"rendered":"<p>Anel Ba\u00f1uelos destac\u00f3 la creaci\u00f3n del Juzgado Especializado para Mujeres en Situaci\u00f3n de Violencia; ponen en marcha la Semana de Actividades alusivas al D\u00eda Internacional de la Mujer Tras asegurar que todas las mujeres han dado muestra de la fuerza, valent\u00eda y resiliencia para contribuir al bienestar de la sociedad y que ahora es momento [&hellip;]<\/p>\n","protected":false},"author":1,"featured_media":128354,"comment_status":"open","ping_status":"open","sticky":false,"template":"","format":"standard","meta":{"footnotes":""},"categories":[21],"tags":[],"class_list":["post-128352","post","type-post","status-publish","format-standard","has-post-thumbnail","hentry","category-estatal"],"blog_post_layout_featured_media_urls":{"thumbnail":["https:\/\/diariolanoticia.com.mx\/wp-content\/uploads\/2025\/03\/DSC_7324-216x160.jpg",216,160,true],"full":["https:\/\/diariolanoticia.com.mx\/wp-content\/uploads\/2025\/03\/DSC_7324.jpg",2048,1365,false]},"categories_names":{"21":{"name":"Estatal","link":"https:\/\/diariolanoticia.com.mx\/?cat=21"}},"tags_names":[],"comments_number":"0","wpmagazine_modules_lite_featured_media_urls":{"thumbnail":["https:\/\/diariolanoticia.com.mx\/wp-content\/uploads\/2025\/03\/DSC_7324-216x160.jpg",216,160,true],"cvmm-medium":["https:\/\/diariolanoticia.com.mx\/wp-content\/uploads\/2025\/03\/DSC_7324-300x300.jpg",300,300,true],"cvmm-medium-plus":["https:\/\/diariolanoticia.com.mx\/wp-content\/uploads\/2025\/03\/DSC_7324-305x207.jpg",305,207,true],"cvmm-portrait":["https:\/\/diariolanoticia.com.mx\/wp-content\/uploads\/2025\/03\/DSC_7324-400x600.jpg",400,600,true],"cvmm-medium-square":["https:\/\/diariolanoticia.com.mx\/wp-content\/uploads\/2025\/03\/DSC_7324-600x600.jpg",600,600,true],"cvmm-large":["https:\/\/diariolanoticia.com.mx\/wp-content\/uploads\/2025\/03\/DSC_7324-1024x1024.jpg",1024,1024,true],"cvmm-small":["https:\/\/diariolanoticia.com.mx\/wp-content\/uploads\/2025\/03\/DSC_7324-130x95.jpg",130,95,true],"full":["https:\/\/diariolanoticia.com.mx\/wp-content\/uploads\/2025\/03\/DSC_7324.jpg",2048,1365,false]},"_links":{"self":[{"href":"https:\/\/diariolanoticia.com.mx\/index.php?rest_route=\/wp\/v2\/posts\/128352","targetHints":{"allow":["GET"]}}],"collection":[{"href":"https:\/\/diariolanoticia.com.mx\/index.php?rest_route=\/wp\/v2\/posts"}],"about":[{"href":"https:\/\/diariolanoticia.com.mx\/index.php?rest_route=\/wp\/v2\/types\/post"}],"author":[{"embeddable":true,"href":"https:\/\/diariolanoticia.com.mx\/index.php?rest_route=\/wp\/v2\/users\/1"}],"replies":[{"embeddable":true,"href":"https:\/\/diariolanoticia.com.mx\/index.php?rest_route=%2Fwp%2Fv2%2Fcomments&post=128352"}],"version-history":[{"count":1,"href":"https:\/\/diariolanoticia.com.mx\/index.php?rest_route=\/wp\/v2\/posts\/128352\/revisions"}],"predecessor-version":[{"id":128355,"href":"https:\/\/diariolanoticia.com.mx\/index.php?rest_route=\/wp\/v2\/posts\/128352\/revisions\/128355"}],"wp:featuredmedia":[{"embeddable":true,"href":"https:\/\/diariolanoticia.com.mx\/index.php?rest_route=\/wp\/v2\/media\/128354"}],"wp:attachment":[{"href":"https:\/\/diariolanoticia.com.mx\/index.php?rest_route=%2Fwp%2Fv2%2Fmedia&parent=128352"}],"wp:term":[{"taxonomy":"category","embeddable":true,"href":"https:\/\/diariolanoticia.com.mx\/index.php?rest_route=%2Fwp%2Fv2%2Fcategories&post=128352"},{"taxonomy":"post_tag","embeddable":true,"href":"https:\/\/diariolanoticia.com.mx\/index.php?rest_route=%2Fwp%2Fv2%2Ftags&post=128352"}],"curies":[{"name":"wp","href":"https:\/\/api.w.org\/{rel}","templated":true}]}}