{"id":128372,"date":"2025-03-07T16:58:39","date_gmt":"2025-03-07T22:58:39","guid":{"rendered":"https:\/\/diariolanoticia.com.mx\/?p=128372"},"modified":"2025-03-14T16:59:10","modified_gmt":"2025-03-14T22:59:10","slug":"visita-rector-de-la-uatx-campus-calpulalpan","status":"publish","type":"post","link":"https:\/\/diariolanoticia.com.mx\/?p=128372","title":{"rendered":"Visita Rector de la UATx campus Calpulalpan"},"content":{"rendered":"\n<p>\u00fc&nbsp;&nbsp;En un ejercicio de Rectorado Itinerante, establece di\u00e1logo con estudiantes y docentes<\/p>\n\n\n\n<p>Con los resultados del Seminario de Integraci\u00f3n de la Praxis Profesional y del servicio social comunitario, la Unidad Acad\u00e9mica Multidisciplinaria Campus Calpulalpan (UAMCC) public\u00f3 el libro&nbsp;<em>Intervenciones de la psicolog\u00eda aplicada,<\/em>&nbsp;as\u00ed lo dio a conocer el Ingeniero Ren\u00e9 Grada Yautentzi, Coordinador de la UAMCC, durante la visita que realiz\u00f3 el Doctor Seraf\u00edn Ortiz Ortiz, Rector de la Universidad Aut\u00f3noma de Tlaxcala (UATx).<\/p>\n\n\n\n<p>En un ejercicio de Rectorado Itinerante, el Doctor Seraf\u00edn Ortiz recorri\u00f3 las instalaciones del campus Sarabia y dialog\u00f3 con estudiantes y acad\u00e9micos, adem\u00e1s de expresar el inter\u00e9s por impulsar las funciones sustantivas que desarrolla esta Unidad Acad\u00e9mica.<\/p>\n\n\n\n<p>El Doctor Ortiz puso de relieve los esfuerzos que hace la Instituci\u00f3n para avanzar en sus objetivos e impulsar un proceso civilizatorio y culturizador relacionado con el Modelo Humanista Integrador basado en Capacidades.<\/p>\n\n\n\n<p>De igual forma, el Ingeniero Ren\u00e9 Grada mencion\u00f3 la edici\u00f3n de la Revista Integradora de la comunidad acad\u00e9mica de Psicolog\u00eda denominada&nbsp;<em>Ricap,<\/em>&nbsp;que es una publicaci\u00f3n anual con ISSN 3061-7332, indexada en Latindex, Latin REV. Scilit, DOI, Livre y Aura.<\/p>\n\n\n\n<p>Asimismo, esta revista fue gestionada en la plataforma canadiense Open Journal Systems, la cual permite recibir art\u00edculos de docentes del \u00e1rea de psicolog\u00eda de nuestra Universidad, de M\u00e9xico y del extranjero, ya que su cobertura es internacional.<\/p>\n\n\n\n<p>En la actualidad la revista&nbsp;<em>Ricap<\/em>&nbsp;cuenta con la apertura de dos convocatorias para la recepci\u00f3n de art\u00edculos cient\u00edficos, la primera es para el segundo n\u00famero \u00abAproximaci\u00f3n de aplicaciones de la psicolog\u00eda y sus m\u00e9todos\u00bb, la cual ya tiene 4 art\u00edculos en revisi\u00f3n de investigadores nacionales.<\/p>\n\n\n\n<p>Y la segunda convocatoria es para recibir art\u00edculos cient\u00edficos de \u00e1mbitos multidisciplinarios denominada \u00abEncuentros reflexivos y multidisciplinarios\u00bb que tiene el prop\u00f3sito de invitar a docentes de la UAMCC y de toda la UATx para publicar art\u00edculos cient\u00edficos en este n\u00famero especial. Ya se cuenta con tres art\u00edculos en revisi\u00f3n de las \u00e1reas de Contadur\u00eda P\u00fablica, Derecho y de la Maestr\u00eda en Educaci\u00f3n.<\/p>\n\n\n\n<p>Por \u00faltimo, subray\u00f3 que la visi\u00f3n y el compromiso del Doctor Ortiz Ortiz ha dado como resultado que nuestra Universidad cuente con un modelo educativo propio, el cual est\u00e1 sustentado en nuestra realidad para las funciones sustantivas de docencia, investigaci\u00f3n, extensi\u00f3n y difusi\u00f3n cultural, y autorrealizaci\u00f3n.<\/p>\n","protected":false},"excerpt":{"rendered":"<p>\u00fc&nbsp;&nbsp;En un ejercicio de Rectorado Itinerante, establece di\u00e1logo con estudiantes y docentes Con los resultados del Seminario de Integraci\u00f3n de la Praxis Profesional y del servicio social comunitario, la Unidad Acad\u00e9mica Multidisciplinaria Campus Calpulalpan (UAMCC) public\u00f3 el libro&nbsp;Intervenciones de la psicolog\u00eda aplicada,&nbsp;as\u00ed lo dio a conocer el Ingeniero Ren\u00e9 Grada Yautentzi, Coordinador de la UAMCC, [&hellip;]<\/p>\n","protected":false},"author":1,"featured_media":128373,"comment_status":"open","ping_status":"open","sticky":false,"template":"","format":"standard","meta":{"footnotes":""},"categories":[10],"tags":[],"class_list":["post-128372","post","type-post","status-publish","format-standard","has-post-thumbnail","hentry","category-educacion"],"blog_post_layout_featured_media_urls":{"thumbnail":["https:\/\/diariolanoticia.com.mx\/wp-content\/uploads\/2025\/03\/07-Visita-Rector-de-la-UATx-campus-Calpulalpan-216x160.jpg",216,160,true],"full":["https:\/\/diariolanoticia.com.mx\/wp-content\/uploads\/2025\/03\/07-Visita-Rector-de-la-UATx-campus-Calpulalpan-scaled.jpg",2560,1700,false]},"categories_names":{"10":{"name":"Educaci\u00f3n","link":"https:\/\/diariolanoticia.com.mx\/?cat=10"}},"tags_names":[],"comments_number":"0","wpmagazine_modules_lite_featured_media_urls":{"thumbnail":["https:\/\/diariolanoticia.com.mx\/wp-content\/uploads\/2025\/03\/07-Visita-Rector-de-la-UATx-campus-Calpulalpan-216x160.jpg",216,160,true],"cvmm-medium":["https:\/\/diariolanoticia.com.mx\/wp-content\/uploads\/2025\/03\/07-Visita-Rector-de-la-UATx-campus-Calpulalpan-300x300.jpg",300,300,true],"cvmm-medium-plus":["https:\/\/diariolanoticia.com.mx\/wp-content\/uploads\/2025\/03\/07-Visita-Rector-de-la-UATx-campus-Calpulalpan-305x207.jpg",305,207,true],"cvmm-portrait":["https:\/\/diariolanoticia.com.mx\/wp-content\/uploads\/2025\/03\/07-Visita-Rector-de-la-UATx-campus-Calpulalpan-400x600.jpg",400,600,true],"cvmm-medium-square":["https:\/\/diariolanoticia.com.mx\/wp-content\/uploads\/2025\/03\/07-Visita-Rector-de-la-UATx-campus-Calpulalpan-600x600.jpg",600,600,true],"cvmm-large":["https:\/\/diariolanoticia.com.mx\/wp-content\/uploads\/2025\/03\/07-Visita-Rector-de-la-UATx-campus-Calpulalpan-1024x1024.jpg",1024,1024,true],"cvmm-small":["https:\/\/diariolanoticia.com.mx\/wp-content\/uploads\/2025\/03\/07-Visita-Rector-de-la-UATx-campus-Calpulalpan-130x95.jpg",130,95,true],"full":["https:\/\/diariolanoticia.com.mx\/wp-content\/uploads\/2025\/03\/07-Visita-Rector-de-la-UATx-campus-Calpulalpan-scaled.jpg",2560,1700,false]},"_links":{"self":[{"href":"https:\/\/diariolanoticia.com.mx\/index.php?rest_route=\/wp\/v2\/posts\/128372","targetHints":{"allow":["GET"]}}],"collection":[{"href":"https:\/\/diariolanoticia.com.mx\/index.php?rest_route=\/wp\/v2\/posts"}],"about":[{"href":"https:\/\/diariolanoticia.com.mx\/index.php?rest_route=\/wp\/v2\/types\/post"}],"author":[{"embeddable":true,"href":"https:\/\/diariolanoticia.com.mx\/index.php?rest_route=\/wp\/v2\/users\/1"}],"replies":[{"embeddable":true,"href":"https:\/\/diariolanoticia.com.mx\/index.php?rest_route=%2Fwp%2Fv2%2Fcomments&post=128372"}],"version-history":[{"count":1,"href":"https:\/\/diariolanoticia.com.mx\/index.php?rest_route=\/wp\/v2\/posts\/128372\/revisions"}],"predecessor-version":[{"id":128374,"href":"https:\/\/diariolanoticia.com.mx\/index.php?rest_route=\/wp\/v2\/posts\/128372\/revisions\/128374"}],"wp:featuredmedia":[{"embeddable":true,"href":"https:\/\/diariolanoticia.com.mx\/index.php?rest_route=\/wp\/v2\/media\/128373"}],"wp:attachment":[{"href":"https:\/\/diariolanoticia.com.mx\/index.php?rest_route=%2Fwp%2Fv2%2Fmedia&parent=128372"}],"wp:term":[{"taxonomy":"category","embeddable":true,"href":"https:\/\/diariolanoticia.com.mx\/index.php?rest_route=%2Fwp%2Fv2%2Fcategories&post=128372"},{"taxonomy":"post_tag","embeddable":true,"href":"https:\/\/diariolanoticia.com.mx\/index.php?rest_route=%2Fwp%2Fv2%2Ftags&post=128372"}],"curies":[{"name":"wp","href":"https:\/\/api.w.org\/{rel}","templated":true}]}}