{"id":128436,"date":"2025-03-18T23:28:17","date_gmt":"2025-03-19T05:28:17","guid":{"rendered":"https:\/\/diariolanoticia.com.mx\/?p=128436"},"modified":"2025-03-18T23:28:19","modified_gmt":"2025-03-19T05:28:19","slug":"avala-congreso-de-tlaxcala-reforma-constitucional-para-garantizar-el-apoyo-a-jovenes","status":"publish","type":"post","link":"https:\/\/diariolanoticia.com.mx\/?p=128436","title":{"rendered":"Avala Congreso de Tlaxcala reforma Constitucional para garantizar el Apoyo a J\u00f3venes"},"content":{"rendered":"\n<p>Las diputadas y diputados que integran la LXV Legislatura del Congreso del Estado de Tlaxcala aprobaron el Dictamen relativo a la Minuta con Proyecto de Decreto que adiciona un segundo p\u00e1rrafo al art\u00edculo 123 de la Constituci\u00f3n Pol\u00edtica de los Estados Unidos Mexicanos, con el objetivo de garantizar apoyo econ\u00f3mico y capacitaci\u00f3n laboral a j\u00f3venes de 18 a 29 a\u00f1os que no estudian ni trabajan, presentado por la Comisi\u00f3n de Puntos Constitucionales, Gobernaci\u00f3n y Justicia y Asuntos Pol\u00edticos que preside el diputado Jaciel Gonz\u00e1lez Herrera.<\/p>\n\n\n\n<p>La reforma, promovida por el entonces presidente Andr\u00e9s Manuel L\u00f3pez Obrador y aprobada previamente por la C\u00e1mara de Diputados y el Senado de la Rep\u00fablica, busca consolidar el programa \u00abJ\u00f3venes Construyendo el Futuro\u00bb como una pol\u00edtica de Estado, asegurando su permanencia y efectividad en la inserci\u00f3n laboral de este sector.<\/p>\n\n\n\n<p>La Comisi\u00f3n dictaminadora subray\u00f3 que esta reforma responde a la necesidad de reducir la exclusi\u00f3n laboral juvenil, garantizar su acceso a oportunidades de empleo y prevenir su vulnerabilidad ante la pobreza y la delincuencia organizada. Adem\u00e1s, se enmarca en los compromisos internacionales de M\u00e9xico, como la Agenda 2030 para el Desarrollo Sostenible.<\/p>\n\n\n\n<p>La Comisi\u00f3n dictaminadora consider\u00f3 que el Programa J\u00f3venes Construyendo el Futuro ha sido referencia pues el 61.7% de los enrolados consigui\u00f3 empleo en el 2022, por lo que esta Iniciativa no constituye una medida asistencialista ni subsidio sin prop\u00f3sito, sino un mecanismo de inserci\u00f3n laboral y reduce su vulnerabilidad ante la pobreza y violencia.<\/p>\n\n\n\n<p>El Dictamen fue aprobado por unanimidad y se remiti\u00f3 a la C\u00e1mara de Senadores para los efectos legales correspondientes.<\/p>\n\n\n\n<p>Una vez publicada en el Diario Oficial de la Federaci\u00f3n, la reforma entrar\u00e1 en vigor, consolidando el derecho de las y los j\u00f3venes a recibir capacitaci\u00f3n laboral con un apoyo econ\u00f3mico mensual equivalente al salario m\u00ednimo general vigente por un periodo de hasta 12 meses.<\/p>\n","protected":false},"excerpt":{"rendered":"<p>Las diputadas y diputados que integran la LXV Legislatura del Congreso del Estado de Tlaxcala aprobaron el Dictamen relativo a la Minuta con Proyecto de Decreto que adiciona un segundo p\u00e1rrafo al art\u00edculo 123 de la Constituci\u00f3n Pol\u00edtica de los Estados Unidos Mexicanos, con el objetivo de garantizar apoyo econ\u00f3mico y capacitaci\u00f3n laboral a j\u00f3venes [&hellip;]<\/p>\n","protected":false},"author":1,"featured_media":128437,"comment_status":"open","ping_status":"open","sticky":false,"template":"","format":"standard","meta":{"footnotes":""},"categories":[22],"tags":[],"class_list":["post-128436","post","type-post","status-publish","format-standard","has-post-thumbnail","hentry","category-congreso"],"blog_post_layout_featured_media_urls":{"thumbnail":["https:\/\/diariolanoticia.com.mx\/wp-content\/uploads\/2025\/03\/017d78e1-81ad-4668-97ff-a0c6fa443986-216x160.jpg",216,160,true],"full":["https:\/\/diariolanoticia.com.mx\/wp-content\/uploads\/2025\/03\/017d78e1-81ad-4668-97ff-a0c6fa443986.jpg",1616,1080,false]},"categories_names":{"22":{"name":"Congreso","link":"https:\/\/diariolanoticia.com.mx\/?cat=22"}},"tags_names":[],"comments_number":"0","wpmagazine_modules_lite_featured_media_urls":{"thumbnail":["https:\/\/diariolanoticia.com.mx\/wp-content\/uploads\/2025\/03\/017d78e1-81ad-4668-97ff-a0c6fa443986-216x160.jpg",216,160,true],"cvmm-medium":["https:\/\/diariolanoticia.com.mx\/wp-content\/uploads\/2025\/03\/017d78e1-81ad-4668-97ff-a0c6fa443986-300x300.jpg",300,300,true],"cvmm-medium-plus":["https:\/\/diariolanoticia.com.mx\/wp-content\/uploads\/2025\/03\/017d78e1-81ad-4668-97ff-a0c6fa443986-305x207.jpg",305,207,true],"cvmm-portrait":["https:\/\/diariolanoticia.com.mx\/wp-content\/uploads\/2025\/03\/017d78e1-81ad-4668-97ff-a0c6fa443986-400x600.jpg",400,600,true],"cvmm-medium-square":["https:\/\/diariolanoticia.com.mx\/wp-content\/uploads\/2025\/03\/017d78e1-81ad-4668-97ff-a0c6fa443986-600x600.jpg",600,600,true],"cvmm-large":["https:\/\/diariolanoticia.com.mx\/wp-content\/uploads\/2025\/03\/017d78e1-81ad-4668-97ff-a0c6fa443986-1024x1024.jpg",1024,1024,true],"cvmm-small":["https:\/\/diariolanoticia.com.mx\/wp-content\/uploads\/2025\/03\/017d78e1-81ad-4668-97ff-a0c6fa443986-130x95.jpg",130,95,true],"full":["https:\/\/diariolanoticia.com.mx\/wp-content\/uploads\/2025\/03\/017d78e1-81ad-4668-97ff-a0c6fa443986.jpg",1616,1080,false]},"_links":{"self":[{"href":"https:\/\/diariolanoticia.com.mx\/index.php?rest_route=\/wp\/v2\/posts\/128436","targetHints":{"allow":["GET"]}}],"collection":[{"href":"https:\/\/diariolanoticia.com.mx\/index.php?rest_route=\/wp\/v2\/posts"}],"about":[{"href":"https:\/\/diariolanoticia.com.mx\/index.php?rest_route=\/wp\/v2\/types\/post"}],"author":[{"embeddable":true,"href":"https:\/\/diariolanoticia.com.mx\/index.php?rest_route=\/wp\/v2\/users\/1"}],"replies":[{"embeddable":true,"href":"https:\/\/diariolanoticia.com.mx\/index.php?rest_route=%2Fwp%2Fv2%2Fcomments&post=128436"}],"version-history":[{"count":1,"href":"https:\/\/diariolanoticia.com.mx\/index.php?rest_route=\/wp\/v2\/posts\/128436\/revisions"}],"predecessor-version":[{"id":128438,"href":"https:\/\/diariolanoticia.com.mx\/index.php?rest_route=\/wp\/v2\/posts\/128436\/revisions\/128438"}],"wp:featuredmedia":[{"embeddable":true,"href":"https:\/\/diariolanoticia.com.mx\/index.php?rest_route=\/wp\/v2\/media\/128437"}],"wp:attachment":[{"href":"https:\/\/diariolanoticia.com.mx\/index.php?rest_route=%2Fwp%2Fv2%2Fmedia&parent=128436"}],"wp:term":[{"taxonomy":"category","embeddable":true,"href":"https:\/\/diariolanoticia.com.mx\/index.php?rest_route=%2Fwp%2Fv2%2Fcategories&post=128436"},{"taxonomy":"post_tag","embeddable":true,"href":"https:\/\/diariolanoticia.com.mx\/index.php?rest_route=%2Fwp%2Fv2%2Ftags&post=128436"}],"curies":[{"name":"wp","href":"https:\/\/api.w.org\/{rel}","templated":true}]}}