{"id":128513,"date":"2025-03-29T11:18:57","date_gmt":"2025-03-29T17:18:57","guid":{"rendered":"https:\/\/diariolanoticia.com.mx\/?p=128513"},"modified":"2025-03-29T11:18:57","modified_gmt":"2025-03-29T17:18:57","slug":"alejandro-armenta-impulsa-riqueza-comunitaria-con-comites-liderados-por-mujeres","status":"publish","type":"post","link":"https:\/\/diariolanoticia.com.mx\/?p=128513","title":{"rendered":"Alejandro Armenta impulsa riqueza comunitaria con comit\u00e9s liderados por mujeres"},"content":{"rendered":"\n<figure class=\"wp-block-gallery has-nested-images columns-default is-cropped wp-block-gallery-1 is-layout-flex wp-block-gallery-is-layout-flex\">\n<figure class=\"wp-block-image\"><img loading=\"lazy\" decoding=\"async\" width=\"1024\" height=\"573\" data-id=\"128511\" src=\"https:\/\/diariolanoticia.com.mx\/wp-content\/uploads\/2025\/03\/b934e8d4-fc7e-4b31-8889-47cd9fa5fa49-1-1024x573.jpg\" alt=\"\" class=\"wp-image-128511\" srcset=\"https:\/\/diariolanoticia.com.mx\/wp-content\/uploads\/2025\/03\/b934e8d4-fc7e-4b31-8889-47cd9fa5fa49-1-1024x573.jpg 1024w, https:\/\/diariolanoticia.com.mx\/wp-content\/uploads\/2025\/03\/b934e8d4-fc7e-4b31-8889-47cd9fa5fa49-1-300x168.jpg 300w, https:\/\/diariolanoticia.com.mx\/wp-content\/uploads\/2025\/03\/b934e8d4-fc7e-4b31-8889-47cd9fa5fa49-1-768x430.jpg 768w, https:\/\/diariolanoticia.com.mx\/wp-content\/uploads\/2025\/03\/b934e8d4-fc7e-4b31-8889-47cd9fa5fa49-1.jpg 1500w\" sizes=\"auto, (max-width: 1024px) 100vw, 1024px\" \/><\/figure>\n\n\n\n<figure class=\"wp-block-image\"><img loading=\"lazy\" decoding=\"async\" width=\"1024\" height=\"683\" data-id=\"128512\" src=\"https:\/\/diariolanoticia.com.mx\/wp-content\/uploads\/2025\/03\/45e925fa-500a-4a55-b2b7-60a45a84355d-1-1024x683.jpg\" alt=\"\" class=\"wp-image-128512\" srcset=\"https:\/\/diariolanoticia.com.mx\/wp-content\/uploads\/2025\/03\/45e925fa-500a-4a55-b2b7-60a45a84355d-1-1024x683.jpg 1024w, https:\/\/diariolanoticia.com.mx\/wp-content\/uploads\/2025\/03\/45e925fa-500a-4a55-b2b7-60a45a84355d-1-300x200.jpg 300w, https:\/\/diariolanoticia.com.mx\/wp-content\/uploads\/2025\/03\/45e925fa-500a-4a55-b2b7-60a45a84355d-1-768x512.jpg 768w, https:\/\/diariolanoticia.com.mx\/wp-content\/uploads\/2025\/03\/45e925fa-500a-4a55-b2b7-60a45a84355d-1.jpg 1500w\" sizes=\"auto, (max-width: 1024px) 100vw, 1024px\" \/><\/figure>\n<\/figure>\n\n\n\n<p class=\"s8\">&#8211; Educaci\u00f3n financiera: clave para el empoderamiento.<\/p>\n\n\n\n<p class=\"s6\">CIUDAD DE PUEBLA, Pue.- La seguridad, la justicia y la riqueza comunitaria son pilares esenciales para el desarrollo de las familias y el empoderamiento econ\u00f3mico. Bajo esta visi\u00f3n y misi\u00f3n del Gobierno de Puebla, la Banca de la Mujer se cre\u00f3 como una herramienta clave para transformar la vida de las mujeres emprendedoras y fortalecer la econom\u00eda regional.<\/p>\n\n\n\n<p class=\"s6\">A cien d\u00edas del gobierno de Alejandro Armenta, en Puebla se han entregado casi 64 millones de pesos a los comit\u00e9s comunitarios, recursos que ser\u00e1n administrados por mujeres organizadas en equipos de presidentas y tesoreras. Estas l\u00edderes no solo vigilar\u00e1n la correcta distribuci\u00f3n del dinero, sino que tambi\u00e9n ser\u00e1n agentes de cambio en sus comunidades.<\/p>\n\n\n\n<p class=\"s6\">\u201cEn M\u00e9xico es tiempo de mujeres con la primera mujer presidenta, la Doctora &nbsp;Claudia Sheinbaum\u201d, afirm\u00f3 el mandatario estatal. Por ello, a lo largo del a\u00f1o, se destinar\u00e1n 200 millones de pesos para obra comunitaria, en el que la administraci\u00f3n de mujeres que encabecen los comit\u00e9s ser\u00e1 prioridad, de esta manera, el desarrollo llega a cada rinc\u00f3n del estado sin distinciones ni exclusiones.<\/p>\n\n\n\n<p class=\"s6\">El compromiso del mandatario poblano con la equidad econ\u00f3mica se refleja en la expansi\u00f3n de la Banca de la Mujer. Con cr\u00e9ditos accesibles que van desde 20,000 hasta casi un mill\u00f3n de pesos, se busca liberar a las empresarias de deudas impagables y ofrecerles financiamiento con tasas preferenciales. Este a\u00f1o, el fondo de apoyo se duplic\u00f3 de 50 a 100 millones de pesos, y con el respaldo de inversionistas se gestionar\u00e1 una bolsa de casi 500 millones de pesos para potenciar los negocios liderados por mujeres.<\/p>\n\n\n\n<p class=\"s6\">El gobernador Alejandro Armenta ha resaltado que el programa se lleva a cabo con transparencia y con la firme convicci\u00f3n de que el poder solo se vuelve virtud cuando se pone al servicio de los dem\u00e1s, como lo pide y lleva a cabo la presidenta, Claudia Sheinbaum. Por ello, exhort\u00f3 a las comunidades a vigilar el uso de los recursos y a garantizar que las compras se realicen con calidad y sin imposiciones externas.<\/p>\n","protected":false},"excerpt":{"rendered":"<p>&#8211; Educaci\u00f3n financiera: clave para el empoderamiento. CIUDAD DE PUEBLA, Pue.- La seguridad, la justicia y la riqueza comunitaria son pilares esenciales para el desarrollo de las familias y el empoderamiento econ\u00f3mico. Bajo esta visi\u00f3n y misi\u00f3n del Gobierno de Puebla, la Banca de la Mujer se cre\u00f3 como una herramienta clave para transformar la [&hellip;]<\/p>\n","protected":false},"author":1,"featured_media":128510,"comment_status":"closed","ping_status":"open","sticky":false,"template":"","format":"standard","meta":{"footnotes":""},"categories":[20],"tags":[],"class_list":["post-128513","post","type-post","status-publish","format-standard","has-post-thumbnail","hentry","category-norte-de-puebla"],"blog_post_layout_featured_media_urls":{"thumbnail":["https:\/\/diariolanoticia.com.mx\/wp-content\/uploads\/2025\/03\/39cff3d6-2aa2-4229-8b0d-6119ea1cc1ba-1-216x160.jpg",216,160,true],"full":["https:\/\/diariolanoticia.com.mx\/wp-content\/uploads\/2025\/03\/39cff3d6-2aa2-4229-8b0d-6119ea1cc1ba-1.jpg",1500,1000,false]},"categories_names":{"20":{"name":"Norte de Puebla","link":"https:\/\/diariolanoticia.com.mx\/?cat=20"}},"tags_names":[],"comments_number":"0","wpmagazine_modules_lite_featured_media_urls":{"thumbnail":["https:\/\/diariolanoticia.com.mx\/wp-content\/uploads\/2025\/03\/39cff3d6-2aa2-4229-8b0d-6119ea1cc1ba-1-216x160.jpg",216,160,true],"cvmm-medium":["https:\/\/diariolanoticia.com.mx\/wp-content\/uploads\/2025\/03\/39cff3d6-2aa2-4229-8b0d-6119ea1cc1ba-1-300x300.jpg",300,300,true],"cvmm-medium-plus":["https:\/\/diariolanoticia.com.mx\/wp-content\/uploads\/2025\/03\/39cff3d6-2aa2-4229-8b0d-6119ea1cc1ba-1-305x207.jpg",305,207,true],"cvmm-portrait":["https:\/\/diariolanoticia.com.mx\/wp-content\/uploads\/2025\/03\/39cff3d6-2aa2-4229-8b0d-6119ea1cc1ba-1-400x600.jpg",400,600,true],"cvmm-medium-square":["https:\/\/diariolanoticia.com.mx\/wp-content\/uploads\/2025\/03\/39cff3d6-2aa2-4229-8b0d-6119ea1cc1ba-1-600x600.jpg",600,600,true],"cvmm-large":["https:\/\/diariolanoticia.com.mx\/wp-content\/uploads\/2025\/03\/39cff3d6-2aa2-4229-8b0d-6119ea1cc1ba-1-1024x1000.jpg",1024,1000,true],"cvmm-small":["https:\/\/diariolanoticia.com.mx\/wp-content\/uploads\/2025\/03\/39cff3d6-2aa2-4229-8b0d-6119ea1cc1ba-1-130x95.jpg",130,95,true],"full":["https:\/\/diariolanoticia.com.mx\/wp-content\/uploads\/2025\/03\/39cff3d6-2aa2-4229-8b0d-6119ea1cc1ba-1.jpg",1500,1000,false]},"_links":{"self":[{"href":"https:\/\/diariolanoticia.com.mx\/index.php?rest_route=\/wp\/v2\/posts\/128513","targetHints":{"allow":["GET"]}}],"collection":[{"href":"https:\/\/diariolanoticia.com.mx\/index.php?rest_route=\/wp\/v2\/posts"}],"about":[{"href":"https:\/\/diariolanoticia.com.mx\/index.php?rest_route=\/wp\/v2\/types\/post"}],"author":[{"embeddable":true,"href":"https:\/\/diariolanoticia.com.mx\/index.php?rest_route=\/wp\/v2\/users\/1"}],"replies":[{"embeddable":true,"href":"https:\/\/diariolanoticia.com.mx\/index.php?rest_route=%2Fwp%2Fv2%2Fcomments&post=128513"}],"version-history":[{"count":1,"href":"https:\/\/diariolanoticia.com.mx\/index.php?rest_route=\/wp\/v2\/posts\/128513\/revisions"}],"predecessor-version":[{"id":128514,"href":"https:\/\/diariolanoticia.com.mx\/index.php?rest_route=\/wp\/v2\/posts\/128513\/revisions\/128514"}],"wp:featuredmedia":[{"embeddable":true,"href":"https:\/\/diariolanoticia.com.mx\/index.php?rest_route=\/wp\/v2\/media\/128510"}],"wp:attachment":[{"href":"https:\/\/diariolanoticia.com.mx\/index.php?rest_route=%2Fwp%2Fv2%2Fmedia&parent=128513"}],"wp:term":[{"taxonomy":"category","embeddable":true,"href":"https:\/\/diariolanoticia.com.mx\/index.php?rest_route=%2Fwp%2Fv2%2Fcategories&post=128513"},{"taxonomy":"post_tag","embeddable":true,"href":"https:\/\/diariolanoticia.com.mx\/index.php?rest_route=%2Fwp%2Fv2%2Ftags&post=128513"}],"curies":[{"name":"wp","href":"https:\/\/api.w.org\/{rel}","templated":true}]}}