{"id":128726,"date":"2025-04-30T18:18:01","date_gmt":"2025-05-01T00:18:01","guid":{"rendered":"https:\/\/diariolanoticia.com.mx\/?p=128726"},"modified":"2025-04-30T18:18:02","modified_gmt":"2025-05-01T00:18:02","slug":"estudiantes-de-gerontologia-social-uatx-refuerzan-conocimiento-y-practica-en-festival-del-adulto-mayor","status":"publish","type":"post","link":"https:\/\/diariolanoticia.com.mx\/?p=128726","title":{"rendered":"Estudiantes de Gerontolog\u00eda Social UATx refuerzan conocimiento y pr\u00e1ctica en Festival del Adulto Mayor"},"content":{"rendered":"\n<p>Estudiantes de la Licenciatura en Gerontolog\u00eda Social de la Universidad Aut\u00f3noma de Tlaxcala (UATx) participaron en el&nbsp;\ud835\udfcf\ud835\udfd1\u00b0&nbsp;\ud835\udc05\ud835\udc1e\ud835\udc2c\ud835\udc2d\ud835\udc22\ud835\udc2f\ud835\udc1a\ud835\udc25&nbsp;\ud835\udc1d\ud835\udc1e\ud835\udc25&nbsp;\ud835\udc00\ud835\udc1d\ud835\udc2e\ud835\udc25\ud835\udc2d\ud835\udc28&nbsp;\ud835\udc0c\ud835\udc1a\ud835\udc32\ud835\udc28\ud835\udc2b&nbsp;\u00abBienestar y diversi\u00f3n\u00bb que tuvo lugar en la Ciudad de M\u00e9xico y fue auspiciado por la empresa Telcel.<\/p>\n\n\n\n<p>Dicho festival es un espacio \u00fanico dedicado a promover el bienestar integral de las personas mayores a trav\u00e9s de foros, actividades formativas, preventivas y recreativas. Adem\u00e1s, fomenta el di\u00e1logo intergeneracional y el intercambio de experiencias entre profesionales, estudiantes y quienes han forjado generaciones.<\/p>\n\n\n\n<p>Durante su estancia, los estudiantes de la Facultad de Ciencias para el Desarrollo Humano de la UATx&nbsp; vivieron una experiencia enriquecedora, al recorrer los distintos stands, compartir con personas adultas mayores y reafirmar su compromiso con un envejecimiento activo, digno y con sentido humano.<\/p>\n\n\n\n<p>Esta jornada, celebrada del 25 al 27 de abril, fortaleci\u00f3 su vocaci\u00f3n de servicio y su visi\u00f3n profesional orientada a la inclusi\u00f3n y el respeto por las trayectorias de vida, considerando que la Licenciatura en Gerontolog\u00eda Social considera tres premisas elementales: el envejecimiento activo y saludable, el desarrollo de capacidades y en la educaci\u00f3n del cuidado para toda la vida.<\/p>\n","protected":false},"excerpt":{"rendered":"<p>Estudiantes de la Licenciatura en Gerontolog\u00eda Social de la Universidad Aut\u00f3noma de Tlaxcala (UATx) participaron en el&nbsp;\ud835\udfcf\ud835\udfd1\u00b0&nbsp;\ud835\udc05\ud835\udc1e\ud835\udc2c\ud835\udc2d\ud835\udc22\ud835\udc2f\ud835\udc1a\ud835\udc25&nbsp;\ud835\udc1d\ud835\udc1e\ud835\udc25&nbsp;\ud835\udc00\ud835\udc1d\ud835\udc2e\ud835\udc25\ud835\udc2d\ud835\udc28&nbsp;\ud835\udc0c\ud835\udc1a\ud835\udc32\ud835\udc28\ud835\udc2b&nbsp;\u00abBienestar y diversi\u00f3n\u00bb que tuvo lugar en la Ciudad de M\u00e9xico y fue auspiciado por la empresa Telcel. Dicho festival es un espacio \u00fanico dedicado a promover el bienestar integral de las personas mayores a trav\u00e9s de foros, actividades [&hellip;]<\/p>\n","protected":false},"author":1,"featured_media":128727,"comment_status":"open","ping_status":"open","sticky":false,"template":"","format":"standard","meta":{"footnotes":""},"categories":[10],"tags":[],"class_list":["post-128726","post","type-post","status-publish","format-standard","has-post-thumbnail","hentry","category-educacion"],"blog_post_layout_featured_media_urls":{"thumbnail":["https:\/\/diariolanoticia.com.mx\/wp-content\/uploads\/2025\/04\/30-Estudiantes-de-Gerontologia-Social-UATx-refuerzan-conocimiento-y-practica-en-Festival-del-Adulto-Mayor-3-216x160.jpeg",216,160,true],"full":["https:\/\/diariolanoticia.com.mx\/wp-content\/uploads\/2025\/04\/30-Estudiantes-de-Gerontologia-Social-UATx-refuerzan-conocimiento-y-practica-en-Festival-del-Adulto-Mayor-3.jpeg",1287,715,false]},"categories_names":{"10":{"name":"Educaci\u00f3n","link":"https:\/\/diariolanoticia.com.mx\/?cat=10"}},"tags_names":[],"comments_number":"0","wpmagazine_modules_lite_featured_media_urls":{"thumbnail":["https:\/\/diariolanoticia.com.mx\/wp-content\/uploads\/2025\/04\/30-Estudiantes-de-Gerontologia-Social-UATx-refuerzan-conocimiento-y-practica-en-Festival-del-Adulto-Mayor-3-216x160.jpeg",216,160,true],"cvmm-medium":["https:\/\/diariolanoticia.com.mx\/wp-content\/uploads\/2025\/04\/30-Estudiantes-de-Gerontologia-Social-UATx-refuerzan-conocimiento-y-practica-en-Festival-del-Adulto-Mayor-3-300x300.jpeg",300,300,true],"cvmm-medium-plus":["https:\/\/diariolanoticia.com.mx\/wp-content\/uploads\/2025\/04\/30-Estudiantes-de-Gerontologia-Social-UATx-refuerzan-conocimiento-y-practica-en-Festival-del-Adulto-Mayor-3-305x207.jpeg",305,207,true],"cvmm-portrait":["https:\/\/diariolanoticia.com.mx\/wp-content\/uploads\/2025\/04\/30-Estudiantes-de-Gerontologia-Social-UATx-refuerzan-conocimiento-y-practica-en-Festival-del-Adulto-Mayor-3-400x600.jpeg",400,600,true],"cvmm-medium-square":["https:\/\/diariolanoticia.com.mx\/wp-content\/uploads\/2025\/04\/30-Estudiantes-de-Gerontologia-Social-UATx-refuerzan-conocimiento-y-practica-en-Festival-del-Adulto-Mayor-3-600x600.jpeg",600,600,true],"cvmm-large":["https:\/\/diariolanoticia.com.mx\/wp-content\/uploads\/2025\/04\/30-Estudiantes-de-Gerontologia-Social-UATx-refuerzan-conocimiento-y-practica-en-Festival-del-Adulto-Mayor-3-1024x715.jpeg",1024,715,true],"cvmm-small":["https:\/\/diariolanoticia.com.mx\/wp-content\/uploads\/2025\/04\/30-Estudiantes-de-Gerontologia-Social-UATx-refuerzan-conocimiento-y-practica-en-Festival-del-Adulto-Mayor-3-130x95.jpeg",130,95,true],"full":["https:\/\/diariolanoticia.com.mx\/wp-content\/uploads\/2025\/04\/30-Estudiantes-de-Gerontologia-Social-UATx-refuerzan-conocimiento-y-practica-en-Festival-del-Adulto-Mayor-3.jpeg",1287,715,false]},"_links":{"self":[{"href":"https:\/\/diariolanoticia.com.mx\/index.php?rest_route=\/wp\/v2\/posts\/128726","targetHints":{"allow":["GET"]}}],"collection":[{"href":"https:\/\/diariolanoticia.com.mx\/index.php?rest_route=\/wp\/v2\/posts"}],"about":[{"href":"https:\/\/diariolanoticia.com.mx\/index.php?rest_route=\/wp\/v2\/types\/post"}],"author":[{"embeddable":true,"href":"https:\/\/diariolanoticia.com.mx\/index.php?rest_route=\/wp\/v2\/users\/1"}],"replies":[{"embeddable":true,"href":"https:\/\/diariolanoticia.com.mx\/index.php?rest_route=%2Fwp%2Fv2%2Fcomments&post=128726"}],"version-history":[{"count":1,"href":"https:\/\/diariolanoticia.com.mx\/index.php?rest_route=\/wp\/v2\/posts\/128726\/revisions"}],"predecessor-version":[{"id":128728,"href":"https:\/\/diariolanoticia.com.mx\/index.php?rest_route=\/wp\/v2\/posts\/128726\/revisions\/128728"}],"wp:featuredmedia":[{"embeddable":true,"href":"https:\/\/diariolanoticia.com.mx\/index.php?rest_route=\/wp\/v2\/media\/128727"}],"wp:attachment":[{"href":"https:\/\/diariolanoticia.com.mx\/index.php?rest_route=%2Fwp%2Fv2%2Fmedia&parent=128726"}],"wp:term":[{"taxonomy":"category","embeddable":true,"href":"https:\/\/diariolanoticia.com.mx\/index.php?rest_route=%2Fwp%2Fv2%2Fcategories&post=128726"},{"taxonomy":"post_tag","embeddable":true,"href":"https:\/\/diariolanoticia.com.mx\/index.php?rest_route=%2Fwp%2Fv2%2Ftags&post=128726"}],"curies":[{"name":"wp","href":"https:\/\/api.w.org\/{rel}","templated":true}]}}