{"id":128742,"date":"2025-04-29T18:31:47","date_gmt":"2025-04-30T00:31:47","guid":{"rendered":"https:\/\/diariolanoticia.com.mx\/?p=128742"},"modified":"2025-04-30T18:32:13","modified_gmt":"2025-05-01T00:32:13","slug":"concluyo-en-la-uatx-1-er-seminario-permanente-de-derecho-constitucional","status":"publish","type":"post","link":"https:\/\/diariolanoticia.com.mx\/?p=128742","title":{"rendered":"Concluy\u00f3 en la UATx\u00a01.er\u00a0Seminario Permanente de Derecho Constitucional"},"content":{"rendered":"\n<p>Con el prop\u00f3sito de seguir abonando a la discusi\u00f3n y la reflexi\u00f3n en materia de Derecho Constitucional, concluy\u00f3 en la Universidad Aut\u00f3noma de Tlaxcala (UATx) el&nbsp;<a href=\"http:\/\/1.er\/\" target=\"_blank\" rel=\"noreferrer noopener\">1.er<\/a>&nbsp;Seminario Permanente de Derecho Constitucional \u00abReformas Recientes a la Constituci\u00f3n Mexicana\u00bb, foro que gener\u00f3 espacios de an\u00e1lisis y divulgaci\u00f3n cr\u00edtica accesibles para acad\u00e9micos, estudiantes, funcionarios y la sociedad en general, aportando material de consulta confiable y riguroso que acompa\u00f1e las actividades acad\u00e9micas.<\/p>\n\n\n\n<p>Teniendo como sede Teatro Universitario, el Maestro Dante Morales Cruz, Director de la Facultad de Derecho, Ciencias Pol\u00edticas y Criminolog\u00eda, subray\u00f3 que en la segunda jornada de trabajo dedicada a las charlas sobre el proceso de reforma al Poder Judicial, resulta fundamental la destacada participaci\u00f3n de las y los abogados, quienes deben estar plenamente informados de primera mano sobre los acontecimientos de esta trascendental elecci\u00f3n.<\/p>\n\n\n\n<p>En su momento el Doctor Favi\u00e1n Aquiahuatl Denicia, Presidente&nbsp;de la Academia de Derecho Constitucional de la Licenciatura en Derecho, refiri\u00f3 que como Instituci\u00f3n nos toca hacer un aporte a la sociedad a trav\u00e9s de estas conferencias para conocer qu\u00e9 es lo que hay que hacer en este proceso electoral del Poder Judicial.<\/p>\n\n\n\n<p>Este seminario finaliz\u00f3 con la participaci\u00f3n del Ingeniero Jes\u00fas Lule Ortega,&nbsp;Vocal Ejecutivo de la Junta Local del Instituto Nacional Electoral en el estado de Tlaxcala, quien tuvo a su cargo la conferencia \u00abEl proceso electoral judicial federal 2025\u00bb.<\/p>\n\n\n\n<p>Adem\u00e1s, se cont\u00f3 con la disertaci\u00f3n del Licenciado Emmanuel \u00c1vila Gonz\u00e1lez con el tema \u00abEl proceso electoral judicial local 2025 en Tlaxcala\u00bb; y el Doctor Sergio M\u00e1rquez R\u00e1bago brind\u00f3 la ponencia \u00abCrisis constitucional y la divisi\u00f3n de poderes\u00bb.<\/p>\n\n\n\n<p>La organizaci\u00f3n estuvo a cargo de la Academia de Derecho Constitucional de la Licenciatura en Derecho, campus Rector\u00eda, de la Academia de Pol\u00edtica de la Licenciatura en Ciencias Pol\u00edticas y Administraci\u00f3n P\u00fablica, y del \u00e1rea de Educaci\u00f3n Continua de la Facultad de Derecho, Ciencias Pol\u00edticas y Criminolog\u00eda.<\/p>\n","protected":false},"excerpt":{"rendered":"<p>Con el prop\u00f3sito de seguir abonando a la discusi\u00f3n y la reflexi\u00f3n en materia de Derecho Constitucional, concluy\u00f3 en la Universidad Aut\u00f3noma de Tlaxcala (UATx) el&nbsp;1.er&nbsp;Seminario Permanente de Derecho Constitucional \u00abReformas Recientes a la Constituci\u00f3n Mexicana\u00bb, foro que gener\u00f3 espacios de an\u00e1lisis y divulgaci\u00f3n cr\u00edtica accesibles para acad\u00e9micos, estudiantes, funcionarios y la sociedad en general, [&hellip;]<\/p>\n","protected":false},"author":1,"featured_media":128743,"comment_status":"open","ping_status":"open","sticky":false,"template":"","format":"standard","meta":{"footnotes":""},"categories":[10],"tags":[],"class_list":["post-128742","post","type-post","status-publish","format-standard","has-post-thumbnail","hentry","category-educacion"],"blog_post_layout_featured_media_urls":{"thumbnail":["https:\/\/diariolanoticia.com.mx\/wp-content\/uploads\/2025\/04\/29-Concluyo-en-la-UATx-1.er-Seminario-Permanente-de-Derecho-Constitucional-2-216x160.jpg",216,160,true],"full":["https:\/\/diariolanoticia.com.mx\/wp-content\/uploads\/2025\/04\/29-Concluyo-en-la-UATx-1.er-Seminario-Permanente-de-Derecho-Constitucional-2-scaled.jpg",2560,1707,false]},"categories_names":{"10":{"name":"Educaci\u00f3n","link":"https:\/\/diariolanoticia.com.mx\/?cat=10"}},"tags_names":[],"comments_number":"0","wpmagazine_modules_lite_featured_media_urls":{"thumbnail":["https:\/\/diariolanoticia.com.mx\/wp-content\/uploads\/2025\/04\/29-Concluyo-en-la-UATx-1.er-Seminario-Permanente-de-Derecho-Constitucional-2-216x160.jpg",216,160,true],"cvmm-medium":["https:\/\/diariolanoticia.com.mx\/wp-content\/uploads\/2025\/04\/29-Concluyo-en-la-UATx-1.er-Seminario-Permanente-de-Derecho-Constitucional-2-300x300.jpg",300,300,true],"cvmm-medium-plus":["https:\/\/diariolanoticia.com.mx\/wp-content\/uploads\/2025\/04\/29-Concluyo-en-la-UATx-1.er-Seminario-Permanente-de-Derecho-Constitucional-2-305x207.jpg",305,207,true],"cvmm-portrait":["https:\/\/diariolanoticia.com.mx\/wp-content\/uploads\/2025\/04\/29-Concluyo-en-la-UATx-1.er-Seminario-Permanente-de-Derecho-Constitucional-2-400x600.jpg",400,600,true],"cvmm-medium-square":["https:\/\/diariolanoticia.com.mx\/wp-content\/uploads\/2025\/04\/29-Concluyo-en-la-UATx-1.er-Seminario-Permanente-de-Derecho-Constitucional-2-600x600.jpg",600,600,true],"cvmm-large":["https:\/\/diariolanoticia.com.mx\/wp-content\/uploads\/2025\/04\/29-Concluyo-en-la-UATx-1.er-Seminario-Permanente-de-Derecho-Constitucional-2-1024x1024.jpg",1024,1024,true],"cvmm-small":["https:\/\/diariolanoticia.com.mx\/wp-content\/uploads\/2025\/04\/29-Concluyo-en-la-UATx-1.er-Seminario-Permanente-de-Derecho-Constitucional-2-130x95.jpg",130,95,true],"full":["https:\/\/diariolanoticia.com.mx\/wp-content\/uploads\/2025\/04\/29-Concluyo-en-la-UATx-1.er-Seminario-Permanente-de-Derecho-Constitucional-2-scaled.jpg",2560,1707,false]},"_links":{"self":[{"href":"https:\/\/diariolanoticia.com.mx\/index.php?rest_route=\/wp\/v2\/posts\/128742","targetHints":{"allow":["GET"]}}],"collection":[{"href":"https:\/\/diariolanoticia.com.mx\/index.php?rest_route=\/wp\/v2\/posts"}],"about":[{"href":"https:\/\/diariolanoticia.com.mx\/index.php?rest_route=\/wp\/v2\/types\/post"}],"author":[{"embeddable":true,"href":"https:\/\/diariolanoticia.com.mx\/index.php?rest_route=\/wp\/v2\/users\/1"}],"replies":[{"embeddable":true,"href":"https:\/\/diariolanoticia.com.mx\/index.php?rest_route=%2Fwp%2Fv2%2Fcomments&post=128742"}],"version-history":[{"count":1,"href":"https:\/\/diariolanoticia.com.mx\/index.php?rest_route=\/wp\/v2\/posts\/128742\/revisions"}],"predecessor-version":[{"id":128744,"href":"https:\/\/diariolanoticia.com.mx\/index.php?rest_route=\/wp\/v2\/posts\/128742\/revisions\/128744"}],"wp:featuredmedia":[{"embeddable":true,"href":"https:\/\/diariolanoticia.com.mx\/index.php?rest_route=\/wp\/v2\/media\/128743"}],"wp:attachment":[{"href":"https:\/\/diariolanoticia.com.mx\/index.php?rest_route=%2Fwp%2Fv2%2Fmedia&parent=128742"}],"wp:term":[{"taxonomy":"category","embeddable":true,"href":"https:\/\/diariolanoticia.com.mx\/index.php?rest_route=%2Fwp%2Fv2%2Fcategories&post=128742"},{"taxonomy":"post_tag","embeddable":true,"href":"https:\/\/diariolanoticia.com.mx\/index.php?rest_route=%2Fwp%2Fv2%2Ftags&post=128742"}],"curies":[{"name":"wp","href":"https:\/\/api.w.org\/{rel}","templated":true}]}}