{"id":128764,"date":"2025-04-24T18:48:36","date_gmt":"2025-04-25T00:48:36","guid":{"rendered":"https:\/\/diariolanoticia.com.mx\/?p=128764"},"modified":"2025-04-30T18:48:57","modified_gmt":"2025-05-01T00:48:57","slug":"propone-sandra-aguilar-incorporar-el-interes-legitimo-en-la-ley-de-catastro-y-el-codigo-financiero-de-tlaxcala","status":"publish","type":"post","link":"https:\/\/diariolanoticia.com.mx\/?p=128764","title":{"rendered":"Propone Sandra Aguilar incorporar el inter\u00e9s leg\u00edtimo en la Ley de Catastro y el C\u00f3digo Financiero de Tlaxcala"},"content":{"rendered":"\n<p>La iniciativa presentada por la diputada Sandra Guadalupe Aguilar Vega busca incorporar de manera expl\u00edcita el concepto de \u00abinter\u00e9s leg\u00edtimo\u00bb tanto en la Ley de Catastro del Estado como en el C\u00f3digo Financiero para el Estado de Tlaxcala y sus Municipios, con el fin de ampliar qui\u00e9nes pueden participar en los procesos de inscripci\u00f3n, valoraci\u00f3n y modificaci\u00f3n de datos catastrales y fiscales.<\/p>\n\n\n\n<p>Con esta reforma, vecinos colindantes, asociaciones civiles, arrendatarios, acad\u00e9micos, peritos, herederos y otros actores que acrediten un inter\u00e9s comprobable podr\u00edan acceder a los procedimientos catastrales, solicitar informaci\u00f3n y presentar impugnaciones, fortaleciendo la seguridad jur\u00eddica de todos los ciudadanos. La inclusi\u00f3n del inter\u00e9s leg\u00edtimo en el C\u00f3digo Financiero permitir\u00eda que terceros vinculados a un inmueble contribuyan de manera equitativa al cumplimiento de obligaciones fiscales, mejorando la transparencia y la eficiencia del sistema tributario estatal.<\/p>\n\n\n\n<p>El planteamiento se sustenta en el mandato del art\u00edculo 1\u00b0 de la Constituci\u00f3n Pol\u00edtica de los Estados Unidos Mexicanos, que obliga a las autoridades a garantizar derechos humanos bajo los principios de universalidad, progresividad e inclusi\u00f3n; as\u00ed como en la Ley General de Mejora Regulatoria, que promueve procedimientos participativos y transparentes, y en la Nueva Agenda Urbana de ONU-H\u00e1bitat, la cual enfatiza la importancia de la gobernanza democr\u00e1tica del territorio. Adem\u00e1s, la tesis aislada 1a. CCXCI\/2012 de la Suprema Corte de Justicia de la Naci\u00f3n avala la distinci\u00f3n entre inter\u00e9s leg\u00edtimo e inter\u00e9s legal, reconociendo la legitimaci\u00f3n activa de personas que sufren una afectaci\u00f3n real y diferenciada.<\/p>\n\n\n\n<p>Tras su presentaci\u00f3n ante el Pleno en Sesi\u00f3n Ordinaria, la iniciativa fue turnada a las Comisiones Unidas de Finanzas y Fiscalizaci\u00f3n y de Puntos Constitucionales, Gobernaci\u00f3n y Justicia y Asuntos Pol\u00edticos para su estudio, an\u00e1lisis y dictaminaci\u00f3n, donde se valorar\u00e1 su alcance y viabilidad.<\/p>\n","protected":false},"excerpt":{"rendered":"<p>La iniciativa presentada por la diputada Sandra Guadalupe Aguilar Vega busca incorporar de manera expl\u00edcita el concepto de \u00abinter\u00e9s leg\u00edtimo\u00bb tanto en la Ley de Catastro del Estado como en el C\u00f3digo Financiero para el Estado de Tlaxcala y sus Municipios, con el fin de ampliar qui\u00e9nes pueden participar en los procesos de inscripci\u00f3n, valoraci\u00f3n [&hellip;]<\/p>\n","protected":false},"author":1,"featured_media":128765,"comment_status":"open","ping_status":"open","sticky":false,"template":"","format":"standard","meta":{"footnotes":""},"categories":[22],"tags":[],"class_list":["post-128764","post","type-post","status-publish","format-standard","has-post-thumbnail","hentry","category-congreso"],"blog_post_layout_featured_media_urls":{"thumbnail":["https:\/\/diariolanoticia.com.mx\/wp-content\/uploads\/2025\/04\/7-216x160.jpg",216,160,true],"full":["https:\/\/diariolanoticia.com.mx\/wp-content\/uploads\/2025\/04\/7.jpg",1616,1080,false]},"categories_names":{"22":{"name":"Congreso","link":"https:\/\/diariolanoticia.com.mx\/?cat=22"}},"tags_names":[],"comments_number":"0","wpmagazine_modules_lite_featured_media_urls":{"thumbnail":["https:\/\/diariolanoticia.com.mx\/wp-content\/uploads\/2025\/04\/7-216x160.jpg",216,160,true],"cvmm-medium":["https:\/\/diariolanoticia.com.mx\/wp-content\/uploads\/2025\/04\/7-300x300.jpg",300,300,true],"cvmm-medium-plus":["https:\/\/diariolanoticia.com.mx\/wp-content\/uploads\/2025\/04\/7-305x207.jpg",305,207,true],"cvmm-portrait":["https:\/\/diariolanoticia.com.mx\/wp-content\/uploads\/2025\/04\/7-400x600.jpg",400,600,true],"cvmm-medium-square":["https:\/\/diariolanoticia.com.mx\/wp-content\/uploads\/2025\/04\/7-600x600.jpg",600,600,true],"cvmm-large":["https:\/\/diariolanoticia.com.mx\/wp-content\/uploads\/2025\/04\/7-1024x1024.jpg",1024,1024,true],"cvmm-small":["https:\/\/diariolanoticia.com.mx\/wp-content\/uploads\/2025\/04\/7-130x95.jpg",130,95,true],"full":["https:\/\/diariolanoticia.com.mx\/wp-content\/uploads\/2025\/04\/7.jpg",1616,1080,false]},"_links":{"self":[{"href":"https:\/\/diariolanoticia.com.mx\/index.php?rest_route=\/wp\/v2\/posts\/128764","targetHints":{"allow":["GET"]}}],"collection":[{"href":"https:\/\/diariolanoticia.com.mx\/index.php?rest_route=\/wp\/v2\/posts"}],"about":[{"href":"https:\/\/diariolanoticia.com.mx\/index.php?rest_route=\/wp\/v2\/types\/post"}],"author":[{"embeddable":true,"href":"https:\/\/diariolanoticia.com.mx\/index.php?rest_route=\/wp\/v2\/users\/1"}],"replies":[{"embeddable":true,"href":"https:\/\/diariolanoticia.com.mx\/index.php?rest_route=%2Fwp%2Fv2%2Fcomments&post=128764"}],"version-history":[{"count":1,"href":"https:\/\/diariolanoticia.com.mx\/index.php?rest_route=\/wp\/v2\/posts\/128764\/revisions"}],"predecessor-version":[{"id":128766,"href":"https:\/\/diariolanoticia.com.mx\/index.php?rest_route=\/wp\/v2\/posts\/128764\/revisions\/128766"}],"wp:featuredmedia":[{"embeddable":true,"href":"https:\/\/diariolanoticia.com.mx\/index.php?rest_route=\/wp\/v2\/media\/128765"}],"wp:attachment":[{"href":"https:\/\/diariolanoticia.com.mx\/index.php?rest_route=%2Fwp%2Fv2%2Fmedia&parent=128764"}],"wp:term":[{"taxonomy":"category","embeddable":true,"href":"https:\/\/diariolanoticia.com.mx\/index.php?rest_route=%2Fwp%2Fv2%2Fcategories&post=128764"},{"taxonomy":"post_tag","embeddable":true,"href":"https:\/\/diariolanoticia.com.mx\/index.php?rest_route=%2Fwp%2Fv2%2Ftags&post=128764"}],"curies":[{"name":"wp","href":"https:\/\/api.w.org\/{rel}","templated":true}]}}