{"id":128767,"date":"2025-04-24T18:50:34","date_gmt":"2025-04-25T00:50:34","guid":{"rendered":"https:\/\/diariolanoticia.com.mx\/?p=128767"},"modified":"2025-04-30T18:50:55","modified_gmt":"2025-05-01T00:50:55","slug":"propone-maribel-leon-reforma-para-garantizar-acceso-seguro-a-internet-en-la-infancia-tlaxcalteca","status":"publish","type":"post","link":"https:\/\/diariolanoticia.com.mx\/?p=128767","title":{"rendered":"Propone Maribel Le\u00f3n reforma para garantizar acceso seguro a Internet en la infancia tlaxcalteca"},"content":{"rendered":"\n<p>La diputada Maribel Le\u00f3n Cruz, present\u00f3 una iniciativa con proyecto de decreto para reformar la Ley de los Derechos de las Ni\u00f1as, Ni\u00f1os y Adolescentes del Estado de Tlaxcala, con el objetivo de garantizar el acceso y uso seguro del Internet como un derecho indispensable en la formaci\u00f3n integral de la ni\u00f1ez.<\/p>\n\n\n\n<p>En su exposici\u00f3n de motivos, la legisladora destac\u00f3 que el derecho al acceso a las Tecnolog\u00edas de la Informaci\u00f3n y Comunicaci\u00f3n (TIC), incluido el Internet, est\u00e1 reconocido por diversos instrumentos jur\u00eddicos nacionales e internacionales, y es una herramienta esencial para el ejercicio de otros derechos como la educaci\u00f3n, la salud, la participaci\u00f3n y la no discriminaci\u00f3n.<\/p>\n\n\n\n<p>En ese sentido, enfatiz\u00f3 que la reforma busca que las autoridades estatales establezcan mecanismos de protecci\u00f3n, orientaci\u00f3n y supervisi\u00f3n, para prevenir riesgos como el ciberacoso y la exposici\u00f3n a contenidos nocivos.<\/p>\n\n\n\n<p>La diputada Maribel Le\u00f3n Cruz sostuvo que la iniciativa responde al principio del inter\u00e9s superior de la ni\u00f1ez, consagrado tanto en la Constituci\u00f3n Pol\u00edtica de los Estados Unidos Mexicanos como en la local, y que su implementaci\u00f3n contribuir\u00e1 a reducir la brecha digital en el estado, propiciando condiciones de equidad, accesibilidad y seguridad digital para la poblaci\u00f3n infantil.<\/p>\n\n\n\n<p>La propuesta fue turnada a Comisiones Unidas de Derechos Humanos, Grupos Vulnerables y Derecho de Ni\u00f1as, Ni\u00f1os y Adolescentes y a la de Puntos Constitucionales, Gobernaci\u00f3n y Justicia y Asuntos Pol\u00edticos para su an\u00e1lisis y dictamen correspondiente.<\/p>\n","protected":false},"excerpt":{"rendered":"<p>La diputada Maribel Le\u00f3n Cruz, present\u00f3 una iniciativa con proyecto de decreto para reformar la Ley de los Derechos de las Ni\u00f1as, Ni\u00f1os y Adolescentes del Estado de Tlaxcala, con el objetivo de garantizar el acceso y uso seguro del Internet como un derecho indispensable en la formaci\u00f3n integral de la ni\u00f1ez. En su exposici\u00f3n [&hellip;]<\/p>\n","protected":false},"author":1,"featured_media":128768,"comment_status":"open","ping_status":"open","sticky":false,"template":"","format":"standard","meta":{"footnotes":""},"categories":[22],"tags":[],"class_list":["post-128767","post","type-post","status-publish","format-standard","has-post-thumbnail","hentry","category-congreso"],"blog_post_layout_featured_media_urls":{"thumbnail":["https:\/\/diariolanoticia.com.mx\/wp-content\/uploads\/2025\/04\/41b906cb-8fc7-4ec4-ba5a-8f38d4559145-216x160.jpg",216,160,true],"full":["https:\/\/diariolanoticia.com.mx\/wp-content\/uploads\/2025\/04\/41b906cb-8fc7-4ec4-ba5a-8f38d4559145.jpg",1616,1080,false]},"categories_names":{"22":{"name":"Congreso","link":"https:\/\/diariolanoticia.com.mx\/?cat=22"}},"tags_names":[],"comments_number":"0","wpmagazine_modules_lite_featured_media_urls":{"thumbnail":["https:\/\/diariolanoticia.com.mx\/wp-content\/uploads\/2025\/04\/41b906cb-8fc7-4ec4-ba5a-8f38d4559145-216x160.jpg",216,160,true],"cvmm-medium":["https:\/\/diariolanoticia.com.mx\/wp-content\/uploads\/2025\/04\/41b906cb-8fc7-4ec4-ba5a-8f38d4559145-300x300.jpg",300,300,true],"cvmm-medium-plus":["https:\/\/diariolanoticia.com.mx\/wp-content\/uploads\/2025\/04\/41b906cb-8fc7-4ec4-ba5a-8f38d4559145-305x207.jpg",305,207,true],"cvmm-portrait":["https:\/\/diariolanoticia.com.mx\/wp-content\/uploads\/2025\/04\/41b906cb-8fc7-4ec4-ba5a-8f38d4559145-400x600.jpg",400,600,true],"cvmm-medium-square":["https:\/\/diariolanoticia.com.mx\/wp-content\/uploads\/2025\/04\/41b906cb-8fc7-4ec4-ba5a-8f38d4559145-600x600.jpg",600,600,true],"cvmm-large":["https:\/\/diariolanoticia.com.mx\/wp-content\/uploads\/2025\/04\/41b906cb-8fc7-4ec4-ba5a-8f38d4559145-1024x1024.jpg",1024,1024,true],"cvmm-small":["https:\/\/diariolanoticia.com.mx\/wp-content\/uploads\/2025\/04\/41b906cb-8fc7-4ec4-ba5a-8f38d4559145-130x95.jpg",130,95,true],"full":["https:\/\/diariolanoticia.com.mx\/wp-content\/uploads\/2025\/04\/41b906cb-8fc7-4ec4-ba5a-8f38d4559145.jpg",1616,1080,false]},"_links":{"self":[{"href":"https:\/\/diariolanoticia.com.mx\/index.php?rest_route=\/wp\/v2\/posts\/128767","targetHints":{"allow":["GET"]}}],"collection":[{"href":"https:\/\/diariolanoticia.com.mx\/index.php?rest_route=\/wp\/v2\/posts"}],"about":[{"href":"https:\/\/diariolanoticia.com.mx\/index.php?rest_route=\/wp\/v2\/types\/post"}],"author":[{"embeddable":true,"href":"https:\/\/diariolanoticia.com.mx\/index.php?rest_route=\/wp\/v2\/users\/1"}],"replies":[{"embeddable":true,"href":"https:\/\/diariolanoticia.com.mx\/index.php?rest_route=%2Fwp%2Fv2%2Fcomments&post=128767"}],"version-history":[{"count":1,"href":"https:\/\/diariolanoticia.com.mx\/index.php?rest_route=\/wp\/v2\/posts\/128767\/revisions"}],"predecessor-version":[{"id":128769,"href":"https:\/\/diariolanoticia.com.mx\/index.php?rest_route=\/wp\/v2\/posts\/128767\/revisions\/128769"}],"wp:featuredmedia":[{"embeddable":true,"href":"https:\/\/diariolanoticia.com.mx\/index.php?rest_route=\/wp\/v2\/media\/128768"}],"wp:attachment":[{"href":"https:\/\/diariolanoticia.com.mx\/index.php?rest_route=%2Fwp%2Fv2%2Fmedia&parent=128767"}],"wp:term":[{"taxonomy":"category","embeddable":true,"href":"https:\/\/diariolanoticia.com.mx\/index.php?rest_route=%2Fwp%2Fv2%2Fcategories&post=128767"},{"taxonomy":"post_tag","embeddable":true,"href":"https:\/\/diariolanoticia.com.mx\/index.php?rest_route=%2Fwp%2Fv2%2Ftags&post=128767"}],"curies":[{"name":"wp","href":"https:\/\/api.w.org\/{rel}","templated":true}]}}