{"id":128789,"date":"2025-05-02T20:23:48","date_gmt":"2025-05-03T02:23:48","guid":{"rendered":"https:\/\/diariolanoticia.com.mx\/?p=128789"},"modified":"2025-05-14T20:24:06","modified_gmt":"2025-05-15T02:24:06","slug":"continuan-dialogo-de-reflexion-bioetica-construyendo-identidad-y-pertenencia-universitaria-en-la-uatx","status":"publish","type":"post","link":"https:\/\/diariolanoticia.com.mx\/?p=128789","title":{"rendered":"Contin\u00faan Di\u00e1logo de Reflexi\u00f3n Bio\u00e9tica: Construyendo\u00a0Identidad y Pertenencia Universitaria en la UATx"},"content":{"rendered":"\n<p>Para dar continuidad al ciclo de conferencias magistrales denominado&nbsp;\ud835\udc03\ud835\udc22\ud835\udc1a\u0301\ud835\udc25\ud835\udc28\ud835\udc20\ud835\udc28\ud835\udc2c&nbsp;\ud835\udc1d\ud835\udc1e&nbsp;\ud835\udc11\ud835\udc1e\ud835\udc1f\ud835\udc25\ud835\udc1e\ud835\udc31\ud835\udc22\ud835\udc28\u0301\ud835\udc27&nbsp;\ud835\udc01\ud835\udc22\ud835\udc28\ud835\udc1e\u0301\ud835\udc2d\ud835\udc22\ud835\udc1c\ud835\udc1a:&nbsp;\ud835\udc02\ud835\udc28\ud835\udc27\ud835\udc2c\ud835\udc2d\ud835\udc2b\ud835\udc2e\ud835\udc32\ud835\udc1e\ud835\udc27\ud835\udc1d\ud835\udc28&nbsp;\ud835\udc08\ud835\udc1d\ud835\udc1e\ud835\udc27\ud835\udc2d\ud835\udc22\ud835\udc1d\ud835\udc1a\ud835\udc1d&nbsp;\ud835\udc32&nbsp;\ud835\udc0f\ud835\udc1e\ud835\udc2b\ud835\udc2d\ud835\udc1e\ud835\udc27\ud835\udc1e\ud835\udc27\ud835\udc1c\ud835\udc22\ud835\udc1a&nbsp;\ud835\udc2e\ud835\udc27\ud835\udc22\ud835\udc2f\ud835\udc1e\ud835\udc2b\ud835\udc2c\ud835\udc22\ud835\udc2d\ud835\udc1a\ud835\udc2b\ud835\udc22\ud835\udc1a&nbsp;\ud835\udc1e\ud835\udc27&nbsp;\ud835\udc25\ud835\udc1a&nbsp;\ud835\udc14\ud835\udc00\ud835\udc13\ud835\udc31, se efectu\u00f3 la ponencia&nbsp;\ud835\udc04\ud835\udc25&nbsp;\ud835\udc2c\ud835\udc1e\ud835\udc27\ud835\udc2d\ud835\udc22\ud835\udc1d\ud835\udc28&nbsp;\ud835\udc1d\ud835\udc1e&nbsp;\ud835\udc29\ud835\udc1e\ud835\udc2b\ud835\udc2d\ud835\udc1e\ud835\udc27\ud835\udc1e\ud835\udc27\ud835\udc1c\ud835\udc22\ud835\udc1a&nbsp;\ud835\udc1e\ud835\udc27&nbsp;\ud835\udc25\ud835\udc1a&nbsp;\ud835\udc2e\ud835\udc27\ud835\udc22\ud835\udc2f\ud835\udc1e\ud835\udc2b\ud835\udc2c\ud835\udc22\ud835\udc1d\ud835\udc1a\ud835\udc1d:&nbsp;\ud835\udc2e\ud835\udc27&nbsp;\ud835\udc1e\ud835\udc27\ud835\udc1f\ud835\udc28\ud835\udc2a\ud835\udc2e\ud835\udc1e&nbsp;\ud835\udc1b\ud835\udc22\ud835\udc28\ud835\udc1e\u0301\ud835\udc2d\ud835\udc22\ud835\udc1c\ud835\udc28, que imparti\u00f3 el Doctor Jos\u00e9 Salvador Arellano Rodr\u00edguez, investigador de la Universidad Aut\u00f3noma de Quer\u00e9taro (UAQ) en el Auditorio Anexo a Rector\u00eda de la Universidad Aut\u00f3noma de Tlaxcala (UATx).<\/p>\n\n\n\n<p>Invitado por invitaci\u00f3n de la Coordinaci\u00f3n General del Staff de Rector\u00eda de la UATx y la Comisi\u00f3n Estatal de Bio\u00e9tica, el conferencista subray\u00f3 la necesidad de propiciar espacios de reflexi\u00f3n inter y multidisciplinarios desde una perspectiva bio\u00e9tica que contribuyan a fortalecer el sentido de pertenencia y la identidad institucional.<\/p>\n\n\n\n<p>Adem\u00e1s, habl\u00f3 de la experiencia de la Aut\u00f3noma de Quer\u00e9taro en temas de bio\u00e9tica, con un enfoque filos\u00f3fico y \u00e9nfasis en el sentido humano, por ejemplo, los trabajos sobre responsabilidad social, \u00e9tica e identidad institucionales de los que se hace part\u00edcipes a toda la comunidad estudiantil y docente.<\/p>\n\n\n\n<p>Ante estudiantes de las licenciaturas en Odontolog\u00eda y Ciencias de la Salud de la UATx, el Doctor Arellano, quien es profesor-investigador de tiempo completo de la Facultad de Filosof\u00eda de la UAQ, destac\u00f3 la importancia de fomentar valores \u00e9ticos en la comunidad universitaria y remarc\u00f3, que desde una perspectiva individual, el car\u00e1cter un rasgo distintivo en el ser humano ya que lo hace consciente de s\u00ed mismo y de lo que hace de manera habitual.<\/p>\n","protected":false},"excerpt":{"rendered":"<p>Para dar continuidad al ciclo de conferencias magistrales denominado&nbsp;\ud835\udc03\ud835\udc22\ud835\udc1a\u0301\ud835\udc25\ud835\udc28\ud835\udc20\ud835\udc28\ud835\udc2c&nbsp;\ud835\udc1d\ud835\udc1e&nbsp;\ud835\udc11\ud835\udc1e\ud835\udc1f\ud835\udc25\ud835\udc1e\ud835\udc31\ud835\udc22\ud835\udc28\u0301\ud835\udc27&nbsp;\ud835\udc01\ud835\udc22\ud835\udc28\ud835\udc1e\u0301\ud835\udc2d\ud835\udc22\ud835\udc1c\ud835\udc1a:&nbsp;\ud835\udc02\ud835\udc28\ud835\udc27\ud835\udc2c\ud835\udc2d\ud835\udc2b\ud835\udc2e\ud835\udc32\ud835\udc1e\ud835\udc27\ud835\udc1d\ud835\udc28&nbsp;\ud835\udc08\ud835\udc1d\ud835\udc1e\ud835\udc27\ud835\udc2d\ud835\udc22\ud835\udc1d\ud835\udc1a\ud835\udc1d&nbsp;\ud835\udc32&nbsp;\ud835\udc0f\ud835\udc1e\ud835\udc2b\ud835\udc2d\ud835\udc1e\ud835\udc27\ud835\udc1e\ud835\udc27\ud835\udc1c\ud835\udc22\ud835\udc1a&nbsp;\ud835\udc2e\ud835\udc27\ud835\udc22\ud835\udc2f\ud835\udc1e\ud835\udc2b\ud835\udc2c\ud835\udc22\ud835\udc2d\ud835\udc1a\ud835\udc2b\ud835\udc22\ud835\udc1a&nbsp;\ud835\udc1e\ud835\udc27&nbsp;\ud835\udc25\ud835\udc1a&nbsp;\ud835\udc14\ud835\udc00\ud835\udc13\ud835\udc31, se efectu\u00f3 la ponencia&nbsp;\ud835\udc04\ud835\udc25&nbsp;\ud835\udc2c\ud835\udc1e\ud835\udc27\ud835\udc2d\ud835\udc22\ud835\udc1d\ud835\udc28&nbsp;\ud835\udc1d\ud835\udc1e&nbsp;\ud835\udc29\ud835\udc1e\ud835\udc2b\ud835\udc2d\ud835\udc1e\ud835\udc27\ud835\udc1e\ud835\udc27\ud835\udc1c\ud835\udc22\ud835\udc1a&nbsp;\ud835\udc1e\ud835\udc27&nbsp;\ud835\udc25\ud835\udc1a&nbsp;\ud835\udc2e\ud835\udc27\ud835\udc22\ud835\udc2f\ud835\udc1e\ud835\udc2b\ud835\udc2c\ud835\udc22\ud835\udc1d\ud835\udc1a\ud835\udc1d:&nbsp;\ud835\udc2e\ud835\udc27&nbsp;\ud835\udc1e\ud835\udc27\ud835\udc1f\ud835\udc28\ud835\udc2a\ud835\udc2e\ud835\udc1e&nbsp;\ud835\udc1b\ud835\udc22\ud835\udc28\ud835\udc1e\u0301\ud835\udc2d\ud835\udc22\ud835\udc1c\ud835\udc28, que imparti\u00f3 el Doctor Jos\u00e9 Salvador Arellano Rodr\u00edguez, investigador de la Universidad Aut\u00f3noma de Quer\u00e9taro (UAQ) en el Auditorio Anexo a Rector\u00eda de la Universidad Aut\u00f3noma de Tlaxcala (UATx). Invitado por invitaci\u00f3n de la Coordinaci\u00f3n General del Staff de Rector\u00eda de la [&hellip;]<\/p>\n","protected":false},"author":1,"featured_media":128790,"comment_status":"open","ping_status":"open","sticky":false,"template":"","format":"standard","meta":{"footnotes":""},"categories":[10],"tags":[],"class_list":["post-128789","post","type-post","status-publish","format-standard","has-post-thumbnail","hentry","category-educacion"],"blog_post_layout_featured_media_urls":{"thumbnail":["https:\/\/diariolanoticia.com.mx\/wp-content\/uploads\/2025\/05\/02-Continuan-Dialogo-de-Reflexion-Bioetica-Construyendo-Identidad-y-Pertenencia-Universitaria-en-la-UATx-2-216x160.jpeg",216,160,true],"full":["https:\/\/diariolanoticia.com.mx\/wp-content\/uploads\/2025\/05\/02-Continuan-Dialogo-de-Reflexion-Bioetica-Construyendo-Identidad-y-Pertenencia-Universitaria-en-la-UATx-2.jpeg",1600,1066,false]},"categories_names":{"10":{"name":"Educaci\u00f3n","link":"https:\/\/diariolanoticia.com.mx\/?cat=10"}},"tags_names":[],"comments_number":"0","wpmagazine_modules_lite_featured_media_urls":{"thumbnail":["https:\/\/diariolanoticia.com.mx\/wp-content\/uploads\/2025\/05\/02-Continuan-Dialogo-de-Reflexion-Bioetica-Construyendo-Identidad-y-Pertenencia-Universitaria-en-la-UATx-2-216x160.jpeg",216,160,true],"cvmm-medium":["https:\/\/diariolanoticia.com.mx\/wp-content\/uploads\/2025\/05\/02-Continuan-Dialogo-de-Reflexion-Bioetica-Construyendo-Identidad-y-Pertenencia-Universitaria-en-la-UATx-2-300x300.jpeg",300,300,true],"cvmm-medium-plus":["https:\/\/diariolanoticia.com.mx\/wp-content\/uploads\/2025\/05\/02-Continuan-Dialogo-de-Reflexion-Bioetica-Construyendo-Identidad-y-Pertenencia-Universitaria-en-la-UATx-2-305x207.jpeg",305,207,true],"cvmm-portrait":["https:\/\/diariolanoticia.com.mx\/wp-content\/uploads\/2025\/05\/02-Continuan-Dialogo-de-Reflexion-Bioetica-Construyendo-Identidad-y-Pertenencia-Universitaria-en-la-UATx-2-400x600.jpeg",400,600,true],"cvmm-medium-square":["https:\/\/diariolanoticia.com.mx\/wp-content\/uploads\/2025\/05\/02-Continuan-Dialogo-de-Reflexion-Bioetica-Construyendo-Identidad-y-Pertenencia-Universitaria-en-la-UATx-2-600x600.jpeg",600,600,true],"cvmm-large":["https:\/\/diariolanoticia.com.mx\/wp-content\/uploads\/2025\/05\/02-Continuan-Dialogo-de-Reflexion-Bioetica-Construyendo-Identidad-y-Pertenencia-Universitaria-en-la-UATx-2-1024x1024.jpeg",1024,1024,true],"cvmm-small":["https:\/\/diariolanoticia.com.mx\/wp-content\/uploads\/2025\/05\/02-Continuan-Dialogo-de-Reflexion-Bioetica-Construyendo-Identidad-y-Pertenencia-Universitaria-en-la-UATx-2-130x95.jpeg",130,95,true],"full":["https:\/\/diariolanoticia.com.mx\/wp-content\/uploads\/2025\/05\/02-Continuan-Dialogo-de-Reflexion-Bioetica-Construyendo-Identidad-y-Pertenencia-Universitaria-en-la-UATx-2.jpeg",1600,1066,false]},"_links":{"self":[{"href":"https:\/\/diariolanoticia.com.mx\/index.php?rest_route=\/wp\/v2\/posts\/128789","targetHints":{"allow":["GET"]}}],"collection":[{"href":"https:\/\/diariolanoticia.com.mx\/index.php?rest_route=\/wp\/v2\/posts"}],"about":[{"href":"https:\/\/diariolanoticia.com.mx\/index.php?rest_route=\/wp\/v2\/types\/post"}],"author":[{"embeddable":true,"href":"https:\/\/diariolanoticia.com.mx\/index.php?rest_route=\/wp\/v2\/users\/1"}],"replies":[{"embeddable":true,"href":"https:\/\/diariolanoticia.com.mx\/index.php?rest_route=%2Fwp%2Fv2%2Fcomments&post=128789"}],"version-history":[{"count":1,"href":"https:\/\/diariolanoticia.com.mx\/index.php?rest_route=\/wp\/v2\/posts\/128789\/revisions"}],"predecessor-version":[{"id":128791,"href":"https:\/\/diariolanoticia.com.mx\/index.php?rest_route=\/wp\/v2\/posts\/128789\/revisions\/128791"}],"wp:featuredmedia":[{"embeddable":true,"href":"https:\/\/diariolanoticia.com.mx\/index.php?rest_route=\/wp\/v2\/media\/128790"}],"wp:attachment":[{"href":"https:\/\/diariolanoticia.com.mx\/index.php?rest_route=%2Fwp%2Fv2%2Fmedia&parent=128789"}],"wp:term":[{"taxonomy":"category","embeddable":true,"href":"https:\/\/diariolanoticia.com.mx\/index.php?rest_route=%2Fwp%2Fv2%2Fcategories&post=128789"},{"taxonomy":"post_tag","embeddable":true,"href":"https:\/\/diariolanoticia.com.mx\/index.php?rest_route=%2Fwp%2Fv2%2Ftags&post=128789"}],"curies":[{"name":"wp","href":"https:\/\/api.w.org\/{rel}","templated":true}]}}