{"id":129111,"date":"2025-06-19T20:49:34","date_gmt":"2025-06-20T02:49:34","guid":{"rendered":"https:\/\/diariolanoticia.com.mx\/?p=129111"},"modified":"2025-06-24T20:49:54","modified_gmt":"2025-06-25T02:49:54","slug":"gradua-odontologia-uatx-a-nuevos-especialistas-odontopediatras","status":"publish","type":"post","link":"https:\/\/diariolanoticia.com.mx\/?p=129111","title":{"rendered":"Grad\u00faa Odontolog\u00eda UATx a nuevos especialistas odontopediatras"},"content":{"rendered":"\n<p>\u00fc&nbsp;&nbsp;La Maestr\u00eda en Estomatolog\u00eda Integral del Ni\u00f1o y el Adolescente en uno de los mejores posgrados en su \u00e1rea a nivel nacional e internacional<\/p>\n\n\n\n<p>Profesionistas de vanguardia formados bajo el Modelo Humanista Integrador basado en Capacidades y las normas oficiales de salud dental, egresaron de la tercera generaci\u00f3n de la Maestr\u00eda en Estomatolog\u00eda Integral del Ni\u00f1o y el Adolescente de la Facultad de Odontolog\u00eda de la Universidad Aut\u00f3noma de Tlaxcala (UATx), posgrado que destaca entre los mejores de su \u00e1rea a nivel nacional e internacional.<\/p>\n\n\n\n<p>En esta solemne ceremonia que reuni\u00f3 a egresados, familiares, autoridades universitarias y directivos de la Facultad, el Maestro Jos\u00e9 Reyes Luna Ru\u00edz, Coordinador de la Divisi\u00f3n de Ciencias Biol\u00f3gicas, asent\u00f3 que esta graduaci\u00f3n reviste un significado especial para esta Casa de Estudios, al formar con elevados est\u00e1ndares a profesionales del cuidado de la salud bucodental para atender, principalmente, las diversas problem\u00e1ticas que presenta la poblaci\u00f3n infantil y adolescente de la regi\u00f3n y el pa\u00eds.<\/p>\n\n\n\n<p>Por su parte, la Doctora Nohem\u00ed Lima Hern\u00e1ndez, Directora de la Facultad de Odontolog\u00eda, sostuvo que este evento formal permite reconocer el trabajo y dedicaci\u00f3n de los educandos, el apoyo incondicional de sus familias y la entrega de los docentes para compartir su experticia y contribuir a la formaci\u00f3n de los encargados de fomentar entre infantes y adolescentes h\u00e1bitos y pr\u00e1cticas para una buena salud dental.<\/p>\n\n\n\n<p>En tanto, el Doctor Francisco Santander D\u00edaz, Coordinador de la Maestr\u00eda en Estomatolog\u00eda Integral del Ni\u00f1o y del Adolescente, subray\u00f3 que los graduados cuentan con los conocimientos, habilidades y capacidades necesarias para educar a los menores y reeducar a los padres de familia para que en conjunto cuiden cada una de las piezas dentales de los ni\u00f1os y evitar p\u00e9rdidas a temprana edad, por ello, el posgrado cobra su importancia al formar a especialistas en Estomatolog\u00eda Pedi\u00e1trica.<\/p>\n\n\n\n<p>En su oportunidad, la estudiante&nbsp;Paola L\u00f3pez Waldo, en representaci\u00f3n de la generaci\u00f3n 2023-2025 y quien recibi\u00f3 un reconocimiento por obtener el mejor promedio, expres\u00f3 que a lo largo de dos a\u00f1os de formaci\u00f3n aprendieron que ser odontopediatra demanda vocaci\u00f3n, entrega, sensibilidad y humanidad para \u00f3ptimo de esta profesi\u00f3n. &nbsp;<\/p>\n","protected":false},"excerpt":{"rendered":"<p>\u00fc&nbsp;&nbsp;La Maestr\u00eda en Estomatolog\u00eda Integral del Ni\u00f1o y el Adolescente en uno de los mejores posgrados en su \u00e1rea a nivel nacional e internacional Profesionistas de vanguardia formados bajo el Modelo Humanista Integrador basado en Capacidades y las normas oficiales de salud dental, egresaron de la tercera generaci\u00f3n de la Maestr\u00eda en Estomatolog\u00eda Integral del [&hellip;]<\/p>\n","protected":false},"author":1,"featured_media":129112,"comment_status":"open","ping_status":"open","sticky":false,"template":"","format":"standard","meta":{"footnotes":""},"categories":[10],"tags":[],"class_list":["post-129111","post","type-post","status-publish","format-standard","has-post-thumbnail","hentry","category-educacion"],"blog_post_layout_featured_media_urls":{"thumbnail":["https:\/\/diariolanoticia.com.mx\/wp-content\/uploads\/2025\/06\/19-Gradua-Odontologia-UATx-a-nuevos-especialistas-odontopediatras-216x160.jpg",216,160,true],"full":["https:\/\/diariolanoticia.com.mx\/wp-content\/uploads\/2025\/06\/19-Gradua-Odontologia-UATx-a-nuevos-especialistas-odontopediatras-scaled.jpg",2560,1191,false]},"categories_names":{"10":{"name":"Educaci\u00f3n","link":"https:\/\/diariolanoticia.com.mx\/?cat=10"}},"tags_names":[],"comments_number":"0","wpmagazine_modules_lite_featured_media_urls":{"thumbnail":["https:\/\/diariolanoticia.com.mx\/wp-content\/uploads\/2025\/06\/19-Gradua-Odontologia-UATx-a-nuevos-especialistas-odontopediatras-216x160.jpg",216,160,true],"cvmm-medium":["https:\/\/diariolanoticia.com.mx\/wp-content\/uploads\/2025\/06\/19-Gradua-Odontologia-UATx-a-nuevos-especialistas-odontopediatras-300x300.jpg",300,300,true],"cvmm-medium-plus":["https:\/\/diariolanoticia.com.mx\/wp-content\/uploads\/2025\/06\/19-Gradua-Odontologia-UATx-a-nuevos-especialistas-odontopediatras-305x207.jpg",305,207,true],"cvmm-portrait":["https:\/\/diariolanoticia.com.mx\/wp-content\/uploads\/2025\/06\/19-Gradua-Odontologia-UATx-a-nuevos-especialistas-odontopediatras-400x600.jpg",400,600,true],"cvmm-medium-square":["https:\/\/diariolanoticia.com.mx\/wp-content\/uploads\/2025\/06\/19-Gradua-Odontologia-UATx-a-nuevos-especialistas-odontopediatras-600x600.jpg",600,600,true],"cvmm-large":["https:\/\/diariolanoticia.com.mx\/wp-content\/uploads\/2025\/06\/19-Gradua-Odontologia-UATx-a-nuevos-especialistas-odontopediatras-1024x1024.jpg",1024,1024,true],"cvmm-small":["https:\/\/diariolanoticia.com.mx\/wp-content\/uploads\/2025\/06\/19-Gradua-Odontologia-UATx-a-nuevos-especialistas-odontopediatras-130x95.jpg",130,95,true],"full":["https:\/\/diariolanoticia.com.mx\/wp-content\/uploads\/2025\/06\/19-Gradua-Odontologia-UATx-a-nuevos-especialistas-odontopediatras-scaled.jpg",2560,1191,false]},"_links":{"self":[{"href":"https:\/\/diariolanoticia.com.mx\/index.php?rest_route=\/wp\/v2\/posts\/129111","targetHints":{"allow":["GET"]}}],"collection":[{"href":"https:\/\/diariolanoticia.com.mx\/index.php?rest_route=\/wp\/v2\/posts"}],"about":[{"href":"https:\/\/diariolanoticia.com.mx\/index.php?rest_route=\/wp\/v2\/types\/post"}],"author":[{"embeddable":true,"href":"https:\/\/diariolanoticia.com.mx\/index.php?rest_route=\/wp\/v2\/users\/1"}],"replies":[{"embeddable":true,"href":"https:\/\/diariolanoticia.com.mx\/index.php?rest_route=%2Fwp%2Fv2%2Fcomments&post=129111"}],"version-history":[{"count":1,"href":"https:\/\/diariolanoticia.com.mx\/index.php?rest_route=\/wp\/v2\/posts\/129111\/revisions"}],"predecessor-version":[{"id":129113,"href":"https:\/\/diariolanoticia.com.mx\/index.php?rest_route=\/wp\/v2\/posts\/129111\/revisions\/129113"}],"wp:featuredmedia":[{"embeddable":true,"href":"https:\/\/diariolanoticia.com.mx\/index.php?rest_route=\/wp\/v2\/media\/129112"}],"wp:attachment":[{"href":"https:\/\/diariolanoticia.com.mx\/index.php?rest_route=%2Fwp%2Fv2%2Fmedia&parent=129111"}],"wp:term":[{"taxonomy":"category","embeddable":true,"href":"https:\/\/diariolanoticia.com.mx\/index.php?rest_route=%2Fwp%2Fv2%2Fcategories&post=129111"},{"taxonomy":"post_tag","embeddable":true,"href":"https:\/\/diariolanoticia.com.mx\/index.php?rest_route=%2Fwp%2Fv2%2Ftags&post=129111"}],"curies":[{"name":"wp","href":"https:\/\/api.w.org\/{rel}","templated":true}]}}