{"id":129114,"date":"2025-06-19T20:51:18","date_gmt":"2025-06-20T02:51:18","guid":{"rendered":"https:\/\/diariolanoticia.com.mx\/?p=129114"},"modified":"2025-06-24T20:51:33","modified_gmt":"2025-06-25T02:51:33","slug":"convoca-cigya-uatx-al-segundo-tequio-en-san-diego-metepec","status":"publish","type":"post","link":"https:\/\/diariolanoticia.com.mx\/?p=129114","title":{"rendered":"Convoca CIGyA-UATx al segundo tequio en San Diego Metepec"},"content":{"rendered":"\n<p>\uf0fc&nbsp;&nbsp;&nbsp;&nbsp;&nbsp;&nbsp;&nbsp;&nbsp; Trabajo comunitario que fortalece el sentido de pertenencia y la responsabilidad social<\/p>\n\n\n\n<p>En seguimiento a una de las necesidades sociales ambientales m\u00e1s apremiantes para la comunidad de Metepec, Tlaxcala, el Centro de Investigaci\u00f3n en Gen\u00e9tica y Ambiente de la Universidad Aut\u00f3noma de Tlaxcala (CIGyA-UATx) invita a participar en el&nbsp;\ud835\udc13\ud835\udc1e\ud835\udc2a\ud835\udc2e\ud835\udc22\ud835\udc28&nbsp;\ud835\udc29\ud835\udc28\ud835\udc2b&nbsp;\ud835\udc1e\ud835\udc25&nbsp;\ud835\udc00\ud835\udc26\ud835\udc1b\ud835\udc22\ud835\udc1e\ud835\udc27\ud835\udc2d\ud835\udc1e&nbsp;para dar continuidad a los trabajos de rehabilitaci\u00f3n ecol\u00f3gica en el predio de San Gregorio, el martes 24 de junio a partir de las 8:00 de la ma\u00f1ana.<\/p>\n\n\n\n<p>Las actividades de este trabajo comunitario que fortalece el sentido de pertenencia y responsabilidad social de la m\u00e1xima Casa de Estudios est\u00e1n a cargo de la Maestr\u00eda en Ciencias en Sistemas del Ambiente (MCSA) del CIGyA-UATx con la intervenci\u00f3n de los investigadores que desarrollan la L\u00ednea de Generaci\u00f3n y Aplicaci\u00f3n del Conocimiento \u00abEstudio y Manejo de Ecosistemas\u00bb.<\/p>\n\n\n\n<p>Dicho proyecto comenz\u00f3 hace cuatro a\u00f1os en colaboraci\u00f3n con la comunidad de San Diego Metepec y la Asociaci\u00f3n Civil \u00abTlalli Atoktli\u00bb con el objetivo de fomentar el cuidado y manejo del ambiente a trav\u00e9s de acciones concretas.<\/p>\n\n\n\n<p>En la jornada del segundo&nbsp;\ud835\udc13\ud835\udc1e\ud835\udc2a\ud835\udc2e\ud835\udc22\ud835\udc28&nbsp;\ud835\udc29\ud835\udc28\ud835\udc2b&nbsp;\ud835\udc1e\ud835\udc25&nbsp;\ud835\udc00\ud835\udc26\ud835\udc1b\ud835\udc22\ud835\udc1e\ud835\udc27\ud835\udc2d\ud835\udc1e&nbsp;se realizar\u00e1n acciones de mantenimiento y fertilizaci\u00f3n org\u00e1nica a los \u00e1rboles plantados hace tres a\u00f1os, por tal motivo se invita a la comunidad en general para sumarte a este esfuerzo colectivo que redundar\u00e1 en un mejor entorno para la regi\u00f3n; se pide a los participantes llevar cubeta, herramientas como azad\u00f3n y pala, y ropa c\u00f3moda, gorra o sombrero.&nbsp; El punto de reuni\u00f3n es el campo de f\u00fatbol de San Diego Metepec.<\/p>\n","protected":false},"excerpt":{"rendered":"<p>\uf0fc&nbsp;&nbsp;&nbsp;&nbsp;&nbsp;&nbsp;&nbsp;&nbsp; Trabajo comunitario que fortalece el sentido de pertenencia y la responsabilidad social En seguimiento a una de las necesidades sociales ambientales m\u00e1s apremiantes para la comunidad de Metepec, Tlaxcala, el Centro de Investigaci\u00f3n en Gen\u00e9tica y Ambiente de la Universidad Aut\u00f3noma de Tlaxcala (CIGyA-UATx) invita a participar en el&nbsp;\ud835\udc13\ud835\udc1e\ud835\udc2a\ud835\udc2e\ud835\udc22\ud835\udc28&nbsp;\ud835\udc29\ud835\udc28\ud835\udc2b&nbsp;\ud835\udc1e\ud835\udc25&nbsp;\ud835\udc00\ud835\udc26\ud835\udc1b\ud835\udc22\ud835\udc1e\ud835\udc27\ud835\udc2d\ud835\udc1e&nbsp;para dar continuidad a los trabajos [&hellip;]<\/p>\n","protected":false},"author":1,"featured_media":129115,"comment_status":"open","ping_status":"open","sticky":false,"template":"","format":"standard","meta":{"footnotes":""},"categories":[10],"tags":[],"class_list":["post-129114","post","type-post","status-publish","format-standard","has-post-thumbnail","hentry","category-educacion"],"blog_post_layout_featured_media_urls":{"thumbnail":["https:\/\/diariolanoticia.com.mx\/wp-content\/uploads\/2025\/06\/19-Convoca-CIGyA-UATx-al-segundo-tequio-en-San-Diego-Metepec-216x160.jpeg",216,160,true],"full":["https:\/\/diariolanoticia.com.mx\/wp-content\/uploads\/2025\/06\/19-Convoca-CIGyA-UATx-al-segundo-tequio-en-San-Diego-Metepec.jpeg",600,450,false]},"categories_names":{"10":{"name":"Educaci\u00f3n","link":"https:\/\/diariolanoticia.com.mx\/?cat=10"}},"tags_names":[],"comments_number":"0","wpmagazine_modules_lite_featured_media_urls":{"thumbnail":["https:\/\/diariolanoticia.com.mx\/wp-content\/uploads\/2025\/06\/19-Convoca-CIGyA-UATx-al-segundo-tequio-en-San-Diego-Metepec-216x160.jpeg",216,160,true],"cvmm-medium":["https:\/\/diariolanoticia.com.mx\/wp-content\/uploads\/2025\/06\/19-Convoca-CIGyA-UATx-al-segundo-tequio-en-San-Diego-Metepec-300x300.jpeg",300,300,true],"cvmm-medium-plus":["https:\/\/diariolanoticia.com.mx\/wp-content\/uploads\/2025\/06\/19-Convoca-CIGyA-UATx-al-segundo-tequio-en-San-Diego-Metepec-305x207.jpeg",305,207,true],"cvmm-portrait":["https:\/\/diariolanoticia.com.mx\/wp-content\/uploads\/2025\/06\/19-Convoca-CIGyA-UATx-al-segundo-tequio-en-San-Diego-Metepec-400x450.jpeg",400,450,true],"cvmm-medium-square":["https:\/\/diariolanoticia.com.mx\/wp-content\/uploads\/2025\/06\/19-Convoca-CIGyA-UATx-al-segundo-tequio-en-San-Diego-Metepec.jpeg",600,450,false],"cvmm-large":["https:\/\/diariolanoticia.com.mx\/wp-content\/uploads\/2025\/06\/19-Convoca-CIGyA-UATx-al-segundo-tequio-en-San-Diego-Metepec.jpeg",600,450,false],"cvmm-small":["https:\/\/diariolanoticia.com.mx\/wp-content\/uploads\/2025\/06\/19-Convoca-CIGyA-UATx-al-segundo-tequio-en-San-Diego-Metepec-130x95.jpeg",130,95,true],"full":["https:\/\/diariolanoticia.com.mx\/wp-content\/uploads\/2025\/06\/19-Convoca-CIGyA-UATx-al-segundo-tequio-en-San-Diego-Metepec.jpeg",600,450,false]},"_links":{"self":[{"href":"https:\/\/diariolanoticia.com.mx\/index.php?rest_route=\/wp\/v2\/posts\/129114","targetHints":{"allow":["GET"]}}],"collection":[{"href":"https:\/\/diariolanoticia.com.mx\/index.php?rest_route=\/wp\/v2\/posts"}],"about":[{"href":"https:\/\/diariolanoticia.com.mx\/index.php?rest_route=\/wp\/v2\/types\/post"}],"author":[{"embeddable":true,"href":"https:\/\/diariolanoticia.com.mx\/index.php?rest_route=\/wp\/v2\/users\/1"}],"replies":[{"embeddable":true,"href":"https:\/\/diariolanoticia.com.mx\/index.php?rest_route=%2Fwp%2Fv2%2Fcomments&post=129114"}],"version-history":[{"count":1,"href":"https:\/\/diariolanoticia.com.mx\/index.php?rest_route=\/wp\/v2\/posts\/129114\/revisions"}],"predecessor-version":[{"id":129116,"href":"https:\/\/diariolanoticia.com.mx\/index.php?rest_route=\/wp\/v2\/posts\/129114\/revisions\/129116"}],"wp:featuredmedia":[{"embeddable":true,"href":"https:\/\/diariolanoticia.com.mx\/index.php?rest_route=\/wp\/v2\/media\/129115"}],"wp:attachment":[{"href":"https:\/\/diariolanoticia.com.mx\/index.php?rest_route=%2Fwp%2Fv2%2Fmedia&parent=129114"}],"wp:term":[{"taxonomy":"category","embeddable":true,"href":"https:\/\/diariolanoticia.com.mx\/index.php?rest_route=%2Fwp%2Fv2%2Fcategories&post=129114"},{"taxonomy":"post_tag","embeddable":true,"href":"https:\/\/diariolanoticia.com.mx\/index.php?rest_route=%2Fwp%2Fv2%2Ftags&post=129114"}],"curies":[{"name":"wp","href":"https:\/\/api.w.org\/{rel}","templated":true}]}}