{"id":129125,"date":"2025-06-24T21:20:02","date_gmt":"2025-06-25T03:20:02","guid":{"rendered":"https:\/\/diariolanoticia.com.mx\/?p=129125"},"modified":"2025-06-24T21:20:03","modified_gmt":"2025-06-25T03:20:03","slug":"atletas-establecen-records-en-la-olimpiada-nacional-conade-2025-en-salto-con-pertiga-y-400-metros-planos","status":"publish","type":"post","link":"https:\/\/diariolanoticia.com.mx\/?p=129125","title":{"rendered":"ATLETAS ESTABLECEN R\u00c9CORDS EN LA OLIMPIADA NACIONAL CONADE 2025 EN SALTO CON P\u00c9RTIGA Y 400 METROS PLANOS"},"content":{"rendered":"\n<p><em>\u2022Josu\u00e9 Mateo Ortega y Esteban Avena Gonz\u00e1lez lograron poner de pie a los asistentes con sus haza\u00f1as deportivas<\/em><\/p>\n\n\n\n<p>Josu\u00e9 Mateo Ortega, competidor de salto con p\u00e9rtiga (garrocha), fue el primer atleta en el arranque de competencias de atletismo de la Olimpiada Nacional CONADE 2025 en superar el r\u00e9cord nacional registrado en 2024.<\/p>\n\n\n\n<p>Desde la Pista de Atletismo \u201cUna Nueva Historia\u201d, en Apizaco, el queretano se llev\u00f3 los aplausos y el entusiasmo de los asistentes de todas las delegaciones deportivas presentes en las gradas y alrededores del escenario deportivo.<\/p>\n\n\n\n<p>\u00abRomp\u00ed el r\u00e9cord nacional. que estaba en 4.20; le met\u00ed un cent\u00edmetro m\u00e1s y llegu\u00e9 a 4.21. Me da mucho orgullo haberlo logrado y poner en alto a mi estado, a la delegaci\u00f3n queretana, y a mi familia. Me gust\u00f3 la emoci\u00f3n que la haza\u00f1a gener\u00f3 entre los asistentes porque aplaudieron, se emocionaron y sus buenas vibras me acompa\u00f1aron\u00bb, dijo.<\/p>\n\n\n\n<p>Esteban Avena Gonz\u00e1lez, competidor de la prueba de 400 metros planos, categor\u00eda sub-18, rama varonil e integrante de la delegaci\u00f3n del Instituto de Mexicanas y Mexicanos en el Exterior (IMME), fue el segundo competidor de este d\u00eda en romper r\u00e9cord nacional. Super\u00f3 el establecido que era de 47.17 al llegar a la meta en 47.12 segundos.<\/p>\n\n\n\n<p>En entrevista, al t\u00e9rmino de su carrera dijo: \u201cEstoy fatal, la elevaci\u00f3n est\u00e1 a 8 mil pies y de d\u00f3nde vengo estoy a nivel de mar. Todo lo puse en manos de Dios y as\u00ed lo logr\u00e9. Siempre empiezo r\u00e1pido y al final le di m\u00e1s, estoy satisfecho por el tiempo que realic\u00e9. Hace dos a\u00f1os fui a Tabasco y logr\u00e9 medalla de plata, desde entonces he entrenado y hasta hoy, hace 5 minutos me hice mejor. Estoy satisfecho y voy por m\u00e1s\u201d, asegur\u00f3\u201d.<\/p>\n\n\n\n<p>Mateo Robledo, de la delegaci\u00f3n de Quer\u00e9taro, en su primera competencia nacional se adjudic\u00f3 la medalla de bronce en la prueba de salto con p\u00e9rtiga. Asegur\u00f3 que este primer triunfo ser\u00e1 parte de una continuidad para su superaci\u00f3n y entrenamiento deportivo.<\/p>\n\n\n\n<p>\u201cPara m\u00ed ha sido mi competencia favorita hasta el momento. La organizaci\u00f3n me encant\u00f3, ha sido muy buena, las competencias son a su hora y todo se me ha hecho muy bueno. La verdad, las instalaciones se me hacen de primera y ahora son mis instalaciones favoritas. He competido en otros estados, incluyendo Guadalajara y Ciudad de M\u00e9xico y ahora mi lugar favorito es Tlaxcala\u201d, afirm\u00f3.<\/p>\n\n\n\n<p>Francisco Gabriel Mu\u00f1oz Vargas, del representativo de Guanajuato subi\u00f3 al p\u00f3dium para recibir medalla de oro tras su participaci\u00f3n en la prueba de lanzamiento de disco sub-16 de un kilo. \u201cEsta es la primera vez que me subo al p\u00f3dium nacional y estoy muy orgulloso. A partir de ahora seguir\u00e9 trabajando para alcanzar m\u00e1s triunfos\u201d, mencion\u00f3.<\/p>\n\n\n\n<p>Jos\u00e9 Antonio Vel\u00e1zquez Mart\u00ednez, competidor del estado de Veracruz en la prueba de lanzamiento de jabalina varonil sub-18, dedic\u00f3 su medalla de bronce a su padre, quien lo prepara todos los d\u00edas. \u201cAl ser mi primera medalla estoy m\u00e1s que feliz. Al fin alcanzamos el objetivo, los entrenamientos deportivos dan sus primeros resultados. Me di cuenta de mi potencial y creo que inicia mi ascenso deportivo\u201d, sostuvo.<\/p>\n\n\n\n<p>As\u00ed culmin\u00f3 el primer d\u00eda de actividades de las competencias de atletismo que continuar\u00e1n ma\u00f1ana con pruebas de lanzamiento de martillo, salto con p\u00e9rtiga o garrocha, salto de altura, salto de longitud, lanzamiento de disco, impulso de bala, lanzamiento de jabalina, 80 metros planos, 100 metros planos, 300 metros planos, 400 metros planos, 5 mil metros marcha, 80 metros con vallas, relevo 4&#215;100, heptatl\u00f3n y decatl\u00f3n, desde las 8:00 hasta las 13:45 horas, en la pista de atletismo \u201cUna Nueva Historia\u201d, en Apizaco.<\/p>\n","protected":false},"excerpt":{"rendered":"<p>\u2022Josu\u00e9 Mateo Ortega y Esteban Avena Gonz\u00e1lez lograron poner de pie a los asistentes con sus haza\u00f1as deportivas Josu\u00e9 Mateo Ortega, competidor de salto con p\u00e9rtiga (garrocha), fue el primer atleta en el arranque de competencias de atletismo de la Olimpiada Nacional CONADE 2025 en superar el r\u00e9cord nacional registrado en 2024. Desde la Pista [&hellip;]<\/p>\n","protected":false},"author":1,"featured_media":129126,"comment_status":"open","ping_status":"open","sticky":false,"template":"","format":"standard","meta":{"footnotes":""},"categories":[21],"tags":[],"class_list":["post-129125","post","type-post","status-publish","format-standard","has-post-thumbnail","hentry","category-estatal"],"blog_post_layout_featured_media_urls":{"thumbnail":["https:\/\/diariolanoticia.com.mx\/wp-content\/uploads\/2025\/06\/4f97f5fe-3059-4deb-8fa1-336ef720054d-216x160.jpeg",216,160,true],"full":["https:\/\/diariolanoticia.com.mx\/wp-content\/uploads\/2025\/06\/4f97f5fe-3059-4deb-8fa1-336ef720054d.jpeg",1280,874,false]},"categories_names":{"21":{"name":"Estatal","link":"https:\/\/diariolanoticia.com.mx\/?cat=21"}},"tags_names":[],"comments_number":"0","wpmagazine_modules_lite_featured_media_urls":{"thumbnail":["https:\/\/diariolanoticia.com.mx\/wp-content\/uploads\/2025\/06\/4f97f5fe-3059-4deb-8fa1-336ef720054d-216x160.jpeg",216,160,true],"cvmm-medium":["https:\/\/diariolanoticia.com.mx\/wp-content\/uploads\/2025\/06\/4f97f5fe-3059-4deb-8fa1-336ef720054d-300x300.jpeg",300,300,true],"cvmm-medium-plus":["https:\/\/diariolanoticia.com.mx\/wp-content\/uploads\/2025\/06\/4f97f5fe-3059-4deb-8fa1-336ef720054d-305x207.jpeg",305,207,true],"cvmm-portrait":["https:\/\/diariolanoticia.com.mx\/wp-content\/uploads\/2025\/06\/4f97f5fe-3059-4deb-8fa1-336ef720054d-400x600.jpeg",400,600,true],"cvmm-medium-square":["https:\/\/diariolanoticia.com.mx\/wp-content\/uploads\/2025\/06\/4f97f5fe-3059-4deb-8fa1-336ef720054d-600x600.jpeg",600,600,true],"cvmm-large":["https:\/\/diariolanoticia.com.mx\/wp-content\/uploads\/2025\/06\/4f97f5fe-3059-4deb-8fa1-336ef720054d-1024x874.jpeg",1024,874,true],"cvmm-small":["https:\/\/diariolanoticia.com.mx\/wp-content\/uploads\/2025\/06\/4f97f5fe-3059-4deb-8fa1-336ef720054d-130x95.jpeg",130,95,true],"full":["https:\/\/diariolanoticia.com.mx\/wp-content\/uploads\/2025\/06\/4f97f5fe-3059-4deb-8fa1-336ef720054d.jpeg",1280,874,false]},"_links":{"self":[{"href":"https:\/\/diariolanoticia.com.mx\/index.php?rest_route=\/wp\/v2\/posts\/129125","targetHints":{"allow":["GET"]}}],"collection":[{"href":"https:\/\/diariolanoticia.com.mx\/index.php?rest_route=\/wp\/v2\/posts"}],"about":[{"href":"https:\/\/diariolanoticia.com.mx\/index.php?rest_route=\/wp\/v2\/types\/post"}],"author":[{"embeddable":true,"href":"https:\/\/diariolanoticia.com.mx\/index.php?rest_route=\/wp\/v2\/users\/1"}],"replies":[{"embeddable":true,"href":"https:\/\/diariolanoticia.com.mx\/index.php?rest_route=%2Fwp%2Fv2%2Fcomments&post=129125"}],"version-history":[{"count":1,"href":"https:\/\/diariolanoticia.com.mx\/index.php?rest_route=\/wp\/v2\/posts\/129125\/revisions"}],"predecessor-version":[{"id":129127,"href":"https:\/\/diariolanoticia.com.mx\/index.php?rest_route=\/wp\/v2\/posts\/129125\/revisions\/129127"}],"wp:featuredmedia":[{"embeddable":true,"href":"https:\/\/diariolanoticia.com.mx\/index.php?rest_route=\/wp\/v2\/media\/129126"}],"wp:attachment":[{"href":"https:\/\/diariolanoticia.com.mx\/index.php?rest_route=%2Fwp%2Fv2%2Fmedia&parent=129125"}],"wp:term":[{"taxonomy":"category","embeddable":true,"href":"https:\/\/diariolanoticia.com.mx\/index.php?rest_route=%2Fwp%2Fv2%2Fcategories&post=129125"},{"taxonomy":"post_tag","embeddable":true,"href":"https:\/\/diariolanoticia.com.mx\/index.php?rest_route=%2Fwp%2Fv2%2Ftags&post=129125"}],"curies":[{"name":"wp","href":"https:\/\/api.w.org\/{rel}","templated":true}]}}