{"id":129609,"date":"2025-08-26T22:13:22","date_gmt":"2025-08-27T04:13:22","guid":{"rendered":"https:\/\/diariolanoticia.com.mx\/?p=129609"},"modified":"2025-08-27T22:13:38","modified_gmt":"2025-08-28T04:13:38","slug":"clinica-del-bienestar-uatx-brinda-sus-servicios-en-las-jornadas-por-la-paz-de-acuamanala","status":"publish","type":"post","link":"https:\/\/diariolanoticia.com.mx\/?p=129609","title":{"rendered":"Cl\u00ednica del Bienestar UATx brinda sus servicios en las Jornadas por la Paz de Acuamanala"},"content":{"rendered":"\n<p>La Cl\u00ednica del Bienestar Universitario de la Universidad Aut\u00f3noma de Tlaxcala (UATx) promueve h\u00e1bitos saludables y acerca sus servicios de salud a la poblaci\u00f3n en actividades como las&nbsp;\ud835\udc09\ud835\udc28\ud835\udc2b\ud835\udc27\ud835\udc1a\ud835\udc1d\ud835\udc1a\ud835\udc2c&nbsp;\ud835\udc29\ud835\udc28\ud835\udc2b&nbsp;\ud835\udc25\ud835\udc1a&nbsp;\ud835\udc0f\ud835\udc1a\ud835\udc33&nbsp;en el municipio de Acuamanala de Miguel Hidalgo.<\/p>\n\n\n\n<p>A trav\u00e9s de su personal especializado, la Cl\u00ednica del Bienestar UATx, a cargo de la Licenciada Berenice Flores Leal V\u00e1zquez, brind\u00f3 servicios esenciales para las personas como medicina general, odontolog\u00eda, naturopat\u00eda, fisioterapia y terapia de lenguaje, adem\u00e1s de otras vertientes integrales que buscan generar una vida saludable entre poblaci\u00f3n de todas las edades.<\/p>\n\n\n\n<p>Con esta disposici\u00f3n de colaborar en las&nbsp;\ud835\udc09\ud835\udc28\ud835\udc2b\ud835\udc27\ud835\udc1a\ud835\udc1d\ud835\udc1a\ud835\udc2c&nbsp;\ud835\udc29\ud835\udc28\ud835\udc2b&nbsp;\ud835\udc25\ud835\udc1a&nbsp;\ud835\udc0f\ud835\udc1a\ud835\udc33, la UATx reafirma su compromiso con la sociedad, facilitando el acceso a servicios de salud de calidad y contribuyendo directamente al bienestar de las comunidades tlaxcaltecas.<\/p>\n","protected":false},"excerpt":{"rendered":"<p>La Cl\u00ednica del Bienestar Universitario de la Universidad Aut\u00f3noma de Tlaxcala (UATx) promueve h\u00e1bitos saludables y acerca sus servicios de salud a la poblaci\u00f3n en actividades como las&nbsp;\ud835\udc09\ud835\udc28\ud835\udc2b\ud835\udc27\ud835\udc1a\ud835\udc1d\ud835\udc1a\ud835\udc2c&nbsp;\ud835\udc29\ud835\udc28\ud835\udc2b&nbsp;\ud835\udc25\ud835\udc1a&nbsp;\ud835\udc0f\ud835\udc1a\ud835\udc33&nbsp;en el municipio de Acuamanala de Miguel Hidalgo. A trav\u00e9s de su personal especializado, la Cl\u00ednica del Bienestar UATx, a cargo de la Licenciada Berenice Flores Leal V\u00e1zquez, [&hellip;]<\/p>\n","protected":false},"author":1,"featured_media":129610,"comment_status":"open","ping_status":"open","sticky":false,"template":"","format":"standard","meta":{"footnotes":""},"categories":[10],"tags":[],"class_list":["post-129609","post","type-post","status-publish","format-standard","has-post-thumbnail","hentry","category-educacion"],"blog_post_layout_featured_media_urls":{"thumbnail":["https:\/\/diariolanoticia.com.mx\/wp-content\/uploads\/2025\/08\/26-Clinica-del-Bienestar-UATx-brinda-sus-servicios-en-las-Jornadas-por-la-Paz-de-Acuamanala-3-216x160.jpeg",216,160,true],"full":["https:\/\/diariolanoticia.com.mx\/wp-content\/uploads\/2025\/08\/26-Clinica-del-Bienestar-UATx-brinda-sus-servicios-en-las-Jornadas-por-la-Paz-de-Acuamanala-3.jpeg",864,687,false]},"categories_names":{"10":{"name":"Educaci\u00f3n","link":"https:\/\/diariolanoticia.com.mx\/?cat=10"}},"tags_names":[],"comments_number":"0","wpmagazine_modules_lite_featured_media_urls":{"thumbnail":["https:\/\/diariolanoticia.com.mx\/wp-content\/uploads\/2025\/08\/26-Clinica-del-Bienestar-UATx-brinda-sus-servicios-en-las-Jornadas-por-la-Paz-de-Acuamanala-3-216x160.jpeg",216,160,true],"cvmm-medium":["https:\/\/diariolanoticia.com.mx\/wp-content\/uploads\/2025\/08\/26-Clinica-del-Bienestar-UATx-brinda-sus-servicios-en-las-Jornadas-por-la-Paz-de-Acuamanala-3-300x300.jpeg",300,300,true],"cvmm-medium-plus":["https:\/\/diariolanoticia.com.mx\/wp-content\/uploads\/2025\/08\/26-Clinica-del-Bienestar-UATx-brinda-sus-servicios-en-las-Jornadas-por-la-Paz-de-Acuamanala-3-305x207.jpeg",305,207,true],"cvmm-portrait":["https:\/\/diariolanoticia.com.mx\/wp-content\/uploads\/2025\/08\/26-Clinica-del-Bienestar-UATx-brinda-sus-servicios-en-las-Jornadas-por-la-Paz-de-Acuamanala-3-400x600.jpeg",400,600,true],"cvmm-medium-square":["https:\/\/diariolanoticia.com.mx\/wp-content\/uploads\/2025\/08\/26-Clinica-del-Bienestar-UATx-brinda-sus-servicios-en-las-Jornadas-por-la-Paz-de-Acuamanala-3-600x600.jpeg",600,600,true],"cvmm-large":["https:\/\/diariolanoticia.com.mx\/wp-content\/uploads\/2025\/08\/26-Clinica-del-Bienestar-UATx-brinda-sus-servicios-en-las-Jornadas-por-la-Paz-de-Acuamanala-3.jpeg",864,687,false],"cvmm-small":["https:\/\/diariolanoticia.com.mx\/wp-content\/uploads\/2025\/08\/26-Clinica-del-Bienestar-UATx-brinda-sus-servicios-en-las-Jornadas-por-la-Paz-de-Acuamanala-3-130x95.jpeg",130,95,true],"full":["https:\/\/diariolanoticia.com.mx\/wp-content\/uploads\/2025\/08\/26-Clinica-del-Bienestar-UATx-brinda-sus-servicios-en-las-Jornadas-por-la-Paz-de-Acuamanala-3.jpeg",864,687,false]},"_links":{"self":[{"href":"https:\/\/diariolanoticia.com.mx\/index.php?rest_route=\/wp\/v2\/posts\/129609","targetHints":{"allow":["GET"]}}],"collection":[{"href":"https:\/\/diariolanoticia.com.mx\/index.php?rest_route=\/wp\/v2\/posts"}],"about":[{"href":"https:\/\/diariolanoticia.com.mx\/index.php?rest_route=\/wp\/v2\/types\/post"}],"author":[{"embeddable":true,"href":"https:\/\/diariolanoticia.com.mx\/index.php?rest_route=\/wp\/v2\/users\/1"}],"replies":[{"embeddable":true,"href":"https:\/\/diariolanoticia.com.mx\/index.php?rest_route=%2Fwp%2Fv2%2Fcomments&post=129609"}],"version-history":[{"count":1,"href":"https:\/\/diariolanoticia.com.mx\/index.php?rest_route=\/wp\/v2\/posts\/129609\/revisions"}],"predecessor-version":[{"id":129611,"href":"https:\/\/diariolanoticia.com.mx\/index.php?rest_route=\/wp\/v2\/posts\/129609\/revisions\/129611"}],"wp:featuredmedia":[{"embeddable":true,"href":"https:\/\/diariolanoticia.com.mx\/index.php?rest_route=\/wp\/v2\/media\/129610"}],"wp:attachment":[{"href":"https:\/\/diariolanoticia.com.mx\/index.php?rest_route=%2Fwp%2Fv2%2Fmedia&parent=129609"}],"wp:term":[{"taxonomy":"category","embeddable":true,"href":"https:\/\/diariolanoticia.com.mx\/index.php?rest_route=%2Fwp%2Fv2%2Fcategories&post=129609"},{"taxonomy":"post_tag","embeddable":true,"href":"https:\/\/diariolanoticia.com.mx\/index.php?rest_route=%2Fwp%2Fv2%2Ftags&post=129609"}],"curies":[{"name":"wp","href":"https:\/\/api.w.org\/{rel}","templated":true}]}}