{"id":129615,"date":"2025-08-25T22:16:25","date_gmt":"2025-08-26T04:16:25","guid":{"rendered":"https:\/\/diariolanoticia.com.mx\/?p=129615"},"modified":"2025-08-27T22:16:42","modified_gmt":"2025-08-28T04:16:42","slug":"revitaliza-la-uatx-el-legado-de-las-personas-mayores-con-la-3a-semana-de-saberes-ancestrales","status":"publish","type":"post","link":"https:\/\/diariolanoticia.com.mx\/?p=129615","title":{"rendered":"Revitaliza la UATx el legado de las personas mayores con la 3\u00aa Semana de Saberes Ancestrales"},"content":{"rendered":"\n<p>\u00fc&nbsp;&nbsp;El pr\u00f3ximo mi\u00e9rcoles instalar\u00e1n el mercado Las vejeces en su hacer y saber: memorias y marcas sociales<\/p>\n\n\n\n<p>En un ambiente de reflexi\u00f3n, reconocimiento y di\u00e1logo intergeneracional, iniciaron los trabajos de la&nbsp;\ud835\udfd1\u00aa&nbsp;\ud835\udc12\ud835\udc1e\ud835\udc26\ud835\udc1a\ud835\udc27\ud835\udc1a&nbsp;\ud835\udc1d\ud835\udc1e&nbsp;\ud835\udc12\ud835\udc1a\ud835\udc1b\ud835\udc1e\ud835\udc2b\ud835\udc1e\ud835\udc2c&nbsp;\ud835\udc00\ud835\udc27\ud835\udc1c\ud835\udc1e\ud835\udc2c\ud835\udc2d\ud835\udc2b\ud835\udc1a\ud835\udc25\ud835\udc1e\ud835\udc2c.&nbsp;\ud835\udc04\ud835\udc27\ud835\udc2d\ud835\udc2b\ud835\udc1e&nbsp;\ud835\udc25\ud835\udc28\ud835\udc2c&nbsp;\ud835\udc2c\ud835\udc1a\ud835\udc1b\ud835\udc1e\ud835\udc2b\ud835\udc1e\ud835\udc2c&nbsp;\ud835\udc32&nbsp;\ud835\udc21\ud835\udc1a\ud835\udc1c\ud835\udc1e\ud835\udc2b\ud835\udc1e\ud835\udc2c,&nbsp;\ud835\udc1e\ud835\udc25&nbsp;\ud835\udc25\ud835\udc1e\ud835\udc20\ud835\udc1a\ud835\udc1d\ud835\udc28&nbsp;\ud835\udc1d\ud835\udc1e&nbsp;\ud835\udc25\ud835\udc28\ud835\udc2c&nbsp;\ud835\udc26\ud835\udc1a\ud835\udc32\ud835\udc28\ud835\udc2b\ud835\udc1e\ud835\udc2c, organizada por la Licenciatura en Gerontolog\u00eda Social de la Facultad de Ciencias para el Desarrollo Humano de la Universidad Aut\u00f3noma de Tlaxcala (FCDH- UATx).<\/p>\n\n\n\n<p>En la ceremonia protocolaria de inauguraci\u00f3n, el Doctor Josu\u00e9 Antonio Camacho Candia, Director de la FCDH, especific\u00f3 que dicho espacio acad\u00e9mico y cultural tiene como objetivo valorar, visibilizar y compartir los conocimientos, tradiciones y experiencias de las personas mayores, reconoci\u00e9ndolas como portadoras de saberes fundamentales para la construcci\u00f3n de una sociedad m\u00e1s justa, consciente y conectada con sus ra\u00edces.<\/p>\n\n\n\n<p>Ante la comunidad de Desarrollo Humano reunida en el Auditorio \u00abRa\u00fal Jim\u00e9nez Guill\u00e9n\u00bb,&nbsp;<a>el Doctor Camacho Candia<\/a>&nbsp;agreg\u00f3 que los saberes ancestrales constituyen la ra\u00edz de nuestra memoria colectiva y un pilar de la identidad de los pueblos, pues en cada pr\u00e1ctica y palabra transmitida de generaci\u00f3n en generaci\u00f3n se conserva un legado que nos recuerda de d\u00f3nde venimos y qui\u00e9nes somos.<\/p>\n\n\n\n<p>En tanto, la Maestra Susana Corona Ordaz, Coordinadora de la Licenciatura en Gerontolog\u00eda Social, destac\u00f3 que la Semana de Saberes Ancestrales es un espacio para dialogar, aprender y compartir, un encuentro entre saberes en el que se entrelaza un puente entre la tradici\u00f3n y la contemporaneidad, en un di\u00e1logo con las personas mayores, portadoras de conocimiento profundo.<\/p>\n\n\n\n<p>Adem\u00e1s, coment\u00f3 que los saberes ancestrales unen a las personas en comunidad, ense\u00f1an el valor de la solidaridad, la reciprocidad, la ayuda mutua y, a trav\u00e9s de ellos, reconocemos a las personas mayores como gu\u00edas, consejeros y portadores de experiencias que fortalecen en lo colectivo, en s\u00ed, son un recordatorio de que la vida no se construye en soledad, sino en compa\u00f1\u00eda y di\u00e1logo entre generaciones.<\/p>\n\n\n\n<p>Durante esta edici\u00f3n, habr\u00e1 cuatro presentaciones a cargo de personas mayores que compartir\u00e1n su experiencia en \u00e1mbitos como el trabajo de amas de casa en econom\u00eda y cuidados, la tradici\u00f3n de los panaderos de San Juan Huactzinco, la memoria de los ferrocarrileros y el carnaval de San Bernardino Contla. Asimismo, se&nbsp;<a>instalar\u00e1 el mercado&nbsp;<\/a>\ud835\udc0b\ud835\udc1a\ud835\udc2c&nbsp;\ud835\udc2f\ud835\udc1e\ud835\udc23\ud835\udc1e\ud835\udc1c\ud835\udc1e\ud835\udc2c&nbsp;\ud835\udc1e\ud835\udc27&nbsp;\ud835\udc2c\ud835\udc2e&nbsp;\ud835\udc21\ud835\udc1a\ud835\udc1c\ud835\udc1e\ud835\udc2b&nbsp;\ud835\udc32&nbsp;\ud835\udc2c\ud835\udc1a\ud835\udc1b\ud835\udc1e\ud835\udc2b:&nbsp;\ud835\udc26\ud835\udc1e\ud835\udc26\ud835\udc28\ud835\udc2b\ud835\udc22\ud835\udc1a\ud835\udc2c&nbsp;\ud835\udc32&nbsp;\ud835\udc26\ud835\udc1a\ud835\udc2b\ud835\udc1c\ud835\udc1a\ud835\udc2c&nbsp;\ud835\udc2c\ud835\udc28\ud835\udc1c\ud835\udc22\ud835\udc1a\ud835\udc25\ud835\udc1e\ud835\udc2c,&nbsp;como un espacio de intercambio cultural y comunitario el d\u00eda mi\u00e9rcoles en la explanada de la Facultad de Ciencias para el Desarrollo Humano.<\/p>\n","protected":false},"excerpt":{"rendered":"<p>\u00fc&nbsp;&nbsp;El pr\u00f3ximo mi\u00e9rcoles instalar\u00e1n el mercado Las vejeces en su hacer y saber: memorias y marcas sociales En un ambiente de reflexi\u00f3n, reconocimiento y di\u00e1logo intergeneracional, iniciaron los trabajos de la&nbsp;\ud835\udfd1\u00aa&nbsp;\ud835\udc12\ud835\udc1e\ud835\udc26\ud835\udc1a\ud835\udc27\ud835\udc1a&nbsp;\ud835\udc1d\ud835\udc1e&nbsp;\ud835\udc12\ud835\udc1a\ud835\udc1b\ud835\udc1e\ud835\udc2b\ud835\udc1e\ud835\udc2c&nbsp;\ud835\udc00\ud835\udc27\ud835\udc1c\ud835\udc1e\ud835\udc2c\ud835\udc2d\ud835\udc2b\ud835\udc1a\ud835\udc25\ud835\udc1e\ud835\udc2c.&nbsp;\ud835\udc04\ud835\udc27\ud835\udc2d\ud835\udc2b\ud835\udc1e&nbsp;\ud835\udc25\ud835\udc28\ud835\udc2c&nbsp;\ud835\udc2c\ud835\udc1a\ud835\udc1b\ud835\udc1e\ud835\udc2b\ud835\udc1e\ud835\udc2c&nbsp;\ud835\udc32&nbsp;\ud835\udc21\ud835\udc1a\ud835\udc1c\ud835\udc1e\ud835\udc2b\ud835\udc1e\ud835\udc2c,&nbsp;\ud835\udc1e\ud835\udc25&nbsp;\ud835\udc25\ud835\udc1e\ud835\udc20\ud835\udc1a\ud835\udc1d\ud835\udc28&nbsp;\ud835\udc1d\ud835\udc1e&nbsp;\ud835\udc25\ud835\udc28\ud835\udc2c&nbsp;\ud835\udc26\ud835\udc1a\ud835\udc32\ud835\udc28\ud835\udc2b\ud835\udc1e\ud835\udc2c, organizada por la Licenciatura en Gerontolog\u00eda Social de la Facultad de Ciencias para el Desarrollo Humano de la Universidad Aut\u00f3noma de Tlaxcala (FCDH- UATx). [&hellip;]<\/p>\n","protected":false},"author":1,"featured_media":129616,"comment_status":"open","ping_status":"open","sticky":false,"template":"","format":"standard","meta":{"footnotes":""},"categories":[10],"tags":[],"class_list":["post-129615","post","type-post","status-publish","format-standard","has-post-thumbnail","hentry","category-educacion"],"blog_post_layout_featured_media_urls":{"thumbnail":["https:\/\/diariolanoticia.com.mx\/wp-content\/uploads\/2025\/08\/25-Revitaliza-la-UATx-el-legado-de-las-personas-mayores-con-la-3a-Semana-de-Saberes-Ancestrales-1-216x160.jpg",216,160,true],"full":["https:\/\/diariolanoticia.com.mx\/wp-content\/uploads\/2025\/08\/25-Revitaliza-la-UATx-el-legado-de-las-personas-mayores-con-la-3a-Semana-de-Saberes-Ancestrales-1-scaled.jpg",2560,1707,false]},"categories_names":{"10":{"name":"Educaci\u00f3n","link":"https:\/\/diariolanoticia.com.mx\/?cat=10"}},"tags_names":[],"comments_number":"0","wpmagazine_modules_lite_featured_media_urls":{"thumbnail":["https:\/\/diariolanoticia.com.mx\/wp-content\/uploads\/2025\/08\/25-Revitaliza-la-UATx-el-legado-de-las-personas-mayores-con-la-3a-Semana-de-Saberes-Ancestrales-1-216x160.jpg",216,160,true],"cvmm-medium":["https:\/\/diariolanoticia.com.mx\/wp-content\/uploads\/2025\/08\/25-Revitaliza-la-UATx-el-legado-de-las-personas-mayores-con-la-3a-Semana-de-Saberes-Ancestrales-1-300x300.jpg",300,300,true],"cvmm-medium-plus":["https:\/\/diariolanoticia.com.mx\/wp-content\/uploads\/2025\/08\/25-Revitaliza-la-UATx-el-legado-de-las-personas-mayores-con-la-3a-Semana-de-Saberes-Ancestrales-1-305x207.jpg",305,207,true],"cvmm-portrait":["https:\/\/diariolanoticia.com.mx\/wp-content\/uploads\/2025\/08\/25-Revitaliza-la-UATx-el-legado-de-las-personas-mayores-con-la-3a-Semana-de-Saberes-Ancestrales-1-400x600.jpg",400,600,true],"cvmm-medium-square":["https:\/\/diariolanoticia.com.mx\/wp-content\/uploads\/2025\/08\/25-Revitaliza-la-UATx-el-legado-de-las-personas-mayores-con-la-3a-Semana-de-Saberes-Ancestrales-1-600x600.jpg",600,600,true],"cvmm-large":["https:\/\/diariolanoticia.com.mx\/wp-content\/uploads\/2025\/08\/25-Revitaliza-la-UATx-el-legado-de-las-personas-mayores-con-la-3a-Semana-de-Saberes-Ancestrales-1-1024x1024.jpg",1024,1024,true],"cvmm-small":["https:\/\/diariolanoticia.com.mx\/wp-content\/uploads\/2025\/08\/25-Revitaliza-la-UATx-el-legado-de-las-personas-mayores-con-la-3a-Semana-de-Saberes-Ancestrales-1-130x95.jpg",130,95,true],"full":["https:\/\/diariolanoticia.com.mx\/wp-content\/uploads\/2025\/08\/25-Revitaliza-la-UATx-el-legado-de-las-personas-mayores-con-la-3a-Semana-de-Saberes-Ancestrales-1-scaled.jpg",2560,1707,false]},"_links":{"self":[{"href":"https:\/\/diariolanoticia.com.mx\/index.php?rest_route=\/wp\/v2\/posts\/129615","targetHints":{"allow":["GET"]}}],"collection":[{"href":"https:\/\/diariolanoticia.com.mx\/index.php?rest_route=\/wp\/v2\/posts"}],"about":[{"href":"https:\/\/diariolanoticia.com.mx\/index.php?rest_route=\/wp\/v2\/types\/post"}],"author":[{"embeddable":true,"href":"https:\/\/diariolanoticia.com.mx\/index.php?rest_route=\/wp\/v2\/users\/1"}],"replies":[{"embeddable":true,"href":"https:\/\/diariolanoticia.com.mx\/index.php?rest_route=%2Fwp%2Fv2%2Fcomments&post=129615"}],"version-history":[{"count":1,"href":"https:\/\/diariolanoticia.com.mx\/index.php?rest_route=\/wp\/v2\/posts\/129615\/revisions"}],"predecessor-version":[{"id":129617,"href":"https:\/\/diariolanoticia.com.mx\/index.php?rest_route=\/wp\/v2\/posts\/129615\/revisions\/129617"}],"wp:featuredmedia":[{"embeddable":true,"href":"https:\/\/diariolanoticia.com.mx\/index.php?rest_route=\/wp\/v2\/media\/129616"}],"wp:attachment":[{"href":"https:\/\/diariolanoticia.com.mx\/index.php?rest_route=%2Fwp%2Fv2%2Fmedia&parent=129615"}],"wp:term":[{"taxonomy":"category","embeddable":true,"href":"https:\/\/diariolanoticia.com.mx\/index.php?rest_route=%2Fwp%2Fv2%2Fcategories&post=129615"},{"taxonomy":"post_tag","embeddable":true,"href":"https:\/\/diariolanoticia.com.mx\/index.php?rest_route=%2Fwp%2Fv2%2Ftags&post=129615"}],"curies":[{"name":"wp","href":"https:\/\/api.w.org\/{rel}","templated":true}]}}