{"id":129618,"date":"2025-08-25T22:17:25","date_gmt":"2025-08-26T04:17:25","guid":{"rendered":"https:\/\/diariolanoticia.com.mx\/?p=129618"},"modified":"2025-08-27T22:20:05","modified_gmt":"2025-08-28T04:20:05","slug":"lleva-uatx-su-programa-la-universidad-contigo-a-los-municipios-de-ixtacuixtla-tepetitla-y-nativitas","status":"publish","type":"post","link":"https:\/\/diariolanoticia.com.mx\/?p=129618","title":{"rendered":"Lleva UATx su programa \u00abLa Universidad Contigo\u00bb a los municipios de Ixtacuixtla, Tepetitla y Nat\u00edvitas"},"content":{"rendered":"\n<p>\u00fc&nbsp;&nbsp;Se fortalece el desarrollo comunitario<\/p>\n\n\n\n<p>Con actividades que favorecen el desarrollo comunitario mediante los servicios odontol\u00f3gicos, m\u00e9dicos, psicol\u00f3gicos, jur\u00eddicos, de nutrici\u00f3n y naturopat\u00eda, la Universidad Aut\u00f3noma de Tlaxcala&nbsp; (UATx) llev\u00f3 el programa \u00abLa Universidad Contigo\u00bb a los municipios de Tepetitla de Lardiz\u00e1bal, Nat\u00edvitas e Ixtacuixtla.<\/p>\n\n\n\n<p>Al respecto, la Doctora Gloria Ram\u00edrez El\u00edas, Secretaria de Autorrealizaci\u00f3n, precis\u00f3 que la respuesta que se ha recibido por parte de la poblaci\u00f3n de estos municipios ha sido \u00f3ptima, toda vez que los beneficios brindados redundan en una mejor calidad de vida para personas de todas las edades.<\/p>\n\n\n\n<p>Como instancia responsable de llevar \u00abLa Universidad Contigo\u00bb a diferentes zonas de Tlaxcala, la Secretar\u00eda de Autorrealizaci\u00f3n tambi\u00e9n reconoce la disposici\u00f3n de los estudiantes universitarios para sumarse a estas jornadas con un elevado compromiso social, haciendo patente el lema de la Aut\u00f3noma de Tlaxcala: \u00abPor la cultura a la justicia social\u00bb al vincular conocimiento y teor\u00eda al servicio de la sociedad en el marco de los valores que distinguen a la comunidad universitaria.<\/p>\n\n\n\n<p>&nbsp;De igual forma, la Doctora Ram\u00edrez El\u00edas agradeci\u00f3 la disposici\u00f3n de las autoridades municipales para realizar un trabajo conjunto que posibilita una atenci\u00f3n directa a la poblaci\u00f3n, con la inclusi\u00f3n de actividades recreativas para ni\u00f1as y ni\u00f1os, fortaleciendo la salud, la integraci\u00f3n familiar y el desarrollo comunitario.<\/p>\n","protected":false},"excerpt":{"rendered":"<p>\u00fc&nbsp;&nbsp;Se fortalece el desarrollo comunitario Con actividades que favorecen el desarrollo comunitario mediante los servicios odontol\u00f3gicos, m\u00e9dicos, psicol\u00f3gicos, jur\u00eddicos, de nutrici\u00f3n y naturopat\u00eda, la Universidad Aut\u00f3noma de Tlaxcala&nbsp; (UATx) llev\u00f3 el programa \u00abLa Universidad Contigo\u00bb a los municipios de Tepetitla de Lardiz\u00e1bal, Nat\u00edvitas e Ixtacuixtla. Al respecto, la Doctora Gloria Ram\u00edrez El\u00edas, Secretaria de Autorrealizaci\u00f3n, [&hellip;]<\/p>\n","protected":false},"author":1,"featured_media":129619,"comment_status":"open","ping_status":"open","sticky":false,"template":"","format":"standard","meta":{"footnotes":""},"categories":[10],"tags":[],"class_list":["post-129618","post","type-post","status-publish","format-standard","has-post-thumbnail","hentry","category-educacion"],"blog_post_layout_featured_media_urls":{"thumbnail":["https:\/\/diariolanoticia.com.mx\/wp-content\/uploads\/2025\/08\/25-Lleva-UATx-su-programa-La-Universidad-Contigo-a-los-municipios-de-Ixtacuixtla-Tepetitla-y-Nativitas-4-216x160.jpeg",216,160,true],"full":["https:\/\/diariolanoticia.com.mx\/wp-content\/uploads\/2025\/08\/25-Lleva-UATx-su-programa-La-Universidad-Contigo-a-los-municipios-de-Ixtacuixtla-Tepetitla-y-Nativitas-4.jpeg",1512,1006,false]},"categories_names":{"10":{"name":"Educaci\u00f3n","link":"https:\/\/diariolanoticia.com.mx\/?cat=10"}},"tags_names":[],"comments_number":"0","wpmagazine_modules_lite_featured_media_urls":{"thumbnail":["https:\/\/diariolanoticia.com.mx\/wp-content\/uploads\/2025\/08\/25-Lleva-UATx-su-programa-La-Universidad-Contigo-a-los-municipios-de-Ixtacuixtla-Tepetitla-y-Nativitas-4-216x160.jpeg",216,160,true],"cvmm-medium":["https:\/\/diariolanoticia.com.mx\/wp-content\/uploads\/2025\/08\/25-Lleva-UATx-su-programa-La-Universidad-Contigo-a-los-municipios-de-Ixtacuixtla-Tepetitla-y-Nativitas-4-300x300.jpeg",300,300,true],"cvmm-medium-plus":["https:\/\/diariolanoticia.com.mx\/wp-content\/uploads\/2025\/08\/25-Lleva-UATx-su-programa-La-Universidad-Contigo-a-los-municipios-de-Ixtacuixtla-Tepetitla-y-Nativitas-4-305x207.jpeg",305,207,true],"cvmm-portrait":["https:\/\/diariolanoticia.com.mx\/wp-content\/uploads\/2025\/08\/25-Lleva-UATx-su-programa-La-Universidad-Contigo-a-los-municipios-de-Ixtacuixtla-Tepetitla-y-Nativitas-4-400x600.jpeg",400,600,true],"cvmm-medium-square":["https:\/\/diariolanoticia.com.mx\/wp-content\/uploads\/2025\/08\/25-Lleva-UATx-su-programa-La-Universidad-Contigo-a-los-municipios-de-Ixtacuixtla-Tepetitla-y-Nativitas-4-600x600.jpeg",600,600,true],"cvmm-large":["https:\/\/diariolanoticia.com.mx\/wp-content\/uploads\/2025\/08\/25-Lleva-UATx-su-programa-La-Universidad-Contigo-a-los-municipios-de-Ixtacuixtla-Tepetitla-y-Nativitas-4-1024x1006.jpeg",1024,1006,true],"cvmm-small":["https:\/\/diariolanoticia.com.mx\/wp-content\/uploads\/2025\/08\/25-Lleva-UATx-su-programa-La-Universidad-Contigo-a-los-municipios-de-Ixtacuixtla-Tepetitla-y-Nativitas-4-130x95.jpeg",130,95,true],"full":["https:\/\/diariolanoticia.com.mx\/wp-content\/uploads\/2025\/08\/25-Lleva-UATx-su-programa-La-Universidad-Contigo-a-los-municipios-de-Ixtacuixtla-Tepetitla-y-Nativitas-4.jpeg",1512,1006,false]},"_links":{"self":[{"href":"https:\/\/diariolanoticia.com.mx\/index.php?rest_route=\/wp\/v2\/posts\/129618","targetHints":{"allow":["GET"]}}],"collection":[{"href":"https:\/\/diariolanoticia.com.mx\/index.php?rest_route=\/wp\/v2\/posts"}],"about":[{"href":"https:\/\/diariolanoticia.com.mx\/index.php?rest_route=\/wp\/v2\/types\/post"}],"author":[{"embeddable":true,"href":"https:\/\/diariolanoticia.com.mx\/index.php?rest_route=\/wp\/v2\/users\/1"}],"replies":[{"embeddable":true,"href":"https:\/\/diariolanoticia.com.mx\/index.php?rest_route=%2Fwp%2Fv2%2Fcomments&post=129618"}],"version-history":[{"count":1,"href":"https:\/\/diariolanoticia.com.mx\/index.php?rest_route=\/wp\/v2\/posts\/129618\/revisions"}],"predecessor-version":[{"id":129620,"href":"https:\/\/diariolanoticia.com.mx\/index.php?rest_route=\/wp\/v2\/posts\/129618\/revisions\/129620"}],"wp:featuredmedia":[{"embeddable":true,"href":"https:\/\/diariolanoticia.com.mx\/index.php?rest_route=\/wp\/v2\/media\/129619"}],"wp:attachment":[{"href":"https:\/\/diariolanoticia.com.mx\/index.php?rest_route=%2Fwp%2Fv2%2Fmedia&parent=129618"}],"wp:term":[{"taxonomy":"category","embeddable":true,"href":"https:\/\/diariolanoticia.com.mx\/index.php?rest_route=%2Fwp%2Fv2%2Fcategories&post=129618"},{"taxonomy":"post_tag","embeddable":true,"href":"https:\/\/diariolanoticia.com.mx\/index.php?rest_route=%2Fwp%2Fv2%2Ftags&post=129618"}],"curies":[{"name":"wp","href":"https:\/\/api.w.org\/{rel}","templated":true}]}}