{"id":129627,"date":"2025-08-29T20:53:13","date_gmt":"2025-08-30T02:53:13","guid":{"rendered":"https:\/\/diariolanoticia.com.mx\/?p=129627"},"modified":"2025-08-31T20:53:48","modified_gmt":"2025-09-01T02:53:48","slug":"entrega-rector-primer-ejemplar-de-el-faro-organo-de-difusion-de-la-uatx","status":"publish","type":"post","link":"https:\/\/diariolanoticia.com.mx\/?p=129627","title":{"rendered":"Entrega Rector primer ejemplar de \u00abEl Faro\u00bb, \u00f3rgano de difusi\u00f3n de la UATx"},"content":{"rendered":"\n<p>\u00fc&nbsp;&nbsp;Durante el desarrollo de la sesi\u00f3n del H. Consejo Universitario<\/p>\n\n\n\n<p>Para mantener informada a la comunidad universitaria y a la sociedad en general de las acciones que emprende la Universidad Aut\u00f3noma de Tlaxcala (UATx) en sus funciones sustantivas de docencia, investigaci\u00f3n, extensi\u00f3n de la cultura y autorrealizaci\u00f3n, el Rector, Doctor Seraf\u00edn Ortiz Ortiz, entreg\u00f3 en la sesi\u00f3n del H. Consejo Universitario el peri\u00f3dico \u00abEl Faro\u00bb, en su nueva \u00e9poca.<\/p>\n\n\n\n<p>Con base en las directrices del Programa Institucional de Mejoramiento Acelerado, la Aut\u00f3noma de Tlaxcala cuenta con diferentes mecanismos de difusi\u00f3n para mantener una comunicaci\u00f3n \u00e1gil y oportuna con la comunidad UATx y hacia la sociedad en general.<\/p>\n\n\n\n<p>Ahora, \u00abEl Faro\u00bb se suma a esta din\u00e1mica con un formato accesible y portable que brinda informaci\u00f3n precisa y concisa del acontecer universitario a tono con la intensa actividad que despliega la m\u00e1xima Casa de Estudios de Tlaxcala. La edici\u00f3n est\u00e1 a cargo de la Direcci\u00f3n de Comunicaci\u00f3n Social.&nbsp;<\/p>\n","protected":false},"excerpt":{"rendered":"<p>\u00fc&nbsp;&nbsp;Durante el desarrollo de la sesi\u00f3n del H. Consejo Universitario Para mantener informada a la comunidad universitaria y a la sociedad en general de las acciones que emprende la Universidad Aut\u00f3noma de Tlaxcala (UATx) en sus funciones sustantivas de docencia, investigaci\u00f3n, extensi\u00f3n de la cultura y autorrealizaci\u00f3n, el Rector, Doctor Seraf\u00edn Ortiz Ortiz, entreg\u00f3 en [&hellip;]<\/p>\n","protected":false},"author":1,"featured_media":129628,"comment_status":"open","ping_status":"open","sticky":false,"template":"","format":"standard","meta":{"footnotes":""},"categories":[10],"tags":[],"class_list":["post-129627","post","type-post","status-publish","format-standard","has-post-thumbnail","hentry","category-educacion"],"blog_post_layout_featured_media_urls":{"thumbnail":["https:\/\/diariolanoticia.com.mx\/wp-content\/uploads\/2025\/08\/29-Entrega-Rector-primer-ejemplar-de-El-Faro-organo-de-difusion-de-la-UATx-4-216x160.jpeg",216,160,true],"full":["https:\/\/diariolanoticia.com.mx\/wp-content\/uploads\/2025\/08\/29-Entrega-Rector-primer-ejemplar-de-El-Faro-organo-de-difusion-de-la-UATx-4.jpeg",1600,1066,false]},"categories_names":{"10":{"name":"Educaci\u00f3n","link":"https:\/\/diariolanoticia.com.mx\/?cat=10"}},"tags_names":[],"comments_number":"0","wpmagazine_modules_lite_featured_media_urls":{"thumbnail":["https:\/\/diariolanoticia.com.mx\/wp-content\/uploads\/2025\/08\/29-Entrega-Rector-primer-ejemplar-de-El-Faro-organo-de-difusion-de-la-UATx-4-216x160.jpeg",216,160,true],"cvmm-medium":["https:\/\/diariolanoticia.com.mx\/wp-content\/uploads\/2025\/08\/29-Entrega-Rector-primer-ejemplar-de-El-Faro-organo-de-difusion-de-la-UATx-4-300x300.jpeg",300,300,true],"cvmm-medium-plus":["https:\/\/diariolanoticia.com.mx\/wp-content\/uploads\/2025\/08\/29-Entrega-Rector-primer-ejemplar-de-El-Faro-organo-de-difusion-de-la-UATx-4-305x207.jpeg",305,207,true],"cvmm-portrait":["https:\/\/diariolanoticia.com.mx\/wp-content\/uploads\/2025\/08\/29-Entrega-Rector-primer-ejemplar-de-El-Faro-organo-de-difusion-de-la-UATx-4-400x600.jpeg",400,600,true],"cvmm-medium-square":["https:\/\/diariolanoticia.com.mx\/wp-content\/uploads\/2025\/08\/29-Entrega-Rector-primer-ejemplar-de-El-Faro-organo-de-difusion-de-la-UATx-4-600x600.jpeg",600,600,true],"cvmm-large":["https:\/\/diariolanoticia.com.mx\/wp-content\/uploads\/2025\/08\/29-Entrega-Rector-primer-ejemplar-de-El-Faro-organo-de-difusion-de-la-UATx-4-1024x1024.jpeg",1024,1024,true],"cvmm-small":["https:\/\/diariolanoticia.com.mx\/wp-content\/uploads\/2025\/08\/29-Entrega-Rector-primer-ejemplar-de-El-Faro-organo-de-difusion-de-la-UATx-4-130x95.jpeg",130,95,true],"full":["https:\/\/diariolanoticia.com.mx\/wp-content\/uploads\/2025\/08\/29-Entrega-Rector-primer-ejemplar-de-El-Faro-organo-de-difusion-de-la-UATx-4.jpeg",1600,1066,false]},"_links":{"self":[{"href":"https:\/\/diariolanoticia.com.mx\/index.php?rest_route=\/wp\/v2\/posts\/129627","targetHints":{"allow":["GET"]}}],"collection":[{"href":"https:\/\/diariolanoticia.com.mx\/index.php?rest_route=\/wp\/v2\/posts"}],"about":[{"href":"https:\/\/diariolanoticia.com.mx\/index.php?rest_route=\/wp\/v2\/types\/post"}],"author":[{"embeddable":true,"href":"https:\/\/diariolanoticia.com.mx\/index.php?rest_route=\/wp\/v2\/users\/1"}],"replies":[{"embeddable":true,"href":"https:\/\/diariolanoticia.com.mx\/index.php?rest_route=%2Fwp%2Fv2%2Fcomments&post=129627"}],"version-history":[{"count":1,"href":"https:\/\/diariolanoticia.com.mx\/index.php?rest_route=\/wp\/v2\/posts\/129627\/revisions"}],"predecessor-version":[{"id":129629,"href":"https:\/\/diariolanoticia.com.mx\/index.php?rest_route=\/wp\/v2\/posts\/129627\/revisions\/129629"}],"wp:featuredmedia":[{"embeddable":true,"href":"https:\/\/diariolanoticia.com.mx\/index.php?rest_route=\/wp\/v2\/media\/129628"}],"wp:attachment":[{"href":"https:\/\/diariolanoticia.com.mx\/index.php?rest_route=%2Fwp%2Fv2%2Fmedia&parent=129627"}],"wp:term":[{"taxonomy":"category","embeddable":true,"href":"https:\/\/diariolanoticia.com.mx\/index.php?rest_route=%2Fwp%2Fv2%2Fcategories&post=129627"},{"taxonomy":"post_tag","embeddable":true,"href":"https:\/\/diariolanoticia.com.mx\/index.php?rest_route=%2Fwp%2Fv2%2Ftags&post=129627"}],"curies":[{"name":"wp","href":"https:\/\/api.w.org\/{rel}","templated":true}]}}