{"id":129655,"date":"2025-09-02T20:19:04","date_gmt":"2025-09-03T02:19:04","guid":{"rendered":"https:\/\/diariolanoticia.com.mx\/?p=129655"},"modified":"2025-09-02T20:19:07","modified_gmt":"2025-09-03T02:19:07","slug":"rector-de-la-uatx-participo-en-feria-universitaria-del-libro-en-la-uaeh","status":"publish","type":"post","link":"https:\/\/diariolanoticia.com.mx\/?p=129655","title":{"rendered":"Rector de la UATx particip\u00f3 en Feria Universitaria del Libro en la UAEH"},"content":{"rendered":"\n<p>\u00fc\u00a0\u00a0Present\u00f3 el libro\u00a0\ud835\udc05\ud835\udc2e\ud835\udc27\ud835\udc1d\ud835\udc1a\ud835\udc26\ud835\udc1e\ud835\udc27\ud835\udc2d\ud835\udc28\ud835\udc2c\u00a0\ud835\udc32\u00a0\ud835\udc0e\ud835\udc2b\ud835\udc22\ud835\udc1e\ud835\udc27\ud835\udc2d\ud835\udc1a\ud835\udc1c\ud835\udc22\ud835\udc28\ud835\udc27\ud835\udc1e\ud835\udc2c\u00a0\ud835\udc1d\ud835\udc1e\ud835\udc25\u00a0\ud835\udc0c\ud835\udc28\ud835\udc1d\ud835\udc1e\ud835\udc25\ud835\udc28\u00a0\ud835\udc07\ud835\udc2e\ud835\udc26\ud835\udc1a\ud835\udc27\ud835\udc22\ud835\udc2c\ud835\udc2d\ud835\udc1a\u00a0\ud835\udc08\ud835\udc27\ud835\udc2d\ud835\udc1e\ud835\udc20\ud835\udc2b\ud835\udc1a\ud835\udc1d\ud835\udc28\ud835\udc2b\u00a0\ud835\udc1b\ud835\udc1a\ud835\udc2c\ud835\udc1a\ud835\udc1d\ud835\udc28\u00a0\ud835\udc1e\ud835\udc27\u00a0\ud835\udc02\ud835\udc1a\ud835\udc29\ud835\udc1a\ud835\udc1c\ud835\udc22\ud835\udc1d\ud835\udc1a\ud835\udc1d\ud835\udc1e\ud835\udc2c\u00a0(\ud835\udc0c\ud835\udc07\ud835\udc08\ud835\udc02)<\/p>\n\n\n\n<p>En el marco de la Feria Universitaria del Libro 2025 que organiza la Universidad Aut\u00f3noma del Estado de Hidalgo (UAEH), el Doctor Seraf\u00edn Ortiz Ortiz, Rector de la Universidad Aut\u00f3noma de Tlaxcala (UATx), present\u00f3 el libro&nbsp;\ud835\udc05\ud835\udc2e\ud835\udc27\ud835\udc1d\ud835\udc1a\ud835\udc26\ud835\udc1e\ud835\udc27\ud835\udc2d\ud835\udc28\ud835\udc2c&nbsp;\ud835\udc32&nbsp;\ud835\udc0e\ud835\udc2b\ud835\udc22\ud835\udc1e\ud835\udc27\ud835\udc2d\ud835\udc1a\ud835\udc1c\ud835\udc22\ud835\udc28\ud835\udc27\ud835\udc1e\ud835\udc2c&nbsp;\ud835\udc1d\ud835\udc1e\ud835\udc25&nbsp;\ud835\udc0c\ud835\udc28\ud835\udc1d\ud835\udc1e\ud835\udc25\ud835\udc28&nbsp;\ud835\udc07\ud835\udc2e\ud835\udc26\ud835\udc1a\ud835\udc27\ud835\udc22\ud835\udc2c\ud835\udc2d\ud835\udc1a&nbsp;\ud835\udc08\ud835\udc27\ud835\udc2d\ud835\udc1e\ud835\udc20\ud835\udc2b\ud835\udc1a\ud835\udc1d\ud835\udc28\ud835\udc2b&nbsp;\ud835\udc1b\ud835\udc1a\ud835\udc2c\ud835\udc1a\ud835\udc1d\ud835\udc28&nbsp;\ud835\udc1e\ud835\udc27&nbsp;\ud835\udc02\ud835\udc1a\ud835\udc29\ud835\udc1a\ud835\udc1c\ud835\udc22\ud835\udc1d\ud835\udc1a\ud835\udc1d\ud835\udc1e\ud835\udc2c&nbsp;(\ud835\udc0c\ud835\udc07\ud835\udc08\ud835\udc02).<\/p>\n\n\n\n<p>En el Auditorio \u00abJosefina Garc\u00eda Quintanar\u00bb del Poliforum \u00abCarlos Mart\u00ednez Balmori\u00bb, el Doctor Seraf\u00edn Ortiz estuvo acompa\u00f1ado por su hom\u00f3logo, el Doctor Octavio Castillo Acosta, Rector de la UAEH, y por el Licenciado Marco Antonio Alfaro Morales, Presidente de la Feria Universitaria del Libro.<\/p>\n\n\n\n<p>Ante estudiantes y acad\u00e9micos de la UAEH, el Doctor Ortiz expuso las principales caracter\u00edsticas del MHIC y c\u00f3mo su implementaci\u00f3n ha transformado la pr\u00e1ctica educativa en el aula, al integrar la teor\u00eda y la pr\u00e1ctica, afianzando una estrecha vinculaci\u00f3n con la sociedad, ubicando al estudiante como un agente transformador de las circunstancias de la colectividad.<\/p>\n\n\n\n<p>Adem\u00e1s, se\u00f1al\u00f3 las coincidencias que existen entre el modelo educativo de la Aut\u00f3noma de Tlaxcala y el Sistema de Evaluaci\u00f3n y Acreditaci\u00f3n de la Educaci\u00f3n Superior (SEAES), con \u00e9nfasis en la autorrealizaci\u00f3n como el eje que est\u00e1 presente en la innovaci\u00f3n, excelencia, interculturalidad, igualdad social y de g\u00e9nero, responsabilidad social, inclusi\u00f3n y vanguardia, los cuales son coincidentes con los caracteres del homo universitatis.<\/p>\n\n\n\n<p>En entrevista con SUMA TV de la Aut\u00f3noma del Estado de Hidalgo, el Doctor Ortiz Ortiz precis\u00f3 que el libro&nbsp;\ud835\udc05\ud835\udc2e\ud835\udc27\ud835\udc1d\ud835\udc1a\ud835\udc26\ud835\udc1e\ud835\udc27\ud835\udc2d\ud835\udc28\ud835\udc2c&nbsp;\ud835\udc32&nbsp;\ud835\udc0e\ud835\udc2b\ud835\udc22\ud835\udc1e\ud835\udc27\ud835\udc2d\ud835\udc1a\ud835\udc1c\ud835\udc22\ud835\udc28\ud835\udc27\ud835\udc1e\ud835\udc2c&nbsp;\ud835\udc1d\ud835\udc1e\ud835\udc25&nbsp;\ud835\udc0c\ud835\udc28\ud835\udc1d\ud835\udc1e\ud835\udc25\ud835\udc28&nbsp;\ud835\udc07\ud835\udc2e\ud835\udc26\ud835\udc1a\ud835\udc27\ud835\udc22\ud835\udc2c\ud835\udc2d\ud835\udc1a&nbsp;\ud835\udc08\ud835\udc27\ud835\udc2d\ud835\udc1e\ud835\udc20\ud835\udc2b\ud835\udc1a\ud835\udc1d\ud835\udc28\ud835\udc2b&nbsp;\ud835\udc1b\ud835\udc1a\ud835\udc2c\ud835\udc1a\ud835\udc1d\ud835\udc28&nbsp;\ud835\udc1e\ud835\udc27&nbsp;\ud835\udc02\ud835\udc1a\ud835\udc29\ud835\udc1a\ud835\udc1c\ud835\udc22\ud835\udc1d\ud835\udc1a\ud835\udc1d\ud835\udc1e\ud835\udc2c&nbsp;(\ud835\udc0c\ud835\udc07\ud835\udc08\ud835\udc02)se direcciona a la vida universitaria, a la formaci\u00f3n de estudiantes para tratar de conformar una personalidad del sujeto que despu\u00e9s de su trayectoria universitaria, se convierte en el homo universitatis con una personalidad distinta.<\/p>\n\n\n\n<p>El libro Fundamentos y Orientaciones del Modelo Humanista Integrador basado en Capacidades (MHIC), es de la coautor\u00eda del Doctor Seraf\u00edn Ortiz y el Doctor \u00c1ngel D\u00edaz Barriga, Investigador Em\u00e9rito y Coordinador del Centro de Investigaci\u00f3n Educativa.<\/p>\n","protected":false},"excerpt":{"rendered":"<p>\u00fc\u00a0\u00a0Present\u00f3 el libro\u00a0\ud835\udc05\ud835\udc2e\ud835\udc27\ud835\udc1d\ud835\udc1a\ud835\udc26\ud835\udc1e\ud835\udc27\ud835\udc2d\ud835\udc28\ud835\udc2c\u00a0\ud835\udc32\u00a0\ud835\udc0e\ud835\udc2b\ud835\udc22\ud835\udc1e\ud835\udc27\ud835\udc2d\ud835\udc1a\ud835\udc1c\ud835\udc22\ud835\udc28\ud835\udc27\ud835\udc1e\ud835\udc2c\u00a0\ud835\udc1d\ud835\udc1e\ud835\udc25\u00a0\ud835\udc0c\ud835\udc28\ud835\udc1d\ud835\udc1e\ud835\udc25\ud835\udc28\u00a0\ud835\udc07\ud835\udc2e\ud835\udc26\ud835\udc1a\ud835\udc27\ud835\udc22\ud835\udc2c\ud835\udc2d\ud835\udc1a\u00a0\ud835\udc08\ud835\udc27\ud835\udc2d\ud835\udc1e\ud835\udc20\ud835\udc2b\ud835\udc1a\ud835\udc1d\ud835\udc28\ud835\udc2b\u00a0\ud835\udc1b\ud835\udc1a\ud835\udc2c\ud835\udc1a\ud835\udc1d\ud835\udc28\u00a0\ud835\udc1e\ud835\udc27\u00a0\ud835\udc02\ud835\udc1a\ud835\udc29\ud835\udc1a\ud835\udc1c\ud835\udc22\ud835\udc1d\ud835\udc1a\ud835\udc1d\ud835\udc1e\ud835\udc2c\u00a0(\ud835\udc0c\ud835\udc07\ud835\udc08\ud835\udc02) En el marco de la Feria Universitaria del Libro 2025 que organiza la Universidad Aut\u00f3noma del Estado de Hidalgo (UAEH), el Doctor Seraf\u00edn Ortiz Ortiz, Rector de la Universidad Aut\u00f3noma de Tlaxcala (UATx), present\u00f3 el libro&nbsp;\ud835\udc05\ud835\udc2e\ud835\udc27\ud835\udc1d\ud835\udc1a\ud835\udc26\ud835\udc1e\ud835\udc27\ud835\udc2d\ud835\udc28\ud835\udc2c&nbsp;\ud835\udc32&nbsp;\ud835\udc0e\ud835\udc2b\ud835\udc22\ud835\udc1e\ud835\udc27\ud835\udc2d\ud835\udc1a\ud835\udc1c\ud835\udc22\ud835\udc28\ud835\udc27\ud835\udc1e\ud835\udc2c&nbsp;\ud835\udc1d\ud835\udc1e\ud835\udc25&nbsp;\ud835\udc0c\ud835\udc28\ud835\udc1d\ud835\udc1e\ud835\udc25\ud835\udc28&nbsp;\ud835\udc07\ud835\udc2e\ud835\udc26\ud835\udc1a\ud835\udc27\ud835\udc22\ud835\udc2c\ud835\udc2d\ud835\udc1a&nbsp;\ud835\udc08\ud835\udc27\ud835\udc2d\ud835\udc1e\ud835\udc20\ud835\udc2b\ud835\udc1a\ud835\udc1d\ud835\udc28\ud835\udc2b&nbsp;\ud835\udc1b\ud835\udc1a\ud835\udc2c\ud835\udc1a\ud835\udc1d\ud835\udc28&nbsp;\ud835\udc1e\ud835\udc27&nbsp;\ud835\udc02\ud835\udc1a\ud835\udc29\ud835\udc1a\ud835\udc1c\ud835\udc22\ud835\udc1d\ud835\udc1a\ud835\udc1d\ud835\udc1e\ud835\udc2c&nbsp;(\ud835\udc0c\ud835\udc07\ud835\udc08\ud835\udc02). En el Auditorio \u00abJosefina Garc\u00eda Quintanar\u00bb del Poliforum \u00abCarlos Mart\u00ednez Balmori\u00bb, el Doctor Seraf\u00edn Ortiz estuvo [&hellip;]<\/p>\n","protected":false},"author":1,"featured_media":129656,"comment_status":"open","ping_status":"open","sticky":false,"template":"","format":"standard","meta":{"footnotes":""},"categories":[10],"tags":[],"class_list":["post-129655","post","type-post","status-publish","format-standard","has-post-thumbnail","hentry","category-educacion"],"blog_post_layout_featured_media_urls":{"thumbnail":["https:\/\/diariolanoticia.com.mx\/wp-content\/uploads\/2025\/09\/2-Rector-de-la-UATx-participo-en-Feria-Universitaria-del-Libro-en-la-UAEH-4-216x160.jpeg",216,160,true],"full":["https:\/\/diariolanoticia.com.mx\/wp-content\/uploads\/2025\/09\/2-Rector-de-la-UATx-participo-en-Feria-Universitaria-del-Libro-en-la-UAEH-4.jpeg",1280,853,false]},"categories_names":{"10":{"name":"Educaci\u00f3n","link":"https:\/\/diariolanoticia.com.mx\/?cat=10"}},"tags_names":[],"comments_number":"0","wpmagazine_modules_lite_featured_media_urls":{"thumbnail":["https:\/\/diariolanoticia.com.mx\/wp-content\/uploads\/2025\/09\/2-Rector-de-la-UATx-participo-en-Feria-Universitaria-del-Libro-en-la-UAEH-4-216x160.jpeg",216,160,true],"cvmm-medium":["https:\/\/diariolanoticia.com.mx\/wp-content\/uploads\/2025\/09\/2-Rector-de-la-UATx-participo-en-Feria-Universitaria-del-Libro-en-la-UAEH-4-300x300.jpeg",300,300,true],"cvmm-medium-plus":["https:\/\/diariolanoticia.com.mx\/wp-content\/uploads\/2025\/09\/2-Rector-de-la-UATx-participo-en-Feria-Universitaria-del-Libro-en-la-UAEH-4-305x207.jpeg",305,207,true],"cvmm-portrait":["https:\/\/diariolanoticia.com.mx\/wp-content\/uploads\/2025\/09\/2-Rector-de-la-UATx-participo-en-Feria-Universitaria-del-Libro-en-la-UAEH-4-400x600.jpeg",400,600,true],"cvmm-medium-square":["https:\/\/diariolanoticia.com.mx\/wp-content\/uploads\/2025\/09\/2-Rector-de-la-UATx-participo-en-Feria-Universitaria-del-Libro-en-la-UAEH-4-600x600.jpeg",600,600,true],"cvmm-large":["https:\/\/diariolanoticia.com.mx\/wp-content\/uploads\/2025\/09\/2-Rector-de-la-UATx-participo-en-Feria-Universitaria-del-Libro-en-la-UAEH-4-1024x853.jpeg",1024,853,true],"cvmm-small":["https:\/\/diariolanoticia.com.mx\/wp-content\/uploads\/2025\/09\/2-Rector-de-la-UATx-participo-en-Feria-Universitaria-del-Libro-en-la-UAEH-4-130x95.jpeg",130,95,true],"full":["https:\/\/diariolanoticia.com.mx\/wp-content\/uploads\/2025\/09\/2-Rector-de-la-UATx-participo-en-Feria-Universitaria-del-Libro-en-la-UAEH-4.jpeg",1280,853,false]},"_links":{"self":[{"href":"https:\/\/diariolanoticia.com.mx\/index.php?rest_route=\/wp\/v2\/posts\/129655","targetHints":{"allow":["GET"]}}],"collection":[{"href":"https:\/\/diariolanoticia.com.mx\/index.php?rest_route=\/wp\/v2\/posts"}],"about":[{"href":"https:\/\/diariolanoticia.com.mx\/index.php?rest_route=\/wp\/v2\/types\/post"}],"author":[{"embeddable":true,"href":"https:\/\/diariolanoticia.com.mx\/index.php?rest_route=\/wp\/v2\/users\/1"}],"replies":[{"embeddable":true,"href":"https:\/\/diariolanoticia.com.mx\/index.php?rest_route=%2Fwp%2Fv2%2Fcomments&post=129655"}],"version-history":[{"count":1,"href":"https:\/\/diariolanoticia.com.mx\/index.php?rest_route=\/wp\/v2\/posts\/129655\/revisions"}],"predecessor-version":[{"id":129657,"href":"https:\/\/diariolanoticia.com.mx\/index.php?rest_route=\/wp\/v2\/posts\/129655\/revisions\/129657"}],"wp:featuredmedia":[{"embeddable":true,"href":"https:\/\/diariolanoticia.com.mx\/index.php?rest_route=\/wp\/v2\/media\/129656"}],"wp:attachment":[{"href":"https:\/\/diariolanoticia.com.mx\/index.php?rest_route=%2Fwp%2Fv2%2Fmedia&parent=129655"}],"wp:term":[{"taxonomy":"category","embeddable":true,"href":"https:\/\/diariolanoticia.com.mx\/index.php?rest_route=%2Fwp%2Fv2%2Fcategories&post=129655"},{"taxonomy":"post_tag","embeddable":true,"href":"https:\/\/diariolanoticia.com.mx\/index.php?rest_route=%2Fwp%2Fv2%2Ftags&post=129655"}],"curies":[{"name":"wp","href":"https:\/\/api.w.org\/{rel}","templated":true}]}}