{"id":129658,"date":"2025-09-02T20:21:35","date_gmt":"2025-09-03T02:21:35","guid":{"rendered":"https:\/\/diariolanoticia.com.mx\/?p=129658"},"modified":"2025-09-02T20:21:38","modified_gmt":"2025-09-03T02:21:38","slug":"ever-campech-continua-al-frente-de-la-jccp-con-el-respaldo-unanime-de-las-y-los-diputados","status":"publish","type":"post","link":"https:\/\/diariolanoticia.com.mx\/?p=129658","title":{"rendered":"Ever Campech contin\u00faa al frente de la JCCP con el respaldo un\u00e1nime de las y los diputados"},"content":{"rendered":"\n<p>\u00b7&nbsp;&nbsp;&nbsp;&nbsp;&nbsp;&nbsp;&nbsp;&nbsp;&nbsp;<em>El diputado Vicente Morales P\u00e9rez seguir\u00e1 al frente del Comit\u00e9 de Administraci\u00f3n.<\/em><\/p>\n\n\n\n<p>Diputadas y diputados integrantes de la LXV Legislatura eligieron al diputado Ever Alejandro Campech Avelar, como presidente de la Junta de Coordinaci\u00f3n y Concertaci\u00f3n Pol\u00edtica (JCCP), y al diputado Vicente Morales P\u00e9rez como presidente del Comit\u00e9 de Administraci\u00f3n, seg\u00fan lo establecido en los art\u00edculos 65 y 73 de la Ley Org\u00e1nica del Poder Legislativo del Estado de Tlaxcala.<\/p>\n\n\n\n<p>Durante la primera sesi\u00f3n ordinaria se dio lectura a los oficios de cada grupo parlamentario, por el que dieron a conocer el nombramiento o ratificaci\u00f3n de sus respectivos coordinadores y representantes de partido para el segundo a\u00f1o de ejercicio legal, quienes integrar\u00e1n la Junta de Coordinaci\u00f3n y Concertaci\u00f3n Pol\u00edtica del Congreso del Estado<\/p>\n\n\n\n<p>Los coordinadores de los grupos parlamentarios son los siguientes legisladores: Ever Alejandro Campech Avelar, coordinador del grupo parlamentario de Morena; Jaciel Gonz\u00e1lez Herrera, coordinador del grupo parlamentario del Partido Verde Ecologista de M\u00e9xico; Bladimir Zainos Flores, coordinador del grupo parlamentario de Nueva Alianza Tlaxcala y Silvano Garay Ulloa, coordinador del Partido del Trabajo.<\/p>\n\n\n\n<p>Los representantes de los partidos son las y el diputado, Laura Yamili Flores Lozano, representante del Partido de la Revoluci\u00f3n Democr\u00e1tica Tlaxcala; Reyna Flor B\u00e1ez Lozano, del partido Fuerza por M\u00e9xico Tlaxcala; Mar\u00eda Aurora Villeda Temoltzin, de Redes Sociales Progresistas Tlaxcala; Miriam Esmeralda Mart\u00ednez S\u00e1nchez, del Partido Acci\u00f3n Nacional; H\u00e9ctor Israel Ortiz Ortiz, del Partido Alianza Ciudadana; y Sandra Guadalupe Aguilar Vega, del Partido Revolucionario Institucional.<\/p>\n\n\n\n<p>Se destac\u00f3 que el Partido de la Revoluci\u00f3n Democr\u00e1tica Tlaxcala comunic\u00f3 la disoluci\u00f3n de su grupo parlamentario mediante oficio remitido a la presidencia de la Mesa Directiva. En consecuencia, la diputada Maribel Le\u00f3n Cruz notific\u00f3 la abrogaci\u00f3n de los acuerdos de fecha 30 de agosto y 15 de octubre de 2024, relacionados con la integraci\u00f3n de dicho grupo parlamentario, la designaci\u00f3n de su coordinador y la representaci\u00f3n de partido ante el Comit\u00e9 de Administraci\u00f3n.<\/p>\n\n\n\n<p>Por otra parte, el Comit\u00e9 de Administraci\u00f3n estar\u00e1 presidido por el diputado Vicente Morales P\u00e9rez, y se integra por las diputadas Maribel Le\u00f3n Cruz, Engracia Morales Delgado y Maribel Cervantes Hern\u00e1ndez. Conforme al procedimiento legislativo, se instruy\u00f3 a la Secretar\u00eda Parlamentaria para remitir el acuerdo al titular del Poder Ejecutivo y proceder a su publicaci\u00f3n.<\/p>\n","protected":false},"excerpt":{"rendered":"<p>\u00b7&nbsp;&nbsp;&nbsp;&nbsp;&nbsp;&nbsp;&nbsp;&nbsp;&nbsp;El diputado Vicente Morales P\u00e9rez seguir\u00e1 al frente del Comit\u00e9 de Administraci\u00f3n. Diputadas y diputados integrantes de la LXV Legislatura eligieron al diputado Ever Alejandro Campech Avelar, como presidente de la Junta de Coordinaci\u00f3n y Concertaci\u00f3n Pol\u00edtica (JCCP), y al diputado Vicente Morales P\u00e9rez como presidente del Comit\u00e9 de Administraci\u00f3n, seg\u00fan lo establecido en los [&hellip;]<\/p>\n","protected":false},"author":1,"featured_media":129659,"comment_status":"open","ping_status":"open","sticky":false,"template":"","format":"standard","meta":{"footnotes":""},"categories":[22],"tags":[],"class_list":["post-129658","post","type-post","status-publish","format-standard","has-post-thumbnail","hentry","category-congreso"],"blog_post_layout_featured_media_urls":{"thumbnail":["https:\/\/diariolanoticia.com.mx\/wp-content\/uploads\/2025\/09\/0b86aeb8-cf39-447f-b778-6810d81452b3-216x160.jpg",216,160,true],"full":["https:\/\/diariolanoticia.com.mx\/wp-content\/uploads\/2025\/09\/0b86aeb8-cf39-447f-b778-6810d81452b3.jpg",1616,1080,false]},"categories_names":{"22":{"name":"Congreso","link":"https:\/\/diariolanoticia.com.mx\/?cat=22"}},"tags_names":[],"comments_number":"0","wpmagazine_modules_lite_featured_media_urls":{"thumbnail":["https:\/\/diariolanoticia.com.mx\/wp-content\/uploads\/2025\/09\/0b86aeb8-cf39-447f-b778-6810d81452b3-216x160.jpg",216,160,true],"cvmm-medium":["https:\/\/diariolanoticia.com.mx\/wp-content\/uploads\/2025\/09\/0b86aeb8-cf39-447f-b778-6810d81452b3-300x300.jpg",300,300,true],"cvmm-medium-plus":["https:\/\/diariolanoticia.com.mx\/wp-content\/uploads\/2025\/09\/0b86aeb8-cf39-447f-b778-6810d81452b3-305x207.jpg",305,207,true],"cvmm-portrait":["https:\/\/diariolanoticia.com.mx\/wp-content\/uploads\/2025\/09\/0b86aeb8-cf39-447f-b778-6810d81452b3-400x600.jpg",400,600,true],"cvmm-medium-square":["https:\/\/diariolanoticia.com.mx\/wp-content\/uploads\/2025\/09\/0b86aeb8-cf39-447f-b778-6810d81452b3-600x600.jpg",600,600,true],"cvmm-large":["https:\/\/diariolanoticia.com.mx\/wp-content\/uploads\/2025\/09\/0b86aeb8-cf39-447f-b778-6810d81452b3-1024x1024.jpg",1024,1024,true],"cvmm-small":["https:\/\/diariolanoticia.com.mx\/wp-content\/uploads\/2025\/09\/0b86aeb8-cf39-447f-b778-6810d81452b3-130x95.jpg",130,95,true],"full":["https:\/\/diariolanoticia.com.mx\/wp-content\/uploads\/2025\/09\/0b86aeb8-cf39-447f-b778-6810d81452b3.jpg",1616,1080,false]},"_links":{"self":[{"href":"https:\/\/diariolanoticia.com.mx\/index.php?rest_route=\/wp\/v2\/posts\/129658","targetHints":{"allow":["GET"]}}],"collection":[{"href":"https:\/\/diariolanoticia.com.mx\/index.php?rest_route=\/wp\/v2\/posts"}],"about":[{"href":"https:\/\/diariolanoticia.com.mx\/index.php?rest_route=\/wp\/v2\/types\/post"}],"author":[{"embeddable":true,"href":"https:\/\/diariolanoticia.com.mx\/index.php?rest_route=\/wp\/v2\/users\/1"}],"replies":[{"embeddable":true,"href":"https:\/\/diariolanoticia.com.mx\/index.php?rest_route=%2Fwp%2Fv2%2Fcomments&post=129658"}],"version-history":[{"count":1,"href":"https:\/\/diariolanoticia.com.mx\/index.php?rest_route=\/wp\/v2\/posts\/129658\/revisions"}],"predecessor-version":[{"id":129660,"href":"https:\/\/diariolanoticia.com.mx\/index.php?rest_route=\/wp\/v2\/posts\/129658\/revisions\/129660"}],"wp:featuredmedia":[{"embeddable":true,"href":"https:\/\/diariolanoticia.com.mx\/index.php?rest_route=\/wp\/v2\/media\/129659"}],"wp:attachment":[{"href":"https:\/\/diariolanoticia.com.mx\/index.php?rest_route=%2Fwp%2Fv2%2Fmedia&parent=129658"}],"wp:term":[{"taxonomy":"category","embeddable":true,"href":"https:\/\/diariolanoticia.com.mx\/index.php?rest_route=%2Fwp%2Fv2%2Fcategories&post=129658"},{"taxonomy":"post_tag","embeddable":true,"href":"https:\/\/diariolanoticia.com.mx\/index.php?rest_route=%2Fwp%2Fv2%2Ftags&post=129658"}],"curies":[{"name":"wp","href":"https:\/\/api.w.org\/{rel}","templated":true}]}}