{"id":129665,"date":"2025-09-01T20:31:23","date_gmt":"2025-09-02T02:31:23","guid":{"rendered":"https:\/\/diariolanoticia.com.mx\/?p=129665"},"modified":"2025-09-02T20:32:11","modified_gmt":"2025-09-03T02:32:11","slug":"la-uatx-contribuye-a-entender-y-mejor-la-vida-de-personas-mayores-desde-la-gerontologia-social","status":"publish","type":"post","link":"https:\/\/diariolanoticia.com.mx\/?p=129665","title":{"rendered":"La UATx contribuye a entender y mejor la vida de personas mayores desde la Gerontolog\u00eda Social"},"content":{"rendered":"\n<p>\u00fc&nbsp;&nbsp;La FCDH conmemora el D\u00eda Nacional del Geront\u00f3logo<\/p>\n\n\n\n<p>Estudiantes de las licenciaturas en Gerontolog\u00eda Social y Pedagog\u00eda Gerontol\u00f3gica participaron en las actividades denominadas \u00abTraves\u00eda gerontol\u00f3gica: celebrando nuestra esencia profesional, que lleva a cabo la Facultad de Ciencias para el Desarrollo Humano de la Universidad Aut\u00f3noma de Tlaxcala (FCDH-UATx) para conmemorar el D\u00eda Nacional del Geront\u00f3logo.<\/p>\n\n\n\n<p>En el Aula Magna \u00abRa\u00fal Jim\u00e9nez Guill\u00e9n\u00bb, la Maestra Susana Corona Ordaz, Coordinadora de la Licenciatura en Gerontolog\u00eda Social, refiri\u00f3 que dicha actividad,&nbsp; desde una perspectiva de la identidad y la vocaci\u00f3n, busca que los educandos vivan su profesi\u00f3n y lo que es el campo pr\u00e1ctico profesional a partir de su formaci\u00f3n bajo la filosof\u00eda del Modelo Humanista Integrador basado en Capacidades, considerando que esta disciplina centra su estudio en la edad, la vejez y el envejecimiento de las personas mayores.<\/p>\n\n\n\n<p>Expuso que este profesional se desempe\u00f1a desde un enfoque multi e interdisciplinar para acompa\u00f1ar a las personas mayores en el desarrollo de capacidades, toda vez que el reto al que se enfrenta la Gerontolog\u00eda es el de eliminar las sociopatolog\u00edas que conducen a ver a la vejez como un estorbo.<\/p>\n\n\n\n<p>De igual forma, indic\u00f3 que desde primer semestre los estudiantes que se forman en este programa tienen contacto con las personas mayores en diferentes comunidades e instituciones, con las cuales sostienen convenios para la realizaci\u00f3n del servicio social y pr\u00e1cticas profesionales, actividades que les permiten conocer las diferentes vejeces y desarrollar proyectos para brindar una mejor atenci\u00f3n a este sector de la poblaci\u00f3n y contribuir a una mejor su calidad de vida.<\/p>\n\n\n\n<p>La docente asegur\u00f3 que es necesario trabajar en las pol\u00edticas p\u00fablicas dirigidas a las personas mayores para que deje de verse de manera patologizada al envejecimiento, por ello, Desarrollo Humano se ha dado a la tarea de brindar capacitaci\u00f3n a personal del Sistema DIF en su niveles estatal y municipal para que cambie su visi\u00f3n acerca del envejecimiento.<\/p>\n\n\n\n<p>Como parte de la celebraci\u00f3n por el D\u00eda del Geront\u00f3logo, la egresada Denis Temiza Meneses comparti\u00f3 con los educandos su experiencia&nbsp; en esta&nbsp; disciplina del saber&nbsp; y la oportunidad que tiene para cursar una maestr\u00eda en la Universidad P\u00fablica de Andaluc\u00eda, Espa\u00f1a, al obtener una beca en la Fundaci\u00f3n Carolina y la Asociaci\u00f3n Universitaria Iberoamericana de Posgrado, lo que le permitir\u00e1 ahondar en el estudio de personas con depresi\u00f3n o problemas cognitivos mediante la intervenci\u00f3n de animales.<\/p>\n","protected":false},"excerpt":{"rendered":"<p>\u00fc&nbsp;&nbsp;La FCDH conmemora el D\u00eda Nacional del Geront\u00f3logo Estudiantes de las licenciaturas en Gerontolog\u00eda Social y Pedagog\u00eda Gerontol\u00f3gica participaron en las actividades denominadas \u00abTraves\u00eda gerontol\u00f3gica: celebrando nuestra esencia profesional, que lleva a cabo la Facultad de Ciencias para el Desarrollo Humano de la Universidad Aut\u00f3noma de Tlaxcala (FCDH-UATx) para conmemorar el D\u00eda Nacional del Geront\u00f3logo. [&hellip;]<\/p>\n","protected":false},"author":1,"featured_media":129666,"comment_status":"open","ping_status":"open","sticky":false,"template":"","format":"standard","meta":{"footnotes":""},"categories":[10],"tags":[],"class_list":["post-129665","post","type-post","status-publish","format-standard","has-post-thumbnail","hentry","category-educacion"],"blog_post_layout_featured_media_urls":{"thumbnail":["https:\/\/diariolanoticia.com.mx\/wp-content\/uploads\/2025\/09\/1-La-UATx-contribuye-a-entender-y-mejor-la-vida-de-personas-mayores-desde-la-Gerontologia-Social-2-216x160.jpeg",216,160,true],"full":["https:\/\/diariolanoticia.com.mx\/wp-content\/uploads\/2025\/09\/1-La-UATx-contribuye-a-entender-y-mejor-la-vida-de-personas-mayores-desde-la-Gerontologia-Social-2.jpeg",1600,1066,false]},"categories_names":{"10":{"name":"Educaci\u00f3n","link":"https:\/\/diariolanoticia.com.mx\/?cat=10"}},"tags_names":[],"comments_number":"0","wpmagazine_modules_lite_featured_media_urls":{"thumbnail":["https:\/\/diariolanoticia.com.mx\/wp-content\/uploads\/2025\/09\/1-La-UATx-contribuye-a-entender-y-mejor-la-vida-de-personas-mayores-desde-la-Gerontologia-Social-2-216x160.jpeg",216,160,true],"cvmm-medium":["https:\/\/diariolanoticia.com.mx\/wp-content\/uploads\/2025\/09\/1-La-UATx-contribuye-a-entender-y-mejor-la-vida-de-personas-mayores-desde-la-Gerontologia-Social-2-300x300.jpeg",300,300,true],"cvmm-medium-plus":["https:\/\/diariolanoticia.com.mx\/wp-content\/uploads\/2025\/09\/1-La-UATx-contribuye-a-entender-y-mejor-la-vida-de-personas-mayores-desde-la-Gerontologia-Social-2-305x207.jpeg",305,207,true],"cvmm-portrait":["https:\/\/diariolanoticia.com.mx\/wp-content\/uploads\/2025\/09\/1-La-UATx-contribuye-a-entender-y-mejor-la-vida-de-personas-mayores-desde-la-Gerontologia-Social-2-400x600.jpeg",400,600,true],"cvmm-medium-square":["https:\/\/diariolanoticia.com.mx\/wp-content\/uploads\/2025\/09\/1-La-UATx-contribuye-a-entender-y-mejor-la-vida-de-personas-mayores-desde-la-Gerontologia-Social-2-600x600.jpeg",600,600,true],"cvmm-large":["https:\/\/diariolanoticia.com.mx\/wp-content\/uploads\/2025\/09\/1-La-UATx-contribuye-a-entender-y-mejor-la-vida-de-personas-mayores-desde-la-Gerontologia-Social-2-1024x1024.jpeg",1024,1024,true],"cvmm-small":["https:\/\/diariolanoticia.com.mx\/wp-content\/uploads\/2025\/09\/1-La-UATx-contribuye-a-entender-y-mejor-la-vida-de-personas-mayores-desde-la-Gerontologia-Social-2-130x95.jpeg",130,95,true],"full":["https:\/\/diariolanoticia.com.mx\/wp-content\/uploads\/2025\/09\/1-La-UATx-contribuye-a-entender-y-mejor-la-vida-de-personas-mayores-desde-la-Gerontologia-Social-2.jpeg",1600,1066,false]},"_links":{"self":[{"href":"https:\/\/diariolanoticia.com.mx\/index.php?rest_route=\/wp\/v2\/posts\/129665","targetHints":{"allow":["GET"]}}],"collection":[{"href":"https:\/\/diariolanoticia.com.mx\/index.php?rest_route=\/wp\/v2\/posts"}],"about":[{"href":"https:\/\/diariolanoticia.com.mx\/index.php?rest_route=\/wp\/v2\/types\/post"}],"author":[{"embeddable":true,"href":"https:\/\/diariolanoticia.com.mx\/index.php?rest_route=\/wp\/v2\/users\/1"}],"replies":[{"embeddable":true,"href":"https:\/\/diariolanoticia.com.mx\/index.php?rest_route=%2Fwp%2Fv2%2Fcomments&post=129665"}],"version-history":[{"count":1,"href":"https:\/\/diariolanoticia.com.mx\/index.php?rest_route=\/wp\/v2\/posts\/129665\/revisions"}],"predecessor-version":[{"id":129667,"href":"https:\/\/diariolanoticia.com.mx\/index.php?rest_route=\/wp\/v2\/posts\/129665\/revisions\/129667"}],"wp:featuredmedia":[{"embeddable":true,"href":"https:\/\/diariolanoticia.com.mx\/index.php?rest_route=\/wp\/v2\/media\/129666"}],"wp:attachment":[{"href":"https:\/\/diariolanoticia.com.mx\/index.php?rest_route=%2Fwp%2Fv2%2Fmedia&parent=129665"}],"wp:term":[{"taxonomy":"category","embeddable":true,"href":"https:\/\/diariolanoticia.com.mx\/index.php?rest_route=%2Fwp%2Fv2%2Fcategories&post=129665"},{"taxonomy":"post_tag","embeddable":true,"href":"https:\/\/diariolanoticia.com.mx\/index.php?rest_route=%2Fwp%2Fv2%2Ftags&post=129665"}],"curies":[{"name":"wp","href":"https:\/\/api.w.org\/{rel}","templated":true}]}}