{"id":129668,"date":"2025-09-01T20:33:35","date_gmt":"2025-09-02T02:33:35","guid":{"rendered":"https:\/\/diariolanoticia.com.mx\/?p=129668"},"modified":"2025-09-02T20:33:55","modified_gmt":"2025-09-03T02:33:55","slug":"estreno-ftssyp-uatx-la-obra-me-avisas-cuando-llegues","status":"publish","type":"post","link":"https:\/\/diariolanoticia.com.mx\/?p=129668","title":{"rendered":"Estren\u00f3 FTSSyP UATx la obra \u00abMe avisas cuando llegues\u00bb"},"content":{"rendered":"\n<p>\u00fc&nbsp;&nbsp;Una forma de sensibilizar sobre la situaci\u00f3n que enfrentan las v\u00edctimas de desapariciones forzadas<\/p>\n\n\n\n<p>Desde la Universidad estamos formando a hombres y mujeres de bien, emp\u00e1ticos con el dolor de las v\u00edctimas de desaparici\u00f3n forzada, subray\u00f3 el Doctor Seraf\u00edn Ortiz Ortiz, Rector de la Universidad Aut\u00f3noma de Tlaxcala (UATx), durante la presentaci\u00f3n de la obra teatral&nbsp;<strong>Me avisas cuando llegues<\/strong>, a cargo de&nbsp;\ud835\udc04\ud835\udc2c\ud835\udc29\ud835\udc1e\ud835\udc1c\ud835\udc2d\ud835\udc00\ud835\udc1c\ud835\udc2d\ud835\udc28\ud835\udc2b\ud835\udc1e\ud835\udc2c,&nbsp;\ud835\udc02\ud835\udc28\ud835\udc26\ud835\udc29\ud835\udc1a\ud835\udc27\u0303\ud835\udc22\u0301\ud835\udc1a&nbsp;\ud835\udc1d\ud835\udc1e&nbsp;\ud835\udc13\ud835\udc1e\ud835\udc1a\ud835\udc2d\ud835\udc2b\ud835\udc28&nbsp;\ud835\udc22\ud835\udc27\ud835\udc2d\ud835\udc1e\ud835\udc2b\ud835\udc2f\ud835\udc1e\ud835\udc27\ud835\udc1c\ud835\udc22\ud835\udc28\u0301\ud835\udc27&nbsp;\ud835\udc1d\ud835\udc1e&nbsp;\ud835\udc25\ud835\udc1a&nbsp;\ud835\udc05\ud835\udc1a\ud835\udc1c\ud835\udc2e\ud835\udc25\ud835\udc2d\ud835\udc1a\ud835\udc1d&nbsp;\ud835\udc1d\ud835\udc1e&nbsp;\ud835\udc13\ud835\udc2b\ud835\udc1a\ud835\udc1b\ud835\udc1a\ud835\udc23\ud835\udc28&nbsp;\ud835\udc12\ud835\udc28\ud835\udc1c\ud835\udc22\ud835\udc1a\ud835\udc25,&nbsp;\ud835\udc12\ud835\udc28\ud835\udc1c\ud835\udc22\ud835\udc28\ud835\udc25\ud835\udc28\ud835\udc20\ud835\udc22\u0301\ud835\udc1a&nbsp;\ud835\udc32&nbsp;\ud835\udc0f\ud835\udc2c\ud835\udc22\ud835\udc1c\ud835\udc28\ud835\udc25\ud835\udc28\ud835\udc20\ud835\udc22\u0301\ud835\udc1a (\ud835\udc05\ud835\udc13\ud835\udc12\ud835\udc12\ud835\udc32\ud835\udc0f)&nbsp;para conmemorar el D\u00eda Internacional de las V\u00edctimas de Desapariciones Forzadas.<\/p>\n\n\n\n<p>Ante la audiencia reunida en el Teatro Universitario, el Rector de la Aut\u00f3noma de Tlaxcala consider\u00f3 que la realidad se construye desde la Universidad y, desde esta Instituci\u00f3n, buscamos construir escenarios educativos que promuevan en los estudiantes valores y una s\u00f3lida formaci\u00f3n para contribuir activamente a transformar la sociedad, fomentando una convivencia m\u00e1s arm\u00f3nica y pac\u00edfica.<\/p>\n\n\n\n<p>Adem\u00e1s, expres\u00f3 que como comunidad universitaria tenemos la responsabilidad de analizar la realidad social con profundidad, comprender sus causas y contribuir activamente en la b\u00fasqueda de soluciones, mismas que deben construirse desde el conocimiento cient\u00edfico, el desarrollo tecnol\u00f3gico y la sabidur\u00eda colectiva. Resalt\u00f3 que en este esfuerzo est\u00e1n todos convocados docentes, estudiantes, investigadores y personal administrativo, porque transformar nuestro entorno es parte esencial de la misi\u00f3n universitaria.<\/p>\n\n\n\n<p>\u00abMe avisas cuando llegues\u00bb, es una obra que visibiliza el dolor y la esperanza de quienes siguen buscando a sus seres queridos en M\u00e9xico, este d\u00eda, en conmemoraci\u00f3n del D\u00eda Internacional de las V\u00edctimas de Desapariciones Forzadas, una fecha que nos llama a mirar de frente una herida que nos atraviesa como sociedad, a no olvidar que detr\u00e1s de cada ausencia hay una historia, un nombre, una esperanza que resiste.<\/p>\n\n\n\n<p>En esta representaci\u00f3n de los estudiantes de la FTSSyP, bajo la direcci\u00f3n de la Maestra Rosal\u00eda Carrillo Mer\u00e1z, se observ\u00f3 el trabajo esc\u00e9nico en el que se promueve la participaci\u00f3n colectiva para dar soluciones a las problem\u00e1ticas que aquejan a la sociedad mexicana.<\/p>\n","protected":false},"excerpt":{"rendered":"<p>\u00fc&nbsp;&nbsp;Una forma de sensibilizar sobre la situaci\u00f3n que enfrentan las v\u00edctimas de desapariciones forzadas Desde la Universidad estamos formando a hombres y mujeres de bien, emp\u00e1ticos con el dolor de las v\u00edctimas de desaparici\u00f3n forzada, subray\u00f3 el Doctor Seraf\u00edn Ortiz Ortiz, Rector de la Universidad Aut\u00f3noma de Tlaxcala (UATx), durante la presentaci\u00f3n de la obra [&hellip;]<\/p>\n","protected":false},"author":1,"featured_media":129669,"comment_status":"open","ping_status":"open","sticky":false,"template":"","format":"standard","meta":{"footnotes":""},"categories":[10],"tags":[],"class_list":["post-129668","post","type-post","status-publish","format-standard","has-post-thumbnail","hentry","category-educacion"],"blog_post_layout_featured_media_urls":{"thumbnail":["https:\/\/diariolanoticia.com.mx\/wp-content\/uploads\/2025\/09\/1-Estreno-FTSSyP-UATx-la-obra-Me-avisas-cuando-llegues-3-216x160.jpg",216,160,true],"full":["https:\/\/diariolanoticia.com.mx\/wp-content\/uploads\/2025\/09\/1-Estreno-FTSSyP-UATx-la-obra-Me-avisas-cuando-llegues-3-scaled.jpg",2560,1707,false]},"categories_names":{"10":{"name":"Educaci\u00f3n","link":"https:\/\/diariolanoticia.com.mx\/?cat=10"}},"tags_names":[],"comments_number":"0","wpmagazine_modules_lite_featured_media_urls":{"thumbnail":["https:\/\/diariolanoticia.com.mx\/wp-content\/uploads\/2025\/09\/1-Estreno-FTSSyP-UATx-la-obra-Me-avisas-cuando-llegues-3-216x160.jpg",216,160,true],"cvmm-medium":["https:\/\/diariolanoticia.com.mx\/wp-content\/uploads\/2025\/09\/1-Estreno-FTSSyP-UATx-la-obra-Me-avisas-cuando-llegues-3-300x300.jpg",300,300,true],"cvmm-medium-plus":["https:\/\/diariolanoticia.com.mx\/wp-content\/uploads\/2025\/09\/1-Estreno-FTSSyP-UATx-la-obra-Me-avisas-cuando-llegues-3-305x207.jpg",305,207,true],"cvmm-portrait":["https:\/\/diariolanoticia.com.mx\/wp-content\/uploads\/2025\/09\/1-Estreno-FTSSyP-UATx-la-obra-Me-avisas-cuando-llegues-3-400x600.jpg",400,600,true],"cvmm-medium-square":["https:\/\/diariolanoticia.com.mx\/wp-content\/uploads\/2025\/09\/1-Estreno-FTSSyP-UATx-la-obra-Me-avisas-cuando-llegues-3-600x600.jpg",600,600,true],"cvmm-large":["https:\/\/diariolanoticia.com.mx\/wp-content\/uploads\/2025\/09\/1-Estreno-FTSSyP-UATx-la-obra-Me-avisas-cuando-llegues-3-1024x1024.jpg",1024,1024,true],"cvmm-small":["https:\/\/diariolanoticia.com.mx\/wp-content\/uploads\/2025\/09\/1-Estreno-FTSSyP-UATx-la-obra-Me-avisas-cuando-llegues-3-130x95.jpg",130,95,true],"full":["https:\/\/diariolanoticia.com.mx\/wp-content\/uploads\/2025\/09\/1-Estreno-FTSSyP-UATx-la-obra-Me-avisas-cuando-llegues-3-scaled.jpg",2560,1707,false]},"_links":{"self":[{"href":"https:\/\/diariolanoticia.com.mx\/index.php?rest_route=\/wp\/v2\/posts\/129668","targetHints":{"allow":["GET"]}}],"collection":[{"href":"https:\/\/diariolanoticia.com.mx\/index.php?rest_route=\/wp\/v2\/posts"}],"about":[{"href":"https:\/\/diariolanoticia.com.mx\/index.php?rest_route=\/wp\/v2\/types\/post"}],"author":[{"embeddable":true,"href":"https:\/\/diariolanoticia.com.mx\/index.php?rest_route=\/wp\/v2\/users\/1"}],"replies":[{"embeddable":true,"href":"https:\/\/diariolanoticia.com.mx\/index.php?rest_route=%2Fwp%2Fv2%2Fcomments&post=129668"}],"version-history":[{"count":1,"href":"https:\/\/diariolanoticia.com.mx\/index.php?rest_route=\/wp\/v2\/posts\/129668\/revisions"}],"predecessor-version":[{"id":129670,"href":"https:\/\/diariolanoticia.com.mx\/index.php?rest_route=\/wp\/v2\/posts\/129668\/revisions\/129670"}],"wp:featuredmedia":[{"embeddable":true,"href":"https:\/\/diariolanoticia.com.mx\/index.php?rest_route=\/wp\/v2\/media\/129669"}],"wp:attachment":[{"href":"https:\/\/diariolanoticia.com.mx\/index.php?rest_route=%2Fwp%2Fv2%2Fmedia&parent=129668"}],"wp:term":[{"taxonomy":"category","embeddable":true,"href":"https:\/\/diariolanoticia.com.mx\/index.php?rest_route=%2Fwp%2Fv2%2Fcategories&post=129668"},{"taxonomy":"post_tag","embeddable":true,"href":"https:\/\/diariolanoticia.com.mx\/index.php?rest_route=%2Fwp%2Fv2%2Ftags&post=129668"}],"curies":[{"name":"wp","href":"https:\/\/api.w.org\/{rel}","templated":true}]}}